{"id":39136,"date":"2026-08-12T08:30:00","date_gmt":"2026-08-12T06:30:00","guid":{"rendered":"https:\/\/euapp01.newsmemory.com\/lamarseillaise\/news\/?p=39136"},"modified":"2026-08-14T08:20:04","modified_gmt":"2026-08-14T06:20:04","slug":"le-soleil-a-encore-rendez-vous-avec-la-lune","status":"publish","type":"post","link":"https:\/\/euapp01.newsmemory.com\/lamarseillaise\/news\/2026\/08\/12\/le-soleil-a-encore-rendez-vous-avec-la-lune\/","title":{"rendered":"Le soleil a encore rendez-vous avec la lune"},"content":{"rendered":"<div class=\"paragraph\">\n<p>Pour regarder l\u2019\u00e9clipse dans les meilleures conditions, munissez-vous de vos lunettes de protection et optez pour un lieu d\u2019observation d\u00e9gag\u00e9 : au Mont Ventoux dans le Vaucluse, \u00e0 la Corniche Kennedy \u00e0 Marseille, au Col Bayard dans les Hautes-Alpes, ou encore au Mont Faron \u00e0 Toulon. Des observations comment\u00e9es par des professionnels sont \u00e9galement organis\u00e9es dans la r\u00e9gion.<\/p>\n<p><b>\u00c0 Marseille<\/b><\/p>\n<p>Au Stade nautique Florence-Arthaud, les observations d\u00e9buteront \u00e0 18h. \u00c0 minuit, le spectacle continuera avec l\u2019observation d\u2019\u00e9toiles filantes de l\u2019essaim des Pers\u00e9ides.<\/p>\n<p><b>\u00c0 Lambesc<\/b><\/p>\n<p>L\u2019Association Les Amis Astronomes Amateurs du Petit Luberon vous donne rendez-vous \u00e0 partir de 18h pour observer l\u2019\u00e9clipse totale du Soleil.<\/p>\n<p><b>\u00c0 Saint-Julien le Montagnier<\/b><\/p>\n<p>La soir\u00e9e d\u2019observation prendra place \u00e0 l\u2019aire des Moulins d\u00e8s 18h Elle sera accompagn\u00e9e d\u2019expositions et de conf\u00e9rences.<\/p>\n<p><b>\u00c0 La Barben<\/b><\/p>\n<p>Les observations encadr\u00e9es par l\u2019Astroclub Barbenais commenceront \u00e0 18h, \u00e0 la salle Alain Ruault.<\/p>\n<p><b>\u00c0 Revest-du-Bion<\/b><\/p>\n<p>Le Syndicat d\u2019Initiatives et le club astronomique <i>Les Yeux au Ciel<\/i>, mettront des t\u00e9lescopes \u00e0 disposition pour observer le ciel.<\/p>\n<\/p><\/div>\n","protected":false},"excerpt":{"rendered":"Pour regarder l&rsquo;&eacute;clipse dans les meilleures conditions, munissez-vous de vos lunettes de protection et optez pour un lieu d&rsquo;observation d&eacute;gag&eacute; : au Mont Ventoux dans le Vaucluse, &agrave; la Corniche Kennedy &agrave; &#8230;","protected":false},"author":1,"featured_media":39137,"comment_status":"open","ping_status":"open","sticky":false,"template":"","format":"standard","meta":{"footnotes":""},"categories":[3926,3925,20],"tags":[4768,4467,10,225,6236,216,38,222,4823,1226,31],"news-destination":[3944],"news-source":[475],"is_homepage":[],"ta_other":[],"class_list":["post-39136","post","type-post","status-publish","format-standard","has-post-thumbnail","hentry","category-accueil-merge","category-accueil-third","category-societe","tag-alpes","tag-alpes-de-haute-provence","tag-bouches-du-rhone","tag-ciel","tag-eclipse","tag-lune","tag-programme","tag-region-sud-paca","tag-solaire","tag-soleil","tag-var","news-destination-homepage","news-source-website"],"_links":{"self":[{"href":"https:\/\/euapp01.newsmemory.com\/lamarseillaise\/news\/wp-json\/wp\/v2\/posts\/39136","targetHints":{"allow":["GET"]}}],"collection":[{"href":"https:\/\/euapp01.newsmemory.com\/lamarseillaise\/news\/wp-json\/wp\/v2\/posts"}],"about":[{"href":"https:\/\/euapp01.newsmemory.com\/lamarseillaise\/news\/wp-json\/wp\/v2\/types\/post"}],"author":[{"embeddable":true,"href":"https:\/\/euapp01.newsmemory.com\/lamarseillaise\/news\/wp-json\/wp\/v2\/users\/1"}],"replies":[{"embeddable":true,"href":"https:\/\/euapp01.newsmemory.com\/lamarseillaise\/news\/wp-json\/wp\/v2\/comments?post=39136"}],"version-history":[{"count":1,"href":"https:\/\/euapp01.newsmemory.com\/lamarseillaise\/news\/wp-json\/wp\/v2\/posts\/39136\/revisions"}],"predecessor-version":[{"id":39138,"href":"https:\/\/euapp01.newsmemory.com\/lamarseillaise\/news\/wp-json\/wp\/v2\/posts\/39136\/revisions\/39138"}],"wp:featuredmedia":[{"embeddable":true,"href":"https:\/\/euapp01.newsmemory.com\/lamarseillaise\/news\/wp-json\/wp\/v2\/media\/39137"}],"wp:attachment":[{"href":"https:\/\/euapp01.newsmemory.com\/lamarseillaise\/news\/wp-json\/wp\/v2\/media?parent=39136"}],"wp:term":[{"taxonomy":"category","embeddable":true,"href":"https:\/\/euapp01.newsmemory.com\/lamarseillaise\/news\/wp-json\/wp\/v2\/categories?post=39136"},{"taxonomy":"post_tag","embeddable":true,"href":"https:\/\/euapp01.newsmemory.com\/lamarseillaise\/news\/wp-json\/wp\/v2\/tags?post=39136"},{"taxonomy":"news-destination","embeddable":true,"href":"https:\/\/euapp01.newsmemory.com\/lamarseillaise\/news\/wp-json\/wp\/v2\/news-destination?post=39136"},{"taxonomy":"news-source","embeddable":true,"href":"https:\/\/euapp01.newsmemory.com\/lamarseillaise\/news\/wp-json\/wp\/v2\/news-source?post=39136"},{"taxonomy":"is_homepage","embeddable":true,"href":"https:\/\/euapp01.newsmemory.com\/lamarseillaise\/news\/wp-json\/wp\/v2\/is_homepage?post=39136"},{"taxonomy":"ta_other","embeddable":true,"href":"https:\/\/euapp01.newsmemory.com\/lamarseillaise\/news\/wp-json\/wp\/v2\/ta_other?post=39136"}],"curies":[{"name":"wp","href":"https:\/\/api.w.org\/{rel}","templated":true}]}}