{"id":39133,"date":"2026-08-12T08:18:00","date_gmt":"2026-08-12T06:18:00","guid":{"rendered":"https:\/\/euapp01.newsmemory.com\/lamarseillaise\/news\/?p=39133"},"modified":"2026-08-19T08:25:07","modified_gmt":"2026-08-19T06:25:07","slug":"entretien-guillaume-hebrard-cnrs-cest-impressionnant-de-voir-la-nuit-tomber-en-plein-jour","status":"publish","type":"post","link":"https:\/\/euapp01.newsmemory.com\/lamarseillaise\/news\/2026\/08\/12\/entretien-guillaume-hebrard-cnrs-cest-impressionnant-de-voir-la-nuit-tomber-en-plein-jour\/","title":{"rendered":"[Entretien] Guillaume H\u00e9brard, CNRS : \u00ab&nbsp;C\u2019est impressionnant de voir la nuit tomber en plein jour&nbsp;\u00bb"},"content":{"rendered":"<div class=\"paragraph\">\n<p>La Marseillaise : <b>Comment fonctionne le ph\u00e9nom\u00e8ne des \u00e9clipses<\/b><b>\u00a0<\/b><b>?<\/b><\/p>\n<p>Guillaume H\u00e9brard\u00a0: Il y a deux types d\u2019\u00e9clipses\u00a0: les \u00e9clipses de Soleil et les \u00e9clipses de Lune. Par une co\u00efncidence extraordinaire, la Lune est 400\u00a0fois plus petite que le Soleil et est \u00e9galement 400\u00a0fois plus proche. Donc, dans le ciel, le Soleil et la Lune ont des tailles apparentes. Les \u00e9clipses de Soleil sont les plus impressionnantes. Elles se produisent quand la Lune passe exactement entre le Soleil et la Terre et masque alors le Soleil du point de vue de la Terre. C\u2019est ce qui va se passer ce 12\u00a0ao\u00fbt. Une \u00e9clipse de Lune se produit quand la Terre se trouve pile entre la Lune et le Soleil, l\u2019ombre de la Terre se projette alors sur la Lune. Les \u00e9clipses de Soleil et de Lune se produisent \u00e0 peu pr\u00e8s au m\u00eame moment\u00a0: apr\u00e8s l\u2019\u00e9clipse de Soleil le 12\u00a0ao\u00fbt, on aura une \u00e9clipse de Lune le 28\u00a0ao\u00fbt au matin, entre 4h30 et 7h.<\/p>\n<p><b>L\u2019\u00e9clipse solaire du 12<\/b><b>\u00a0<\/b><b>ao\u00fbt est pr\u00e9sent\u00e9e comme la plus marquante depuis<\/b><b>\u00a0<\/b><b>1999. Qu\u2019est-ce qui la rend si particuli\u00e8re<\/b><b>\u00a0<\/b><b>?<\/b><\/p>\n<p>G.H.\u00a0: Les \u00e9clipses de Lune sont observables depuis beaucoup de r\u00e9gions sur Terre, tandis que les \u00e9clipses de Soleil ne sont observables que sur un endroit restreint, parce que l\u2019ombre projet\u00e9e de la Lune sur la Terre est seulement de quelques centaines de kilom\u00e8tres. Ainsi, \u00e0 un endroit donn\u00e9 sur Terre, ce genre d\u2019\u00e9clipse est rare. L\u2019\u00e9clipse du 12\u00a0ao\u00fbt ne sera totale que dans quelques r\u00e9gions\u00a0: au Groenland, en Islande et en Espagne. Des \u00e9clipses de Lune et de Soleil, il y en a tous les six mois, mais en France m\u00e9tropolitaine pr\u00e9cis\u00e9ment, la derni\u00e8re \u00e9clipse totale \u00e9tait en\u00a01999 et la prochaine sera en 2081.<\/p>\n<p><b>Comment observer l\u2019\u00e9clipse de ce mercredi soir<\/b><b>\u00a0<\/b><b>?<\/b><\/p>\n<p>G.H.\u00a0: Personnellement, j\u2019irais l\u2019observer en Espagne. L\u2019\u00e9clipse du 12\u00a0ao\u00fbt en Provence ne sera pas totale mais, avec 96% du Soleil masqu\u00e9, \u00e7a restera tr\u00e8s impressionnant. Le Soleil se couchera encore partiellement \u00e9clips\u00e9, donc pour l\u2019observer, il faut que le ciel soit d\u00e9gag\u00e9 au niveau de l\u2019horizon ouest. Observer l\u2019\u00e9clipse directement \u00e0 l\u2019\u0153il nu, c\u2019est tr\u00e8s dangereux. Le Soleil n\u2019est pas plus dangereux pendant une \u00e9clipse, mais on est plus tent\u00e9 de le regarder directement. Pour se prot\u00e9ger les yeux, il existe des lunettes d\u2019\u00e9clipses, on en trouve un peu partout, pour un ou deux euros.<\/p>\n<p><b>Les \u00e9clipses ont-elles, aujourd\u2019hui encore, un int\u00e9r\u00eat scientifique important<\/b><b>\u00a0<\/b><b>?<\/b><\/p>\n<p>G.H. : Les \u00e9clipses ont beaucoup \u00e9t\u00e9 utilis\u00e9es dans le pass\u00e9 pour mesurer les distances dans le Syst\u00e8me solaire. Maintenant, elles sont moins importantes en termes de recherche mais il reste plein d\u2019int\u00e9r\u00eats scientifiques. Notamment l\u2019\u00e9tude de l\u2019environnement tr\u00e8s proche du Soleil\u00a0: la chromosph\u00e8re. On l\u2019a d\u00e9couverte pendant les \u00e9clipses, et on ne pouvait l\u2019observer que pendant celles-ci. Maintenant, on arrive \u00e0 faire des \u00e9clipses artificielles avec un instrument invent\u00e9 par l\u2019astronome fran\u00e7ais Bernard Lyot, il y a un si\u00e8cle\u00a0: un coronographe. \u00c7a consiste \u00e0 mettre un disque dans le t\u00e9lescope, juste devant la position du Soleil. Par ailleurs, avec l\u2019Observatoire de Haute-Provence, pendant une \u00e9clipse de Lune, on a observ\u00e9 la lumi\u00e8re du Soleil qui se r\u00e9fl\u00e9chissait sur la Lune apr\u00e8s qu\u2019elle ait travers\u00e9 l\u2019atmosph\u00e8re de la Terre. Cela nous a permis d\u2019\u00e9tudier l\u2019atmosph\u00e8re de la Terre. \u00c7a sert dans mon domaine d\u2019\u00e9tude, o\u00f9 on utilise la m\u00eame m\u00e9thode pour \u00e9tudier l\u2019atmosph\u00e8re des plan\u00e8tes extrasolaires, mais avec une \u00e9toile diff\u00e9rente du Soleil.<\/p>\n<p><b>Qu\u2019est-ce qui vous int\u00e9resse personnellement dans le ph\u00e9nom\u00e8ne des \u00e9clipses<\/b><b>\u00a0<\/b><b>?<\/b><\/p>\n<p>G.H.\u00a0: C\u2019est impressionnant de voir la nuit tomber en plein jour. Une \u00e9clipse, c\u2019est un ph\u00e9nom\u00e8ne astronomique mais aussi historique et soci\u00e9tal\u00a0: \u00e7a me pla\u00eet beaucoup que des millions de personnes partagent, au m\u00eame moment, un ph\u00e9nom\u00e8ne naturel et astronomique qui est si beau. Aussi, les \u00e9clipses ont longtemps effray\u00e9 avant d\u2019\u00eatre comprises. Alors, je trouve qu\u2019elles illustrent bien la d\u00e9marche scientifique, qui est de comprendre la nature qui nous entoure. Qu\u2019elle n\u2019est pas r\u00e9gie par le hasard mais poss\u00e8de des lois physiques et naturelles qui nous sont accessibles.<\/p>\n<p><b>Entretien r\u00e9alis\u00e9 par Andr\u00e9a Goyard de Castro <\/b><\/p>\n<\/p><\/div>\n","protected":false},"excerpt":{"rendered":"La Marseillaise : Comment fonctionne le ph&eacute;nom&egrave;ne des &eacute;clipses&nbsp;?","protected":false},"author":1,"featured_media":39134,"comment_status":"open","ping_status":"open","sticky":false,"template":"","format":"standard","meta":{"footnotes":""},"categories":[3926,3925,20],"tags":[4768,4467,3444,1687,225,2482,6236,343,1220,216,571,895,1592,416,420,1226,6218,383],"news-destination":[3944],"news-source":[475],"is_homepage":[],"ta_other":[],"class_list":["post-39133","post","type-post","status-publish","format-standard","has-post-thumbnail","hentry","category-accueil-merge","category-accueil-third","category-societe","tag-alpes","tag-alpes-de-haute-provence","tag-astrophysique","tag-chercheurs","tag-ciel","tag-cnrs","tag-eclipse","tag-entretien","tag-espagne","tag-lune","tag-paris","tag-provence","tag-recherche","tag-recherche-scientifique","tag-scientifique","tag-soleil","tag-systeme-solaire","tag-terre","news-destination-homepage","news-source-website"],"_links":{"self":[{"href":"https:\/\/euapp01.newsmemory.com\/lamarseillaise\/news\/wp-json\/wp\/v2\/posts\/39133","targetHints":{"allow":["GET"]}}],"collection":[{"href":"https:\/\/euapp01.newsmemory.com\/lamarseillaise\/news\/wp-json\/wp\/v2\/posts"}],"about":[{"href":"https:\/\/euapp01.newsmemory.com\/lamarseillaise\/news\/wp-json\/wp\/v2\/types\/post"}],"author":[{"embeddable":true,"href":"https:\/\/euapp01.newsmemory.com\/lamarseillaise\/news\/wp-json\/wp\/v2\/users\/1"}],"replies":[{"embeddable":true,"href":"https:\/\/euapp01.newsmemory.com\/lamarseillaise\/news\/wp-json\/wp\/v2\/comments?post=39133"}],"version-history":[{"count":1,"href":"https:\/\/euapp01.newsmemory.com\/lamarseillaise\/news\/wp-json\/wp\/v2\/posts\/39133\/revisions"}],"predecessor-version":[{"id":39135,"href":"https:\/\/euapp01.newsmemory.com\/lamarseillaise\/news\/wp-json\/wp\/v2\/posts\/39133\/revisions\/39135"}],"wp:featuredmedia":[{"embeddable":true,"href":"https:\/\/euapp01.newsmemory.com\/lamarseillaise\/news\/wp-json\/wp\/v2\/media\/39134"}],"wp:attachment":[{"href":"https:\/\/euapp01.newsmemory.com\/lamarseillaise\/news\/wp-json\/wp\/v2\/media?parent=39133"}],"wp:term":[{"taxonomy":"category","embeddable":true,"href":"https:\/\/euapp01.newsmemory.com\/lamarseillaise\/news\/wp-json\/wp\/v2\/categories?post=39133"},{"taxonomy":"post_tag","embeddable":true,"href":"https:\/\/euapp01.newsmemory.com\/lamarseillaise\/news\/wp-json\/wp\/v2\/tags?post=39133"},{"taxonomy":"news-destination","embeddable":true,"href":"https:\/\/euapp01.newsmemory.com\/lamarseillaise\/news\/wp-json\/wp\/v2\/news-destination?post=39133"},{"taxonomy":"news-source","embeddable":true,"href":"https:\/\/euapp01.newsmemory.com\/lamarseillaise\/news\/wp-json\/wp\/v2\/news-source?post=39133"},{"taxonomy":"is_homepage","embeddable":true,"href":"https:\/\/euapp01.newsmemory.com\/lamarseillaise\/news\/wp-json\/wp\/v2\/is_homepage?post=39133"},{"taxonomy":"ta_other","embeddable":true,"href":"https:\/\/euapp01.newsmemory.com\/lamarseillaise\/news\/wp-json\/wp\/v2\/ta_other?post=39133"}],"curies":[{"name":"wp","href":"https:\/\/api.w.org\/{rel}","templated":true}]}}