{"id":39130,"date":"2026-08-12T08:23:00","date_gmt":"2026-08-12T06:23:00","guid":{"rendered":"https:\/\/euapp01.newsmemory.com\/lamarseillaise\/news\/?p=39130"},"modified":"2026-08-19T09:44:01","modified_gmt":"2026-08-19T07:44:01","slug":"cest-lete-visite-ludique-dune-ferme-marseillaise","status":"publish","type":"post","link":"https:\/\/euapp01.newsmemory.com\/lamarseillaise\/news\/2026\/08\/12\/cest-lete-visite-ludique-dune-ferme-marseillaise\/","title":{"rendered":"[C\u2019est l\u2019\u00e9t\u00e9] Visite ludique d\u2019une ferme marseillaise"},"content":{"rendered":"<div class=\"paragraph\">\n<p>Tous les mercredis, samedis et lundis, en fin de journ\u00e9e, la ferme p\u00e9dagogique du Roy d\u2019Espagne, dans le 9<sup>e<\/sup>\u00a0arrondissement de Marseille, organise un march\u00e9 durant lequel le site est ouvert au public. Il est possible de visiter la ferme gratuitement en famille et le site est accessible aux personnes en fauteuil roulant.<\/p>\n<p>Enfants et parents peuvent rencontrer les animaux de la ferme\u00a0: poules, brebis, ch\u00e8vres, oies, canards, et les \u00e2nes. Il est \u00e9galement possible de d\u00e9couvrir le jardin et le rucher p\u00e9dagogique. Au march\u00e9 sont en vente la production des champs, des \u0153ufs et des produits d\u2019agriculteurs locaux.<\/p>\n<p>La ferme organise \u00e9galement des s\u00e9jours de deux \u00e0 cinq jours pour les enfants. Le but\u00a0: leur faire d\u00e9couvrir la vie de la ferme en prenant soin des plantes et des animaux. Les inscriptions se font lors de certains march\u00e9s, les informations sont communiqu\u00e9es sur la page Facebook de la ferme.<\/p>\n<p><b>Gabrielle Cartellier<\/b><\/p>\n<\/p><\/div>\n","protected":false},"excerpt":{"rendered":"Tous les mercredis, samedis et lundis, en fin de journ&eacute;e, la ferme p&eacute;dagogique du Roy d&rsquo;Espagne, dans le 9e&nbsp;arrondissement de Marseille, organise un march&eacute; durant lequel le site est ouvert au public. Il est possible &#8230;","protected":false},"author":1,"featured_media":39131,"comment_status":"open","ping_status":"open","sticky":false,"template":"","format":"standard","meta":{"footnotes":""},"categories":[3926,3925,20],"tags":[5223,450,447,182,2809,10,6085,57,754,6241,1083,2324,16,5958,978,1126,2775,61],"news-destination":[3944],"news-source":[475],"is_homepage":[],"ta_other":[],"class_list":["post-39130","post","type-post","status-publish","format-standard","has-post-thumbnail","hentry","category-accueil-merge","category-accueil-third","category-societe","tag-abeilles","tag-agriculteurs","tag-agriculture","tag-animaux","tag-apiculture","tag-bouches-du-rhone","tag-cest-lete","tag-enfants","tag-familles","tag-ferme-urbaine","tag-gratuit","tag-jardin","tag-marseille","tag-marseille-9e-arrondissement","tag-parents","tag-pedagogique","tag-produits-locaux","tag-visite","news-destination-homepage","news-source-website"],"_links":{"self":[{"href":"https:\/\/euapp01.newsmemory.com\/lamarseillaise\/news\/wp-json\/wp\/v2\/posts\/39130","targetHints":{"allow":["GET"]}}],"collection":[{"href":"https:\/\/euapp01.newsmemory.com\/lamarseillaise\/news\/wp-json\/wp\/v2\/posts"}],"about":[{"href":"https:\/\/euapp01.newsmemory.com\/lamarseillaise\/news\/wp-json\/wp\/v2\/types\/post"}],"author":[{"embeddable":true,"href":"https:\/\/euapp01.newsmemory.com\/lamarseillaise\/news\/wp-json\/wp\/v2\/users\/1"}],"replies":[{"embeddable":true,"href":"https:\/\/euapp01.newsmemory.com\/lamarseillaise\/news\/wp-json\/wp\/v2\/comments?post=39130"}],"version-history":[{"count":1,"href":"https:\/\/euapp01.newsmemory.com\/lamarseillaise\/news\/wp-json\/wp\/v2\/posts\/39130\/revisions"}],"predecessor-version":[{"id":39132,"href":"https:\/\/euapp01.newsmemory.com\/lamarseillaise\/news\/wp-json\/wp\/v2\/posts\/39130\/revisions\/39132"}],"wp:featuredmedia":[{"embeddable":true,"href":"https:\/\/euapp01.newsmemory.com\/lamarseillaise\/news\/wp-json\/wp\/v2\/media\/39131"}],"wp:attachment":[{"href":"https:\/\/euapp01.newsmemory.com\/lamarseillaise\/news\/wp-json\/wp\/v2\/media?parent=39130"}],"wp:term":[{"taxonomy":"category","embeddable":true,"href":"https:\/\/euapp01.newsmemory.com\/lamarseillaise\/news\/wp-json\/wp\/v2\/categories?post=39130"},{"taxonomy":"post_tag","embeddable":true,"href":"https:\/\/euapp01.newsmemory.com\/lamarseillaise\/news\/wp-json\/wp\/v2\/tags?post=39130"},{"taxonomy":"news-destination","embeddable":true,"href":"https:\/\/euapp01.newsmemory.com\/lamarseillaise\/news\/wp-json\/wp\/v2\/news-destination?post=39130"},{"taxonomy":"news-source","embeddable":true,"href":"https:\/\/euapp01.newsmemory.com\/lamarseillaise\/news\/wp-json\/wp\/v2\/news-source?post=39130"},{"taxonomy":"is_homepage","embeddable":true,"href":"https:\/\/euapp01.newsmemory.com\/lamarseillaise\/news\/wp-json\/wp\/v2\/is_homepage?post=39130"},{"taxonomy":"ta_other","embeddable":true,"href":"https:\/\/euapp01.newsmemory.com\/lamarseillaise\/news\/wp-json\/wp\/v2\/ta_other?post=39130"}],"curies":[{"name":"wp","href":"https:\/\/api.w.org\/{rel}","templated":true}]}}