{"id":39127,"date":"2026-08-12T08:01:00","date_gmt":"2026-08-12T06:01:00","guid":{"rendered":"https:\/\/euapp01.newsmemory.com\/lamarseillaise\/news\/?p=39127"},"modified":"2026-08-19T08:15:09","modified_gmt":"2026-08-19T06:15:09","slug":"reorganisation-a-tecelys-et-au-grand-avignon","status":"publish","type":"post","link":"https:\/\/euapp01.newsmemory.com\/lamarseillaise\/news\/2026\/08\/12\/reorganisation-a-tecelys-et-au-grand-avignon\/","title":{"rendered":"R\u00e9organisation \u00e0 Tecelys et au Grand Avignon"},"content":{"rendered":"<div class=\"paragraph\">\n<p>Le Grand Avignon a lanc\u00e9 un march\u00e9 public pour restructurer ses soci\u00e9t\u00e9s d\u2019am\u00e9nagement. Et envisager une fusion entre la SPL Tecelys et la SPL Grand Avignon Am\u00e9nagement.<\/p>\n<p>Est concern\u00e9e la partie am\u00e9nagement urbain de la SPL Tecelys, qui concerne 10\u00a0emplois \u00e0 temps plein. Et donc non pas Orizo, l\u2019exploitant du r\u00e9seau de transport en commun du Grand Avignon. Dans le cahier des clauses techniques particuli\u00e8res dont l\u2019objet est \u00ab\u00a0une mission d\u2019assistance \u00e0 ma\u00eetrise d\u2019ouvrage accompagnement pour la restructuration des SPL Tecelys et Grand Avignon Am\u00e9nagement\u00a0\u00bb, que <i>La<\/i><i>\u00a0<\/i><i>Marseillaise<\/i> a pu consulter, la communaut\u00e9 de communes souhaite \u00ab\u00a0r<i>enforcer le contr\u00f4le analogue, la gouvernance et la performance des outils publics loca<\/i><i>ux, de la recherche d\u2019une meilleure coh\u00e9rence entre les politiques publiques de mobilit\u00e9, d\u2019am\u00e9nagement, de gestion de l\u2019espace public et de transition \u00e9nerg\u00e9tique, ainsi que de la rationalisation des moyens humains, financiers et organisationnels<\/i>\u00a0\u00bb. Soit de mieux piloter les projets, plus directement, avec plus d\u2019efficacit\u00e9, notamment avec diverses missions qui se \u00ab\u00a0<i>chevauchent<\/i>\u00a0\u00bb. Une mission qui fait notamment suite \u00e0 des observations de la Chambre r\u00e9gionale des comptes.<\/p>\n<\/p><\/div>\n<div class=\"intext\"> Fusion ou non\n              <\/div>\n<div class=\"paragraph\">\n<p>Plusieurs sc\u00e9narios sont envisag\u00e9s. La fusion-absorption de l\u2019une des SPL par l\u2019autre donc. Mais aussi le maintien des deux structures \u00ab\u00a0<i>avec renforcement de la gouvernance, du contr\u00f4le analogue et du reporting<\/i>\u00a0\u00bb. Ou encore des variantes, qui peuvent inclure un \u00ab\u00a0<i>rapprochement fonctionnel<\/i>\u00a0\u00bb, un \u00ab\u00a0<i>groupement de moyens<\/i>\u00a0\u00bb, ou\u00a0encore une \u00ab\u00a0<i>mutualisation progressive ou sp\u00e9cialisation des p\u00e9rim\u00e8tres<\/i>\u00a0\u00bb.<\/p>\n<p>Le titulaire de la mission aura entre 9\u00a0et 11\u00a0mois pour rendre son rapport qui aidera donc les \u00e9lus \u00e0 prendre une d\u00e9cision sur le futur de ces structures.<\/p>\n<\/p><\/div>\n","protected":false},"excerpt":{"rendered":"Le Grand Avignon a lanc&eacute; un march&eacute; public pour restructurer ses soci&eacute;t&eacute;s d&rsquo;am&eacute;nagement. Et envisager une fusion entre la SPL Tecelys et la SPL Grand Avignon Am&eacute;nagement.","protected":false},"author":1,"featured_media":39128,"comment_status":"open","ping_status":"open","sticky":false,"template":"","format":"standard","meta":{"footnotes":""},"categories":[3926,3925,338,20],"tags":[964,174,591,487,2210,666,818,171],"news-destination":[3944],"news-source":[475],"is_homepage":[],"ta_other":[],"class_list":["post-39127","post","type-post","status-publish","format-standard","has-post-thumbnail","hentry","category-accueil-merge","category-accueil-third","category-economie","category-societe","tag-accompagnement","tag-avignon","tag-chambre-regionale-des-comptes","tag-gouvernance","tag-transition-energetique","tag-transports","tag-transports-en-commun","tag-vaucluse","news-destination-homepage","news-source-website"],"_links":{"self":[{"href":"https:\/\/euapp01.newsmemory.com\/lamarseillaise\/news\/wp-json\/wp\/v2\/posts\/39127","targetHints":{"allow":["GET"]}}],"collection":[{"href":"https:\/\/euapp01.newsmemory.com\/lamarseillaise\/news\/wp-json\/wp\/v2\/posts"}],"about":[{"href":"https:\/\/euapp01.newsmemory.com\/lamarseillaise\/news\/wp-json\/wp\/v2\/types\/post"}],"author":[{"embeddable":true,"href":"https:\/\/euapp01.newsmemory.com\/lamarseillaise\/news\/wp-json\/wp\/v2\/users\/1"}],"replies":[{"embeddable":true,"href":"https:\/\/euapp01.newsmemory.com\/lamarseillaise\/news\/wp-json\/wp\/v2\/comments?post=39127"}],"version-history":[{"count":1,"href":"https:\/\/euapp01.newsmemory.com\/lamarseillaise\/news\/wp-json\/wp\/v2\/posts\/39127\/revisions"}],"predecessor-version":[{"id":39129,"href":"https:\/\/euapp01.newsmemory.com\/lamarseillaise\/news\/wp-json\/wp\/v2\/posts\/39127\/revisions\/39129"}],"wp:featuredmedia":[{"embeddable":true,"href":"https:\/\/euapp01.newsmemory.com\/lamarseillaise\/news\/wp-json\/wp\/v2\/media\/39128"}],"wp:attachment":[{"href":"https:\/\/euapp01.newsmemory.com\/lamarseillaise\/news\/wp-json\/wp\/v2\/media?parent=39127"}],"wp:term":[{"taxonomy":"category","embeddable":true,"href":"https:\/\/euapp01.newsmemory.com\/lamarseillaise\/news\/wp-json\/wp\/v2\/categories?post=39127"},{"taxonomy":"post_tag","embeddable":true,"href":"https:\/\/euapp01.newsmemory.com\/lamarseillaise\/news\/wp-json\/wp\/v2\/tags?post=39127"},{"taxonomy":"news-destination","embeddable":true,"href":"https:\/\/euapp01.newsmemory.com\/lamarseillaise\/news\/wp-json\/wp\/v2\/news-destination?post=39127"},{"taxonomy":"news-source","embeddable":true,"href":"https:\/\/euapp01.newsmemory.com\/lamarseillaise\/news\/wp-json\/wp\/v2\/news-source?post=39127"},{"taxonomy":"is_homepage","embeddable":true,"href":"https:\/\/euapp01.newsmemory.com\/lamarseillaise\/news\/wp-json\/wp\/v2\/is_homepage?post=39127"},{"taxonomy":"ta_other","embeddable":true,"href":"https:\/\/euapp01.newsmemory.com\/lamarseillaise\/news\/wp-json\/wp\/v2\/ta_other?post=39127"}],"curies":[{"name":"wp","href":"https:\/\/api.w.org\/{rel}","templated":true}]}}