{"id":39124,"date":"2026-08-12T08:07:00","date_gmt":"2026-08-12T06:07:00","guid":{"rendered":"https:\/\/euapp01.newsmemory.com\/lamarseillaise\/news\/?p=39124"},"modified":"2026-08-19T08:25:07","modified_gmt":"2026-08-19T06:25:07","slug":"ameliorer-lacces-aux-soins-pour-les-detenus","status":"publish","type":"post","link":"https:\/\/euapp01.newsmemory.com\/lamarseillaise\/news\/2026\/08\/12\/ameliorer-lacces-aux-soins-pour-les-detenus\/","title":{"rendered":"Am\u00e9liorer l\u2019acc\u00e8s aux soins pour les d\u00e9tenus"},"content":{"rendered":"<div class=\"paragraph\">\n<p>En visite au centre de d\u00e9tention de Tarascon, Guillaume Piney, directeur interr\u00e9gional des services p\u00e9nitentiaires (DISP) et Yann Bubien, directeur g\u00e9n\u00e9ral de l\u2019Agence r\u00e9gionale de sant\u00e9 (ARS) Provence-Alpes-C\u00f4te d\u2019Azur ont sign\u00e9 jeudi 6\u00a0ao\u00fbt une feuille de route conjointe, \u00ab\u00a0<i>destin\u00e9e \u00e0 renforcer l\u2019acc\u00e8s aux soins et la qualit\u00e9 de la prise en charge des personnes d\u00e9tenues dans les \u00e9tablissements p\u00e9nitentiaires de la r\u00e9gion<\/i>\u00a0\u00bb indiquent ARS et DISP dans un communiqu\u00e9 ce mardi 11\u00a0ao\u00fbt.<\/p>\n<p>Le but affich\u00e9\u00a0: \u00ab\u00a0<i>garantir un acc\u00e8s \u00e9quitable aux soins, assurer la continuit\u00e9 de son parcours de sant\u00e9 et proposer une prise en charge adapt\u00e9e aux besoins sp\u00e9cifiques des personnes plac\u00e9es sous-main de justice<\/i>\u00a0\u00bb.<\/p>\n<p>Si aucun d\u00e9tail chiffr\u00e9 n\u2019est donn\u00e9, les deux institutions promettent le \u00ab\u00a0<i>renforcement de l\u2019offre de soins<\/i>\u00a0\u00bb avec le \u00ab\u00a0<i>d\u00e9ploiement de la t\u00e9l\u00e9consultation et de la t\u00e9l\u00e9m\u00e9decine<\/i>\u00a0\u00bb et de nouvelles prises en charge dans certaines unit\u00e9s sanitaires, comme la dialyse.<\/p>\n<\/p><\/div>\n<div class=\"intext\"> Plus de t\u00e9l\u00e9m\u00e9decine\n              <\/div>\n<div class=\"paragraph\">\n<p>ARS et DISP souhaitent aussi \u00ab\u00a0<i>am\u00e9liorer les parcours de soins afin d\u2019\u00e9viter les ruptures de prise en charge<\/i>\u00a0\u00bb. Pour ce faire, les protocoles associant \u00e9tablissements p\u00e9nitentiaires, hospitaliers et ARS seront \u00ab\u00a0<i>actualis\u00e9s<\/i>\u00a0\u00bb par le biais d\u2019une \u00ab\u00a0<i>meilleure organisation des extractions m\u00e9dicales &#8211; afin de r\u00e9duire les annulations et les retards de soins qui en d\u00e9coulent<\/i><i>\u00a0<\/i><i>&#8211; ainsi que par un renforcement de la coordination entre professionnels de sant\u00e9 et personnels p\u00e9nitentiaires<\/i>\u00a0\u00bb.<\/p>\n<p>Autre priorit\u00e9 de cette feuille de route\u00a0: faciliter l\u2019intervention m\u00e9dicale en d\u00e9tention en dehors des horaires habituels de consultation, des partenariats restant \u00e0 nouer avec les acteurs de m\u00e9decine de ville, pour que les m\u00e9decins interviennent en soir\u00e9e et le week-end. Au-del\u00e0 des moyens d\u00e9ploy\u00e9s, aucun d\u00e9lai n\u2019est non plus clairement \u00e9tabli. En attendant, les conditions de d\u00e9tention se d\u00e9t\u00e9riorent au point que le suicide est sept fois plus fr\u00e9quent en prison qu\u2019en milieu libre note l\u2019institut national d\u2019\u00e9tudes d\u00e9mographiques.<\/p>\n<\/p><\/div>\n","protected":false},"excerpt":{"rendered":"En visite au centre de d&eacute;tention de Tarascon, Guillaume Piney, directeur interr&eacute;gional des services p&eacute;nitentiaires (DISP) et Yann Bubien, directeur g&eacute;n&eacute;ral de l&rsquo;Agence r&eacute;gionale de sant&eacute; (ARS) &#8230;","protected":false},"author":1,"featured_media":39125,"comment_status":"open","ping_status":"open","sticky":false,"template":"","format":"standard","meta":{"footnotes":""},"categories":[3926,3925,20],"tags":[3078,3376,4214,1129,2578,517,73,258,292,2471,1031,222,256,924,988,1766],"news-destination":[3944],"news-source":[475],"is_homepage":[],"ta_other":[],"class_list":["post-39124","post","type-post","status-publish","format-standard","has-post-thumbnail","hentry","category-accueil-merge","category-accueil-third","category-societe","tag-administration","tag-agence-regionale-de-sante","tag-aphm","tag-ars","tag-detenus","tag-institutions","tag-international","tag-medecine","tag-medecins","tag-prise-en-charge","tag-prison","tag-region-sud-paca","tag-sante","tag-suicide","tag-week-end","tag-yann-bubien","news-destination-homepage","news-source-website"],"_links":{"self":[{"href":"https:\/\/euapp01.newsmemory.com\/lamarseillaise\/news\/wp-json\/wp\/v2\/posts\/39124","targetHints":{"allow":["GET"]}}],"collection":[{"href":"https:\/\/euapp01.newsmemory.com\/lamarseillaise\/news\/wp-json\/wp\/v2\/posts"}],"about":[{"href":"https:\/\/euapp01.newsmemory.com\/lamarseillaise\/news\/wp-json\/wp\/v2\/types\/post"}],"author":[{"embeddable":true,"href":"https:\/\/euapp01.newsmemory.com\/lamarseillaise\/news\/wp-json\/wp\/v2\/users\/1"}],"replies":[{"embeddable":true,"href":"https:\/\/euapp01.newsmemory.com\/lamarseillaise\/news\/wp-json\/wp\/v2\/comments?post=39124"}],"version-history":[{"count":1,"href":"https:\/\/euapp01.newsmemory.com\/lamarseillaise\/news\/wp-json\/wp\/v2\/posts\/39124\/revisions"}],"predecessor-version":[{"id":39126,"href":"https:\/\/euapp01.newsmemory.com\/lamarseillaise\/news\/wp-json\/wp\/v2\/posts\/39124\/revisions\/39126"}],"wp:featuredmedia":[{"embeddable":true,"href":"https:\/\/euapp01.newsmemory.com\/lamarseillaise\/news\/wp-json\/wp\/v2\/media\/39125"}],"wp:attachment":[{"href":"https:\/\/euapp01.newsmemory.com\/lamarseillaise\/news\/wp-json\/wp\/v2\/media?parent=39124"}],"wp:term":[{"taxonomy":"category","embeddable":true,"href":"https:\/\/euapp01.newsmemory.com\/lamarseillaise\/news\/wp-json\/wp\/v2\/categories?post=39124"},{"taxonomy":"post_tag","embeddable":true,"href":"https:\/\/euapp01.newsmemory.com\/lamarseillaise\/news\/wp-json\/wp\/v2\/tags?post=39124"},{"taxonomy":"news-destination","embeddable":true,"href":"https:\/\/euapp01.newsmemory.com\/lamarseillaise\/news\/wp-json\/wp\/v2\/news-destination?post=39124"},{"taxonomy":"news-source","embeddable":true,"href":"https:\/\/euapp01.newsmemory.com\/lamarseillaise\/news\/wp-json\/wp\/v2\/news-source?post=39124"},{"taxonomy":"is_homepage","embeddable":true,"href":"https:\/\/euapp01.newsmemory.com\/lamarseillaise\/news\/wp-json\/wp\/v2\/is_homepage?post=39124"},{"taxonomy":"ta_other","embeddable":true,"href":"https:\/\/euapp01.newsmemory.com\/lamarseillaise\/news\/wp-json\/wp\/v2\/ta_other?post=39124"}],"curies":[{"name":"wp","href":"https:\/\/api.w.org\/{rel}","templated":true}]}}