{"id":39121,"date":"2026-08-12T07:39:00","date_gmt":"2026-08-12T05:39:00","guid":{"rendered":"https:\/\/euapp01.newsmemory.com\/lamarseillaise\/news\/?p=39121"},"modified":"2026-08-12T10:21:10","modified_gmt":"2026-08-12T08:21:10","slug":"gianni-infantino-toujours-fragilise-a-la-tete-de-la-fifa","status":"publish","type":"post","link":"https:\/\/euapp01.newsmemory.com\/lamarseillaise\/news\/2026\/08\/12\/gianni-infantino-toujours-fragilise-a-la-tete-de-la-fifa\/","title":{"rendered":"Gianni Infantino toujours fragilis\u00e9 \u00e0 la t\u00eate de la FIFA"},"content":{"rendered":"<div class=\"paragraph\">\n<p>D\u00e9but de la fin ou simples secousses pour Gianni Infantino\u00a0? Depuis son id\u00e9e, au mieux atypique, de vendre la Coupe du monde au plus offrant, le pr\u00e9sident de la FIFA subit la fronde de plusieurs f\u00e9d\u00e9rations continentales. L\u2019UEFA (Europe), l\u2019AFC (Asie) et la Concacaf (Am\u00e9rique centrale et du Nord) ont publi\u00e9 une lettre ouverte, ce lundi matin, pour s\u2019opposer au big boss du football mondial. Le boycott de la prochaine Coupe du monde est toujours sur la table et les trois conf\u00e9d\u00e9rations se battent pour que l\u2019homme de 56\u00a0ans retire sa candidature pour un nouveau mandat \u00e0 la t\u00eate de l\u2019entit\u00e9. L\u2019\u00e9lection aura lieu en mars prochain et le Suisse est, \u00e0 l\u2019heure actuelle, le seul candidat.<\/p>\n<p>Ce pacte est d\u2019autant plus inqui\u00e9tant pour Infantino que ces trois f\u00e9d\u00e9rations p\u00e8sent lourd au niveau mondial. M\u00eame s\u2019il y a quelques frondeurs (Qatar et Mexique en t\u00eate), UEFA, AFC et Concacaf rassemblent 136\u00a0f\u00e9d\u00e9s sur les 211\u00a0affili\u00e9es \u00e0 la FIFA. Suffisant pour faire tomber le pr\u00e9sident, \u00e9lu 10\u00a0ans en arri\u00e8re, \u00e0 la fin de l\u2019hiver. Dans cette lettre conjointement publi\u00e9e, les associations fustigent\u00a0: \u00ab\u00a0<i>Il ne s\u2019agit pas davantage de revenir sur l\u2019\u00e9largissement des comp\u00e9titions, l\u2019attribution des Coupes du monde ou toute autre d\u00e9cision prise collectivement. Ces d\u00e9cisions doivent \u00eatre maintenues. Il s\u2019agit de quelque chose de bien plus fondamental<\/i>\u00a0<i>: l\u2019int\u00e9grit\u00e9 du football et l\u2019int\u00e9grit\u00e9 de ceux qui ont \u00e9t\u00e9 \u00e9lus pour le diriger<\/i>, appuient les pr\u00e9sidents Ceferin, Montagliani et le cheikh Salman. <i>La direction du football n\u2019est pas une possession. Lorsque cette confiance est bris\u00e9e par la tromperie, lorsqu\u2019un individu se place au-dessus du collectif qui lui a confi\u00e9 son autorit\u00e9, ce devoir a \u00e9t\u00e9 abandonn\u00e9<\/i>\u00a0\u00bb.<i><\/i><\/p>\n<p>Fragilis\u00e9, l\u2019ancien secr\u00e9taire g\u00e9n\u00e9ral de l\u2019UEFA affiche toujours sa s\u00e9r\u00e9nit\u00e9 en public. Mais jusqu\u2019\u00e0 quand\u00a0?<\/p>\n<\/p><\/div>\n","protected":false},"excerpt":{"rendered":"D&eacute;but de la fin ou simples secousses pour Gianni Infantino&nbsp;? Depuis son id&eacute;e, au mieux atypique, de vendre la Coupe du monde au plus offrant, le pr&eacute;sident de la FIFA subit la fronde de plusieurs f&eacute;d&eacute;rations &#8230;","protected":false},"author":1,"featured_media":39122,"comment_status":"open","ping_status":"open","sticky":false,"template":"","format":"standard","meta":{"footnotes":""},"categories":[7],"tags":[5818,13,967,5893,5456],"news-destination":[],"news-source":[475],"is_homepage":[],"ta_other":[],"class_list":["post-39121","post","type-post","status-publish","format-standard","has-post-thumbnail","hentry","category-sports","tag-fifa","tag-football","tag-suisse","tag-uefa","tag-zurich","news-source-website"],"_links":{"self":[{"href":"https:\/\/euapp01.newsmemory.com\/lamarseillaise\/news\/wp-json\/wp\/v2\/posts\/39121","targetHints":{"allow":["GET"]}}],"collection":[{"href":"https:\/\/euapp01.newsmemory.com\/lamarseillaise\/news\/wp-json\/wp\/v2\/posts"}],"about":[{"href":"https:\/\/euapp01.newsmemory.com\/lamarseillaise\/news\/wp-json\/wp\/v2\/types\/post"}],"author":[{"embeddable":true,"href":"https:\/\/euapp01.newsmemory.com\/lamarseillaise\/news\/wp-json\/wp\/v2\/users\/1"}],"replies":[{"embeddable":true,"href":"https:\/\/euapp01.newsmemory.com\/lamarseillaise\/news\/wp-json\/wp\/v2\/comments?post=39121"}],"version-history":[{"count":1,"href":"https:\/\/euapp01.newsmemory.com\/lamarseillaise\/news\/wp-json\/wp\/v2\/posts\/39121\/revisions"}],"predecessor-version":[{"id":39123,"href":"https:\/\/euapp01.newsmemory.com\/lamarseillaise\/news\/wp-json\/wp\/v2\/posts\/39121\/revisions\/39123"}],"wp:featuredmedia":[{"embeddable":true,"href":"https:\/\/euapp01.newsmemory.com\/lamarseillaise\/news\/wp-json\/wp\/v2\/media\/39122"}],"wp:attachment":[{"href":"https:\/\/euapp01.newsmemory.com\/lamarseillaise\/news\/wp-json\/wp\/v2\/media?parent=39121"}],"wp:term":[{"taxonomy":"category","embeddable":true,"href":"https:\/\/euapp01.newsmemory.com\/lamarseillaise\/news\/wp-json\/wp\/v2\/categories?post=39121"},{"taxonomy":"post_tag","embeddable":true,"href":"https:\/\/euapp01.newsmemory.com\/lamarseillaise\/news\/wp-json\/wp\/v2\/tags?post=39121"},{"taxonomy":"news-destination","embeddable":true,"href":"https:\/\/euapp01.newsmemory.com\/lamarseillaise\/news\/wp-json\/wp\/v2\/news-destination?post=39121"},{"taxonomy":"news-source","embeddable":true,"href":"https:\/\/euapp01.newsmemory.com\/lamarseillaise\/news\/wp-json\/wp\/v2\/news-source?post=39121"},{"taxonomy":"is_homepage","embeddable":true,"href":"https:\/\/euapp01.newsmemory.com\/lamarseillaise\/news\/wp-json\/wp\/v2\/is_homepage?post=39121"},{"taxonomy":"ta_other","embeddable":true,"href":"https:\/\/euapp01.newsmemory.com\/lamarseillaise\/news\/wp-json\/wp\/v2\/ta_other?post=39121"}],"curies":[{"name":"wp","href":"https:\/\/api.w.org\/{rel}","templated":true}]}}