{"id":39118,"date":"2026-08-12T07:52:00","date_gmt":"2026-08-12T05:52:00","guid":{"rendered":"https:\/\/euapp01.newsmemory.com\/lamarseillaise\/news\/?p=39118"},"modified":"2026-08-12T10:21:10","modified_gmt":"2026-08-12T08:21:10","slug":"lolassonn-djouhan-verra-la-finale-wilkes-lespere-aussi","status":"publish","type":"post","link":"https:\/\/euapp01.newsmemory.com\/lamarseillaise\/news\/2026\/08\/12\/lolassonn-djouhan-verra-la-finale-wilkes-lespere-aussi\/","title":{"rendered":"Lolassonn Djouhan verra la finale, Wilkes l\u2019esp\u00e8re aussi"},"content":{"rendered":"<div class=\"paragraph\">\n<p>La France et m\u00eame les Bouches-du-Rh\u00f4ne seront repr\u00e9sent\u00e9s lors de la finale du lancer du disque des championnats d\u2019Europe d\u2019athl\u00e9tisme. Lolassonn Djouhan, 35\u00a0ans d\u00e9sormais, a r\u00e9ussi \u00e0 s\u2019extirper des qualifications ressemblant fortement \u00e0 un bourbier.<\/p>\n<p>\u00ab\u00a0Enfin\u00a0!\u00a0\u00bb a d\u00fb se dire Lolassonn Djouhan apr\u00e8s la qualification du lancer du disque. Le discobole licenci\u00e9 \u00e0 Martigues avait but\u00e9 \u00e0 ce stade de la comp\u00e9tition lors des derniers \u00e9v\u00e9nements internationaux et voulait briser cette mal\u00e9diction. Peu en confort avec ces \u00e9preuves souvent disput\u00e9es le matin, \u00ab\u00a0<i>trop t\u00f4t pour pouvoir r\u00e9veiller le corps d\u2019un lanceur<\/i>\u00a0\u00bb, nous avait-il dit la semaine pass\u00e9e. Cette fois, il a \u00e9galement trembl\u00e9 mais a assur\u00e9 sa place en finale avec un dernier jet \u00e0 63m10 et la 2<sup>e<\/sup>\u00a0place du groupe de qualifications\u00a0A. Seul l\u2019ancien champion du monde su\u00e9dois Daniel Stahl est all\u00e9 plus loin dans la matin\u00e9e de mardi.<\/p>\n<p>\u00ab\u00a0<i>J\u2019esp\u00e9rais que tout se passe bien et gr\u00e2ce \u00e0 Dieu, \u00e7\u2019a \u00e9t\u00e9 le cas. Il fallait \u00eatre combatif jusqu\u2019au bout et surtout je voudrais dire merci \u00e0 ma coach et toute l\u2019\u00e9quipe autour de moi. C\u2019est la premi\u00e8re fois que j\u2019arrive dans un concours serein, \u00e0 t\u00eate repos\u00e9 donc \u00e7a donne de belles choses<\/i>\u00a0\u00bb, a-t-il t\u00e9moign\u00e9 au micro de <i>France T\u00e9l\u00e9visions<\/i>. L\u2019homme semblait apais\u00e9, sur son petit nuage et a m\u00eame eu l\u2019opportunit\u00e9 de saluer son fils, Jules. Apr\u00e8s son dernier lancer, il a serr\u00e9 les poings et lev\u00e9 les bras, satisfait d\u2019enfin passer ce cap important. Tout est possible lors d\u2019une finale, o\u00f9 il faut entrer dans le top\u00a08 pour obtenir six essais.<\/p>\n<p>Pour cette \u00e9dition\u00a02026 des championnats d\u2019Europe, la finale du lancer du disque se dispute non pas le lendemain, mais deux jours apr\u00e8s les qualifications. Le natif de Montargis jouera les m\u00e9dailles, ce jeudi, \u00e0 partir de 21h45. Ce sera seulement 16\u00a0minutes apr\u00e8s le d\u00e9part de la finale du 3\u00a0000\u00a0m steeple f\u00e9minin. La jeune Vauclusienne Clara Entresangle, 21\u00a0ans, en sera, tout comme deux autres Fran\u00e7aises\u00a0: la championne d\u2019Europe en titre Alice Finot et Flavie Renouard.<\/p>\n<\/p><\/div>\n<div class=\"intext\"> Wilkes, prochain proven\u00e7al en piste\n              <\/div>\n<div class=\"paragraph\">\n<p>Entresangle s\u2019est fait peur lors du premier tour avec une chute en franchissant une rivi\u00e8re. Le rythme moyennement \u00e9lev\u00e9 lui a permis de recoller directement au groupe de t\u00eate et de terminer dans les 8\u00a0premi\u00e8res places (5<sup>e<\/sup>), synonyme de qualification.<\/p>\n<p>Ce mercredi, c\u2019est un autre membre du Martigues Sport Athl\u00e9tisme qui entre en piste. Thomas Wilkes d\u00e9bute directement en demi-finales, \u00e9tant top\u00a012 europ\u00e9en sur sa discipline de pr\u00e9dilection, le 110\u00a0m haies. Sa premi\u00e8re aventure avec l\u2019\u00e9quipe de France \u00e9lites, \u00e0 tout juste 22\u00a0ans, se lancera \u00e0 20h55, heure fran\u00e7aise. Avant une potentielle finale \u00e0 22h47, clou de la 3<sup>e<\/sup>\u00a0soir\u00e9e du rendez-vous en terres anglaises.<\/p>\n<\/p><\/div>\n","protected":false},"excerpt":{"rendered":"La France et m&ecirc;me les Bouches-du-Rh&ocirc;ne seront repr&eacute;sent&eacute;s lors de la finale du lancer du disque des championnats d&rsquo;Europe d&rsquo;athl&eacute;tisme. Lolassonn Djouhan, 35&nbsp;ans d&eacute;sormais, a r&eacute;ussi &#8230;","protected":false},"author":1,"featured_media":39119,"comment_status":"open","ping_status":"open","sticky":false,"template":"","format":"standard","meta":{"footnotes":""},"categories":[7],"tags":[4549,1987,10,1162,598,63],"news-destination":[],"news-source":[475],"is_homepage":[],"ta_other":[],"class_list":["post-39118","post","type-post","status-publish","format-standard","has-post-thumbnail","hentry","category-sports","tag-angleterre","tag-athletisme","tag-bouches-du-rhone","tag-championnats","tag-europe","tag-martigues","news-source-website"],"_links":{"self":[{"href":"https:\/\/euapp01.newsmemory.com\/lamarseillaise\/news\/wp-json\/wp\/v2\/posts\/39118","targetHints":{"allow":["GET"]}}],"collection":[{"href":"https:\/\/euapp01.newsmemory.com\/lamarseillaise\/news\/wp-json\/wp\/v2\/posts"}],"about":[{"href":"https:\/\/euapp01.newsmemory.com\/lamarseillaise\/news\/wp-json\/wp\/v2\/types\/post"}],"author":[{"embeddable":true,"href":"https:\/\/euapp01.newsmemory.com\/lamarseillaise\/news\/wp-json\/wp\/v2\/users\/1"}],"replies":[{"embeddable":true,"href":"https:\/\/euapp01.newsmemory.com\/lamarseillaise\/news\/wp-json\/wp\/v2\/comments?post=39118"}],"version-history":[{"count":1,"href":"https:\/\/euapp01.newsmemory.com\/lamarseillaise\/news\/wp-json\/wp\/v2\/posts\/39118\/revisions"}],"predecessor-version":[{"id":39120,"href":"https:\/\/euapp01.newsmemory.com\/lamarseillaise\/news\/wp-json\/wp\/v2\/posts\/39118\/revisions\/39120"}],"wp:featuredmedia":[{"embeddable":true,"href":"https:\/\/euapp01.newsmemory.com\/lamarseillaise\/news\/wp-json\/wp\/v2\/media\/39119"}],"wp:attachment":[{"href":"https:\/\/euapp01.newsmemory.com\/lamarseillaise\/news\/wp-json\/wp\/v2\/media?parent=39118"}],"wp:term":[{"taxonomy":"category","embeddable":true,"href":"https:\/\/euapp01.newsmemory.com\/lamarseillaise\/news\/wp-json\/wp\/v2\/categories?post=39118"},{"taxonomy":"post_tag","embeddable":true,"href":"https:\/\/euapp01.newsmemory.com\/lamarseillaise\/news\/wp-json\/wp\/v2\/tags?post=39118"},{"taxonomy":"news-destination","embeddable":true,"href":"https:\/\/euapp01.newsmemory.com\/lamarseillaise\/news\/wp-json\/wp\/v2\/news-destination?post=39118"},{"taxonomy":"news-source","embeddable":true,"href":"https:\/\/euapp01.newsmemory.com\/lamarseillaise\/news\/wp-json\/wp\/v2\/news-source?post=39118"},{"taxonomy":"is_homepage","embeddable":true,"href":"https:\/\/euapp01.newsmemory.com\/lamarseillaise\/news\/wp-json\/wp\/v2\/is_homepage?post=39118"},{"taxonomy":"ta_other","embeddable":true,"href":"https:\/\/euapp01.newsmemory.com\/lamarseillaise\/news\/wp-json\/wp\/v2\/ta_other?post=39118"}],"curies":[{"name":"wp","href":"https:\/\/api.w.org\/{rel}","templated":true}]}}