{"id":39115,"date":"2026-08-12T07:37:00","date_gmt":"2026-08-12T05:37:00","guid":{"rendered":"https:\/\/euapp01.newsmemory.com\/lamarseillaise\/news\/?p=39115"},"modified":"2026-08-12T10:21:10","modified_gmt":"2026-08-12T08:21:10","slug":"entretien-magicqueen-on-est-tres-heureux-de-participer-a-cette-tournee-dete","status":"publish","type":"post","link":"https:\/\/euapp01.newsmemory.com\/lamarseillaise\/news\/2026\/08\/12\/entretien-magicqueen-on-est-tres-heureux-de-participer-a-cette-tournee-dete\/","title":{"rendered":"[Entretien] MagicQueen, \u00abOn est tr\u00e8s heureux de participer \u00e0 cette Tourn\u00e9e d\u2019\u00e9t\u00e9\u00bb"},"content":{"rendered":"<div class=\"paragraph\">\n<p>Le groupe, pr\u00e9sent depuis cinq ans dans le Sud de la France, interpr\u00e9tera mercredi des chansons de Queen, groupe de rock anglais des ann\u00e9es\u00a01970 emmen\u00e9 par son embl\u00e9matique chanteur Freddie Mercury. Un programme prometteur pour l\u2019avant-derni\u00e8re soir\u00e9e de la Tourn\u00e9e d\u2019\u00e9t\u00e9 <i>La<\/i><i>\u00a0<\/i><i>Marseillaise<\/i> avant une derni\u00e8re date le vendredi 28\u00a0ao\u00fbt au parc de Font Obscure, avenue Prosper M\u00e9rim\u00e9e dans le 14<sup>e<\/sup>\u00a0arrondissement \u00e0 Marseille.<\/p>\n<p>La Marseillaise\u00a0:<b> Quel show allez-vous pr\u00e9senter<\/b><b>\u00a0<\/b><b>?<\/b><\/p>\n<p>Lesly Mantei\u00a0: C\u2019est un hommage enti\u00e8rement d\u00e9di\u00e9 au groupe Queen qui dure 1h45. On s\u2019est inspir\u00e9 des concerts live, mais on essaie de rendre un hommage propre et subtil au groupe. Durant ce concert, on va interpr\u00e9ter tous les grands tubes de Queen : \u00abI Want To Break Free\u00bb, \u00abA Kind of Magic\u00bb, \u00abBohemian Rhapsody\u00bb, \u00abWe Are The Champions\u00bb.<\/p>\n<p><b>Comment avez-vous connu le groupe Queen<\/b><b>\u00a0<\/b><b>?<\/b><\/p>\n<p>L.M.\u00a0: Je les ai connus quand j\u2019\u00e9tais enfant, gr\u00e2ce \u00e0 mon p\u00e8re. Il m\u2019a montr\u00e9 le concert de Wembley en\u00a01986, c\u2019\u00e9tait l\u2019un de ses derniers concerts avant que Freddie Mercury ne meure en\u00a01991. Je n\u2019arr\u00eatais pas de me dire\u00a0: \u00ab\u00a0<i>Qu\u2019est-ce que c\u2019est que \u00e7a<\/i><i>\u00a0<\/i><i>?<\/i>\u00a0\u00bb \u00c7a m\u2019a estomaqu\u00e9, depuis, je suis rest\u00e9 fan.<\/p>\n<p><b>Est-ce qu\u2019il y a une musique que vous pr\u00e9f\u00e9rez interpr\u00e9ter<\/b><b>\u00a0<\/b><b>?<\/b><\/p>\n<p>L.M.\u00a0: \u00ab Bohemian Rhapsody \u00bb, parce qu\u2019on a fait en sorte que tout soit en live. On a vraiment travaill\u00e9 pour avoir une identit\u00e9 musicale assez marqu\u00e9e. On chante tous les cinq, on a arrang\u00e9 les voix, on a boss\u00e9 sur beaucoup de morceaux, mais celui-l\u00e0 plus que les autres. Et personnellement, c\u2019est la premi\u00e8re que j\u2019ai essay\u00e9 de chanter quand j\u2019\u00e9tais plus jeune.<\/p>\n<p><b>Q<\/b><b>u\u2019est-ce qui vous a motiv\u00e9 \u00e0 participer \u00e0 la tourn\u00e9e d\u2019\u00e9t\u00e9 de La<\/b><b>\u00a0<\/b><b>Marseillaise<\/b><b>\u00a0<\/b><b>?<\/b><\/p>\n<p>L.M.\u00a0: On est tous du Sud de la France, entre Toulon et Marseille. Pour nous, c\u2019\u00e9tait important de chanter dans notre r\u00e9gion. Le sonorisateur connaissait <i>La<\/i><i>\u00a0<\/i><i>Marseillaise<\/i>, on a appris que c\u2019\u00e9tait une sacr\u00e9e sc\u00e8ne. On est tr\u00e8s heureux de participer \u00e0 cette tourn\u00e9e.<\/p>\n<p><b>Est-ce qu\u2019interpr\u00e9ter des chansons de Queen permet de tisser un lien particulier avec le public<\/b><b>\u00a0<\/b><b>?<\/b><\/p>\n<p>L.M.\u00a0: Le groupe aurait eu plus de 70\u00a0ans aujourd\u2019hui. Mais gr\u00e2ce au film qui a permis de faire conna\u00eetre Queen aux plus jeunes, les chansons continuent de toucher toutes les g\u00e9n\u00e9rations. Quand on fait un concert, c\u2019est toujours agr\u00e9able de constater qu\u2019on arrive \u00e0 rassembler des gens de tous \u00e2ges.<\/p>\n<p><b>Propos recueillis par Gabrielle Cartellier<\/b><\/p>\n<p><b><\/b><\/p>\n<p><i>Tourn\u00e9e d\u2019\u00e9t\u00e9 La<\/i><i>\u00a0<\/i><i>Marseillaise \u00e0 Martigues, quai Jean Verandy, <\/i><i>le mercredi 12<\/i><i>\u00a0<\/i><i>ao\u00fbt, <\/i><i>\u00e0 partir de 20h30.<\/i><\/p>\n<\/p><\/div>\n","protected":false},"excerpt":{"rendered":"Le groupe, pr&eacute;sent depuis cinq ans dans le Sud de la France, interpr&eacute;tera mercredi des chansons de Queen, groupe de rock anglais des ann&eacute;es&nbsp;1970 emmen&eacute; par son embl&eacute;matique chanteur Freddie Mercury. Un &#8230;","protected":false},"author":1,"featured_media":39116,"comment_status":"open","ping_status":"open","sticky":false,"template":"","format":"standard","meta":{"footnotes":""},"categories":[32],"tags":[10,6085,4372,400,6156,343,1140,59,126,63,325,86,1258,2230,1041,1279],"news-destination":[],"news-source":[475],"is_homepage":[],"ta_other":[],"class_list":["post-39115","post","type-post","status-publish","format-standard","has-post-thumbnail","hentry","category-culture","tag-bouches-du-rhone","tag-cest-lete","tag-chanteur","tag-concerts","tag-dj","tag-entretien","tag-groupe","tag-jeunes","tag-la-marseillaise","tag-martigues","tag-musique","tag-region","tag-rock","tag-scene","tag-sud","tag-tournee-dete-la-marseillaise","news-source-website"],"_links":{"self":[{"href":"https:\/\/euapp01.newsmemory.com\/lamarseillaise\/news\/wp-json\/wp\/v2\/posts\/39115","targetHints":{"allow":["GET"]}}],"collection":[{"href":"https:\/\/euapp01.newsmemory.com\/lamarseillaise\/news\/wp-json\/wp\/v2\/posts"}],"about":[{"href":"https:\/\/euapp01.newsmemory.com\/lamarseillaise\/news\/wp-json\/wp\/v2\/types\/post"}],"author":[{"embeddable":true,"href":"https:\/\/euapp01.newsmemory.com\/lamarseillaise\/news\/wp-json\/wp\/v2\/users\/1"}],"replies":[{"embeddable":true,"href":"https:\/\/euapp01.newsmemory.com\/lamarseillaise\/news\/wp-json\/wp\/v2\/comments?post=39115"}],"version-history":[{"count":1,"href":"https:\/\/euapp01.newsmemory.com\/lamarseillaise\/news\/wp-json\/wp\/v2\/posts\/39115\/revisions"}],"predecessor-version":[{"id":39117,"href":"https:\/\/euapp01.newsmemory.com\/lamarseillaise\/news\/wp-json\/wp\/v2\/posts\/39115\/revisions\/39117"}],"wp:featuredmedia":[{"embeddable":true,"href":"https:\/\/euapp01.newsmemory.com\/lamarseillaise\/news\/wp-json\/wp\/v2\/media\/39116"}],"wp:attachment":[{"href":"https:\/\/euapp01.newsmemory.com\/lamarseillaise\/news\/wp-json\/wp\/v2\/media?parent=39115"}],"wp:term":[{"taxonomy":"category","embeddable":true,"href":"https:\/\/euapp01.newsmemory.com\/lamarseillaise\/news\/wp-json\/wp\/v2\/categories?post=39115"},{"taxonomy":"post_tag","embeddable":true,"href":"https:\/\/euapp01.newsmemory.com\/lamarseillaise\/news\/wp-json\/wp\/v2\/tags?post=39115"},{"taxonomy":"news-destination","embeddable":true,"href":"https:\/\/euapp01.newsmemory.com\/lamarseillaise\/news\/wp-json\/wp\/v2\/news-destination?post=39115"},{"taxonomy":"news-source","embeddable":true,"href":"https:\/\/euapp01.newsmemory.com\/lamarseillaise\/news\/wp-json\/wp\/v2\/news-source?post=39115"},{"taxonomy":"is_homepage","embeddable":true,"href":"https:\/\/euapp01.newsmemory.com\/lamarseillaise\/news\/wp-json\/wp\/v2\/is_homepage?post=39115"},{"taxonomy":"ta_other","embeddable":true,"href":"https:\/\/euapp01.newsmemory.com\/lamarseillaise\/news\/wp-json\/wp\/v2\/ta_other?post=39115"}],"curies":[{"name":"wp","href":"https:\/\/api.w.org\/{rel}","templated":true}]}}