{"id":39109,"date":"2026-08-12T07:16:00","date_gmt":"2026-08-12T05:16:00","guid":{"rendered":"https:\/\/euapp01.newsmemory.com\/lamarseillaise\/news\/?p=39109"},"modified":"2026-08-19T08:15:09","modified_gmt":"2026-08-19T06:15:09","slug":"a-oraison-lehpad-sequipe-face-a-la-canicule","status":"publish","type":"post","link":"https:\/\/euapp01.newsmemory.com\/lamarseillaise\/news\/2026\/08\/12\/a-oraison-lehpad-sequipe-face-a-la-canicule\/","title":{"rendered":"\u00c0 Oraison, l\u2019Ehpad s\u2019\u00e9quipe face \u00e0 la canicule"},"content":{"rendered":"<div class=\"paragraph\">\n<p>\u00ab <i>B<\/i><i>eaucoup de r\u00e9sidents sont seuls, isol\u00e9s, n\u2019ont pas de famille. Beaucoup disent que leurs enfants les ont mis \u00e0 l\u2019Ehpad pour \u00eatre tranquilles<\/i><i>\u00a0<\/i>\u00bb. Ada Knol, retrait\u00e9e n\u00e9erlandaise install\u00e9e \u00e0 Puimichel depuis 36\u00a0ans, donne de son temps pour faire du b\u00e9n\u00e9volat et passer du temps aupr\u00e8s des r\u00e9sidents de l\u2019Ehpad public d\u2019Oraison. \u00ab\u00a0<i>Certains perdent la m\u00e9moire. Le personnel n\u2019a pas le temps de discuter avec eux. \u00catre l\u00e0, poser sa main sur leur bras, leur sourire, \u00e7a fait d\u00e9j\u00e0 tellement de choses, c\u2019est tr\u00e8s important<\/i><i>\u00a0<\/i><i>!<\/i><i>\u00a0<\/i>\u00bb, insiste la b\u00e9n\u00e9vole. \u00ab\u00a0<i>Il y en a qui me disent<\/i><i>\u00a0<\/i><i>: &#8220;je dois rester ici jusqu\u2019\u00e0 ma mort, alors \u00e0 quoi \u00e7a sert la vie<\/i><i>\u00a0<\/i><i>?&#8221;<\/i><i>\u00a0<\/i>\u00bb.Cet isolement est d\u2019autant plus accentu\u00e9 par la p\u00e9riode de canicule, pendant laquelle les r\u00e9sidents ne peuvent que tr\u00e8s peu sortir. \u00ab\u00a0<i>C\u2019est encore plus difficile pour eux avec la canicule, ils souffrent plus, avec la fatigue, la d\u00e9shydratation<\/i><i>\u00a0<\/i>\u00bb, constate Ada Knol.<\/p>\n<p>Face \u00e0 la vague de canicule pr\u00e9coce, l\u2019Agence r\u00e9gionale de sant\u00e9 (ARS) a d\u00e9bloqu\u00e9 des budgets pour acheter des climatiseurs, que l\u2019Ehpad a pu disposer dans ses couloirs. Les chambres, elles, restent non climatis\u00e9es. \u00ab\u00a0<i>Il fait chaud dans les chambres qui n\u2019ont pas la clim. On vient plus r\u00e9guli\u00e8rement, on est plus vigilants pendant les p\u00e9riodes de forte chaleur<\/i><i>\u00a0<\/i>\u00bb, explique Audrey Llopis, qui vient tous les jours rendre visite \u00e0 son p\u00e8re, atteint d\u2019une maladie neurod\u00e9g\u00e9n\u00e9rative.<\/p>\n<p>Pour faire face \u00e0 la chaleur \u00e9crasante, l\u2019\u00e9tablissement public a mis en place une proc\u00e9dure stricte\u00a0: \u00ab\u00a0<i>on barricade, on ferme les volets d\u00e8s qu\u2019on peut<\/i><i>\u00a0<\/i>\u00bb, t\u00e9moigne Amandine Bourjac, aide-soignante. \u00ab\u00a0<i>Avec l\u2019\u00e2ge, les r\u00e9sidents perdent la sensation de soif, alors on met en place des tours d\u2019hydratation toutes les deux heures<\/i><i>\u00a0<\/i>\u00bb, explique-t-elle. \u00ab\u00a0<i>On a adapt\u00e9 les go\u00fbters<\/i>\u00a0<i>: toute l\u2019ann\u00e9e, ils ont des g\u00e2teaux secs. L\u00e0, on leur donne des glaces et des fruits<\/i><i>\u00a0<\/i>\u00bb, ajoute Myl\u00e8ne Goudet Ramirez, cadre de sant\u00e9. Le personnel surveille les r\u00e9sidents de pr\u00e8s pour s\u2019assurer qu\u2019ils s\u2019hydratent. \u00ab\u00a0<i>On essaie de le prendre \u00e0 temps<\/i>\u00a0<i>: si on a quelqu\u2019un qui ne boit pas, qui est fatigu\u00e9 dans son lit, on va le perfuser et le lendemain, \u00e7a va mieux<\/i><i>\u00a0<\/i>\u00bb, explique Margot Mansuy, infirmi\u00e8re.<\/p>\n<\/p><\/div>\n<div class=\"intext\"> Rompre l\u2019isolement\n              <\/div>\n<div class=\"paragraph\">\n<p>Pour pallier l\u2019isolement des r\u00e9sidents sans famille, l\u2019Ehpad a deux animatrices d\u00e9di\u00e9es, une coordinatrice de la vie sociale et des b\u00e9n\u00e9voles, d\u00e9taille la cadre de sant\u00e9. L\u2019\u00e9tablissement accueille \u00e9galement des jeunes en service civique dont la mission est de rompre l\u2019isolement. Des cr\u00e9neaux de visio sont aussi mis en place pour permettre aux r\u00e9sidents de rester en contact avec des proches \u00e9loign\u00e9s. Une aide-soignante d\u00e9di\u00e9e prend en charge les troubles anxieux. \u00ab\u00a0<i>Mes cinq enfants voulaient me prendre chez eux, mais je ne voulais pas \u00eatre un poids pour eux<\/i><i>\u00a0<\/i>\u00bb, t\u00e9moigne Yvette Robert, r\u00e9sidente aux Tilleuls. Son voisin, Jos\u00e9 Flores, orphelin espagnol, a quitt\u00e9 son pays pour fuir le franquisme, apr\u00e8s le d\u00e9c\u00e8s de son p\u00e8re \u00e0 la guerre, qu\u2019il n\u2019a pas connu. \u00ab\u00a0<i>J\u2019ai \u00e9t\u00e9 hospitalis\u00e9e \u00e0 Marseille apr\u00e8s une chute, puis mon fils, m\u00e9decin \u00e0 Manosque, m\u2019a rapproch\u00e9e ici<\/i><i>\u00a0<\/i>\u00bb, raconte Juliette Khatchian. Son fils l\u2019appelle trois fois par jour pour v\u00e9rifier qu\u2019elle va bien. \u00ab\u00a0<i>On est bien, mais on n\u2019est plus chez nous. Si j\u2019avais la possibilit\u00e9, je serais rest\u00e9e chez moi jusqu\u2019\u00e0 la mort, comme mes parents<\/i><i>\u00a0<\/i>\u00bb, regrette Juliette Khatchian.<\/p>\n<p>L\u2019Ehpad compte une centaine d\u2019agents, 80\u00a0r\u00e9sidents, et fait aussi de la prise en charge \u00e0 domicile. \u00ab\u00a0<i>L\u2019\u00e9t\u00e9, on signale les r\u00e9sidents aux mairies, les CCAS mettent en place des choses. Ils peuvent enfoncer la porte si on n\u2019a plus de nouvelles<\/i><i>\u00a0<\/i>\u00bb, explique Myl\u00e8ne Goudet Ramirez. \u00ab\u00a0<i>On manque d\u2019argent<\/i>\u00a0\u00bb pour avoir suffisamment de renforts pendant l\u2019\u00e9t\u00e9, regrette la cadre de sant\u00e9. \u00ab\u00a0<i>On est en d\u00e9ficit, on n\u2019a pas l\u2019argent \u00e0 la hauteur de notre mission. On fait ce qu\u2019on peut avec les moyens qu\u2019on a<\/i>\u00a0\u00bb d\u00e9plore-t-elle.<\/p>\n<\/p><\/div>\n","protected":false},"excerpt":{"rendered":"&laquo; Beaucoup de r&eacute;sidents sont seuls, isol&eacute;s, n&rsquo;ont pas de famille. Beaucoup disent que leurs enfants les ont mis &agrave; l&rsquo;Ehpad pour &ecirc;tre tranquilles&nbsp;&raquo;. Ada Knol, retrait&eacute;e n&eacute;erlandaise &#8230;","protected":false},"author":1,"featured_media":39110,"comment_status":"open","ping_status":"open","sticky":false,"template":"","format":"standard","meta":{"footnotes":""},"categories":[3926,3925,20],"tags":[4768,4467,1129,430,372,373,1428,1886,26,6240,1529,1767,1943,256,51],"news-destination":[3944],"news-source":[475],"is_homepage":[],"ta_other":[],"class_list":["post-39109","post","type-post","status-publish","format-standard","has-post-thumbnail","hentry","category-accueil-merge","category-accueil-third","category-societe","tag-alpes","tag-alpes-de-haute-provence","tag-ars","tag-budget","tag-canicule","tag-chaleur","tag-climatisation","tag-ehpad","tag-environnement","tag-hydratation","tag-infirmiers","tag-isolement","tag-personnes-agees","tag-sante","tag-societe","news-destination-homepage","news-source-website"],"_links":{"self":[{"href":"https:\/\/euapp01.newsmemory.com\/lamarseillaise\/news\/wp-json\/wp\/v2\/posts\/39109","targetHints":{"allow":["GET"]}}],"collection":[{"href":"https:\/\/euapp01.newsmemory.com\/lamarseillaise\/news\/wp-json\/wp\/v2\/posts"}],"about":[{"href":"https:\/\/euapp01.newsmemory.com\/lamarseillaise\/news\/wp-json\/wp\/v2\/types\/post"}],"author":[{"embeddable":true,"href":"https:\/\/euapp01.newsmemory.com\/lamarseillaise\/news\/wp-json\/wp\/v2\/users\/1"}],"replies":[{"embeddable":true,"href":"https:\/\/euapp01.newsmemory.com\/lamarseillaise\/news\/wp-json\/wp\/v2\/comments?post=39109"}],"version-history":[{"count":1,"href":"https:\/\/euapp01.newsmemory.com\/lamarseillaise\/news\/wp-json\/wp\/v2\/posts\/39109\/revisions"}],"predecessor-version":[{"id":39111,"href":"https:\/\/euapp01.newsmemory.com\/lamarseillaise\/news\/wp-json\/wp\/v2\/posts\/39109\/revisions\/39111"}],"wp:featuredmedia":[{"embeddable":true,"href":"https:\/\/euapp01.newsmemory.com\/lamarseillaise\/news\/wp-json\/wp\/v2\/media\/39110"}],"wp:attachment":[{"href":"https:\/\/euapp01.newsmemory.com\/lamarseillaise\/news\/wp-json\/wp\/v2\/media?parent=39109"}],"wp:term":[{"taxonomy":"category","embeddable":true,"href":"https:\/\/euapp01.newsmemory.com\/lamarseillaise\/news\/wp-json\/wp\/v2\/categories?post=39109"},{"taxonomy":"post_tag","embeddable":true,"href":"https:\/\/euapp01.newsmemory.com\/lamarseillaise\/news\/wp-json\/wp\/v2\/tags?post=39109"},{"taxonomy":"news-destination","embeddable":true,"href":"https:\/\/euapp01.newsmemory.com\/lamarseillaise\/news\/wp-json\/wp\/v2\/news-destination?post=39109"},{"taxonomy":"news-source","embeddable":true,"href":"https:\/\/euapp01.newsmemory.com\/lamarseillaise\/news\/wp-json\/wp\/v2\/news-source?post=39109"},{"taxonomy":"is_homepage","embeddable":true,"href":"https:\/\/euapp01.newsmemory.com\/lamarseillaise\/news\/wp-json\/wp\/v2\/is_homepage?post=39109"},{"taxonomy":"ta_other","embeddable":true,"href":"https:\/\/euapp01.newsmemory.com\/lamarseillaise\/news\/wp-json\/wp\/v2\/ta_other?post=39109"}],"curies":[{"name":"wp","href":"https:\/\/api.w.org\/{rel}","templated":true}]}}