{"id":39106,"date":"2026-08-12T07:10:00","date_gmt":"2026-08-12T05:10:00","guid":{"rendered":"https:\/\/euapp01.newsmemory.com\/lamarseillaise\/news\/?p=39106"},"modified":"2026-08-19T08:00:06","modified_gmt":"2026-08-19T06:00:06","slug":"entretien-serge-lhotellier-le-logement-social-est-un-atout","status":"publish","type":"post","link":"https:\/\/euapp01.newsmemory.com\/lamarseillaise\/news\/2026\/08\/12\/entretien-serge-lhotellier-le-logement-social-est-un-atout\/","title":{"rendered":"[Entretien] Serge Lhotellier, le logement social \u00ab&nbsp;est un atout&nbsp;\u00bb"},"content":{"rendered":"<div class=\"paragraph\">\n<p>Contrairement \u00e0 d\u2019autres communes varoises d\u00e9pensant plus d\u2019\u00e9nergie \u00e0 fustiger la loi SRU qu\u2019\u00e0 construire un avenir pour leurs habitants, la Ville de Toulon a pris le probl\u00e8me \u00e0 bras-le-corps pour tenter de combler son retard en mati\u00e8re de logement social par rapport \u00e0 ses obligations l\u00e9gales. L\u2019adjoint au maire Serge Lhotellier met en avant les efforts d\u00e9ploy\u00e9s et prononce un discours clair concernant le logement social afin de dissiper les id\u00e9es re\u00e7ues.<\/p>\n<p>\u00ab\u00a0<i>Ce qu\u2019il faut comprendre, c\u2019est que le logement social est une chance et un atout pour les territoires<\/i>\u00a0\u00bb, affirme-t-il sans d\u00e9tour, en rappelant une \u00e9vidence que beaucoup d\u2019\u00e9lus, tous \u00e0 droite sur l\u2019\u00e9chiquier politique, ont tendance \u00e0 oublier. \u00ab\u00a0<i>Cela permet aux jeunes de rester dans leur ville, aux m\u00e9nages de pouvoir se loger dans des conditions dignes et correspondantes \u00e0 leurs ressources<\/i>\u00a0\u00bb. Sans compter, \u00ab\u00a0<i>pour les travailleurs, la possibilit\u00e9 de pouvoir se loger pas tr\u00e8s loin de leur emploi&#8230;<\/i>\u00a0\u00bb Ce qui en mati\u00e8re de d\u00e9veloppement durable est plut\u00f4t vertueux.<\/p>\n<p>Cela permet aussi aux seniors vivre dans leur cit\u00e9, ajoute l\u2019\u00e9lu. \u00ab\u00a0<i>Dit autrement, le logement social permet effectivement de r\u00e9pondre \u00e0 tous les besoins des Toulonnais dans leur diversit\u00e9<\/i>\u00a0\u00bb, insiste-t-il.<\/p>\n<\/p><\/div>\n<div class=\"intext\"> Une d\u00e9marche vertueuse\n              <\/div>\n<div class=\"paragraph\">\n<p>Ce n\u2019est donc pas seulement, contrairement \u00e0 ce que de nombreux maires du territoire veulent y voir, qu\u2019une contrainte impos\u00e9e par l\u2019\u00c9tat mais bien d\u2019une urgence \u00e0 laquelle en toute responsabilit\u00e9 les \u00e9quipes en place doivent apporter une r\u00e9ponse y compris comme ici lorsque cela est difficile.<\/p>\n<p>Dans le Port du Levant, la premi\u00e8re magistrate Jos\u00e9e Massi veut continuer \u00e0 s\u2019atteler \u00e0 la t\u00e2che en luttant en m\u00eame temps contre le logement d\u00e9grad\u00e9. C\u2019est dans ce cadre qu\u2019a \u00e9t\u00e9 re\u00e7u le mois dernier le ministre du logement Vincent Jeanbrun. \u00ab\u00a0<i>Nous lui avons fait visiter le quartier de la Grande Plaine<\/i>\u00a0\u00bb, rappelle Serge Lhotellier. Une copropri\u00e9t\u00e9 dans laquelle prosp\u00e8rent la pauvret\u00e9 et la d\u00e9sesp\u00e9rance dans des appartements lou\u00e9s ch\u00e8rement. La municipalit\u00e9, assure-t-il, a la volont\u00e9 de reconqu\u00e9rir cet espace et l\u2019int\u00e9grer dans un vaste projet urbain d\u2019am\u00e9nagement. \u00ab\u00a0<i>Ce qui permettrait de cr\u00e9er des logements sociaux qu\u2019on offrirait au Toulonnais&#8230;<\/i><i>\u00a0<\/i>\u00bb Et de poursuivre\u00a0: \u00ab\u00a0<i>Chaque financement d\u2019un logement social nous rapproche de l\u2019objectif fix\u00e9 par l\u2019\u00c9tat et nous \u00e9loigne de la p\u00e9nalit\u00e9 financi\u00e8re.<\/i>\u00a0\u00bb L\u2019adjoint r\u00e9sume la d\u00e9marche de la Ville de Toulon\u00a0: \u00ab\u00a0<i>La politique de la municipalit\u00e9 est une politique de coh\u00e9sion, d\u2019attractivit\u00e9 et d\u2019int\u00e9gration de toute la diversit\u00e9<\/i> <i>de la ville<\/i>\u00a0\u00bb, conclut Serge Lhotellier qui pr\u00e9side \u00e9galement l\u2019organisme d\u2019HLM Toulon Habitat M\u00e9diterran\u00e9e.<\/p>\n<\/p><\/div>\n<div class=\"paragraph\">\n<p><b>Pendant ce temps \u00e0 Six-Fours-les-Plages<\/b><\/p>\n<p>Alors que la Ville de Toulon, la M\u00e9tropole Toulon Provence M\u00e9diterran\u00e9e et la pr\u00e9fecture s\u2019activent les pour r\u00e9pondre \u00e0 la demande des habitants en logement, le contraste est saisissant avec la commune voisine de Six-Fours, tomb\u00e9e aux mains du RN. Le nouveau maire Fr\u00e9d\u00e9ric Boccaletti, pr\u00e9c\u00e9demment conseiller municipal, joue les offusqu\u00e9s en faisant mine de d\u00e9couvrir une programmation de plus de 600 logements sociaux sur la commune, en s\u2019indignant contre son pr\u00e9d\u00e9cesseur le LR Jean-S\u00e9bastien Vialatte qui a pourtant peu \u0153uvr\u00e9 pour le logement social.<\/p>\n<p>Six-Fours commune ne dispose que de 9,8% de logements locatifs sociaux. Elle est donc lourdement pr\u00e9lev\u00e9e pour cette carence, rappelle le militant logement Jean-Paul Jambon. D\u00e9j\u00e0 trop pour le maire d\u2019extr\u00eame droite qui jure sur ses grands dieux qu\u2019il n\u2019\u00e9tait pas au courant de ces futurs logements agr\u00e9\u00e9s par l\u2019\u00c9tat. Si cela se confirme cela montre qu\u2019il aurait \u00e9t\u00e9 un opposant peu au fait des dossiers. Inqui\u00e9tant quand on pr\u00e9tend la diriger.<\/p>\n<\/p><\/div>\n","protected":false},"excerpt":{"rendered":"Contrairement &agrave; d&rsquo;autres communes varoises d&eacute;pensant plus d&rsquo;&eacute;nergie &agrave; fustiger la loi SRU qu&rsquo;&agrave; construire un avenir pour leurs habitants, la Ville de Toulon a pris le probl&egrave;me &agrave; &#8230;","protected":false},"author":1,"featured_media":39107,"comment_status":"open","ping_status":"open","sticky":false,"template":"","format":"standard","meta":{"footnotes":""},"categories":[3926,3925,330,20],"tags":[796,343,106,2323,2405,52,506,752,1478,597,31],"news-destination":[3944],"news-source":[475],"is_homepage":[],"ta_other":[],"class_list":["post-39106","post","type-post","status-publish","format-standard","has-post-thumbnail","hentry","category-accueil-merge","category-accueil-third","category-politique","category-societe","tag-developpement-durable","tag-entretien","tag-habitants","tag-habitat","tag-hlm","tag-logement-social","tag-logements-sociaux","tag-maire","tag-territoires","tag-toulon","tag-var","news-destination-homepage","news-source-website"],"_links":{"self":[{"href":"https:\/\/euapp01.newsmemory.com\/lamarseillaise\/news\/wp-json\/wp\/v2\/posts\/39106","targetHints":{"allow":["GET"]}}],"collection":[{"href":"https:\/\/euapp01.newsmemory.com\/lamarseillaise\/news\/wp-json\/wp\/v2\/posts"}],"about":[{"href":"https:\/\/euapp01.newsmemory.com\/lamarseillaise\/news\/wp-json\/wp\/v2\/types\/post"}],"author":[{"embeddable":true,"href":"https:\/\/euapp01.newsmemory.com\/lamarseillaise\/news\/wp-json\/wp\/v2\/users\/1"}],"replies":[{"embeddable":true,"href":"https:\/\/euapp01.newsmemory.com\/lamarseillaise\/news\/wp-json\/wp\/v2\/comments?post=39106"}],"version-history":[{"count":1,"href":"https:\/\/euapp01.newsmemory.com\/lamarseillaise\/news\/wp-json\/wp\/v2\/posts\/39106\/revisions"}],"predecessor-version":[{"id":39108,"href":"https:\/\/euapp01.newsmemory.com\/lamarseillaise\/news\/wp-json\/wp\/v2\/posts\/39106\/revisions\/39108"}],"wp:featuredmedia":[{"embeddable":true,"href":"https:\/\/euapp01.newsmemory.com\/lamarseillaise\/news\/wp-json\/wp\/v2\/media\/39107"}],"wp:attachment":[{"href":"https:\/\/euapp01.newsmemory.com\/lamarseillaise\/news\/wp-json\/wp\/v2\/media?parent=39106"}],"wp:term":[{"taxonomy":"category","embeddable":true,"href":"https:\/\/euapp01.newsmemory.com\/lamarseillaise\/news\/wp-json\/wp\/v2\/categories?post=39106"},{"taxonomy":"post_tag","embeddable":true,"href":"https:\/\/euapp01.newsmemory.com\/lamarseillaise\/news\/wp-json\/wp\/v2\/tags?post=39106"},{"taxonomy":"news-destination","embeddable":true,"href":"https:\/\/euapp01.newsmemory.com\/lamarseillaise\/news\/wp-json\/wp\/v2\/news-destination?post=39106"},{"taxonomy":"news-source","embeddable":true,"href":"https:\/\/euapp01.newsmemory.com\/lamarseillaise\/news\/wp-json\/wp\/v2\/news-source?post=39106"},{"taxonomy":"is_homepage","embeddable":true,"href":"https:\/\/euapp01.newsmemory.com\/lamarseillaise\/news\/wp-json\/wp\/v2\/is_homepage?post=39106"},{"taxonomy":"ta_other","embeddable":true,"href":"https:\/\/euapp01.newsmemory.com\/lamarseillaise\/news\/wp-json\/wp\/v2\/ta_other?post=39106"}],"curies":[{"name":"wp","href":"https:\/\/api.w.org\/{rel}","templated":true}]}}