{"id":39103,"date":"2026-08-12T06:58:00","date_gmt":"2026-08-12T04:58:00","guid":{"rendered":"https:\/\/euapp01.newsmemory.com\/lamarseillaise\/news\/?p=39103"},"modified":"2026-08-19T07:32:46","modified_gmt":"2026-08-19T05:32:46","slug":"entretien-remi-giuitta-president-des-byers-nous-avons-perdu-cette-capacite-a-etre-un-groupe-de-combattants","status":"publish","type":"post","link":"https:\/\/euapp01.newsmemory.com\/lamarseillaise\/news\/2026\/08\/12\/entretien-remi-giuitta-president-des-byers-nous-avons-perdu-cette-capacite-a-etre-un-groupe-de-combattants\/","title":{"rendered":"[Entretien] R\u00e9mi Giuitta, pr\u00e9sident des BYers : \u00ab&nbsp;Nous avons perdu cette capacit\u00e9 \u00e0 \u00eatre un groupe de combattants&nbsp;\u00bb"},"content":{"rendered":"<div class=\"paragraph\">\n<p>La Marseillaise\u00a0: <b>Vous sortez d\u2019une saison r\u00e9ussie sur le plan sportif, avec une deuxi\u00e8me place en championnat, m\u00eame si l\u2019aventure s\u2019est arr\u00eat\u00e9e en demi-finale d\u2019accession \u00e0 l\u2019Elite 2. Quel bilan tirez-vous de cette saison<\/b><b>\u00a0<\/b><b>?<\/b><\/p>\n<p>R\u00e9mi Giuitta\u00a0: Je pense qu\u2019on avait le talent, une \u00e9quipe \u00e9quilibr\u00e9e et les moyens d\u2019atteindre notre objectif, m\u00eame si certaines blessures importantes, notamment celle de Sadio Doucour\u00e9, ont pes\u00e9 sur notre \u00e9quilibre. Mais au-del\u00e0 de l\u2019aspect individuel, ce qui nous a manqu\u00e9, c\u2019est surtout la dimension collective. En Nationale\u00a01, le talent ne suffit pas\u00a0: l\u2019engagement, la coh\u00e9sion, la solidarit\u00e9 et la duret\u00e9 d\u00e9fensive sont des \u00e9l\u00e9ments d\u00e9terminants. Nous avons parfois su retrouver ces valeurs, mais nous nous sommes aussi trop appuy\u00e9s sur nos qualit\u00e9s individuelles au d\u00e9triment de notre force collective. Cette combativit\u00e9 et cette envie de faire les efforts ensemble, font pourtant partie de l\u2019identit\u00e9 du club. Par moments, nous avons perdu cette capacit\u00e9 \u00e0 \u00eatre un vrai groupe de \u00ab\u00a0fighters\u00a0\u00bb. Avec plus de constance dans cet \u00e9tat d\u2019esprit, je pense qu\u2019on aurait pu atteindre notre objectif.<\/p>\n<p><b>Votre aventure vers la mont\u00e9e <br \/>a \u00e9t\u00e9 stopp\u00e9e par Mulhouse. C\u2019\u00e9tait, selon vous, une marche encore trop haute \u00e0 gravir<\/b><b>\u00a0<\/b><b>?<\/b><\/p>\n<p>R.G.\u00a0: Sans manquer de respect \u00e0 Mulhouse, qui reste une tr\u00e8s belle \u00e9quipe, la marche \u00e9tait haute en termes de valeur collective. En revanche, sur le papier, nous avions un effectif plus riche, avec davantage de profondeur et de qualit\u00e9s individuelles. Mais la diff\u00e9rence ne s\u2019est pas faite uniquement sur le talent. Elle s\u2019est faite sur la coh\u00e9sion, l\u2019envie, la duret\u00e9 et la force mentale. C\u2019est justement dans ces domaines que Mulhouse a su se d\u00e9marquer, en affichant une vraie identit\u00e9 collective. \u00c0 mes yeux, c\u2019est ce qui leur a permis d\u2019\u00eatre au-dessus de nous et de prendre l\u2019ascendant sur d\u2019autres \u00e9quipes.<\/p>\n<p><b>La construction de cette nouvelle saison a pris un peu plus de temps que pr\u00e9vu. Quelles ont \u00e9t\u00e9 les principales \u00e9tapes avant de pouvoir v\u00e9ritablement lancer <br \/>le projet sportif<\/b><b>\u00a0<\/b><b>?<\/b><\/p>\n<p>R.G.\u00a0: La construction de la nouvelle saison s\u2019inscrit dans un contexte particulier. Il a d\u2019abord fallu attendre la mise en place de la nouvelle collectivit\u00e9 \u00e0 Fos-sur-Mer afin de d\u00e9finir une nouvelle feuille de route et partager une vision commune autour du club. Cette p\u00e9riode nous a permis de clarifier notre budget, nos ambitions et notre strat\u00e9gie avec l\u2019ensemble de nos partenaires publics et priv\u00e9s, tout en consolidant l\u2019\u00e9cosyst\u00e8me autour du club. Ce travail de fond explique aussi pourquoi la construction sportive a d\u00e9but\u00e9 plus tardivement. Apr\u00e8s une fin de saison en play-offs, le temps \u00e9tait limit\u00e9, et il \u00e9tait n\u00e9cessaire de poser des bases solides avant d\u2019\u00e9crire un nouveau chapitre sportif. Je connaissais bien s\u00fbr les rouages du club, puisque j\u2019avais d\u00e9j\u00e0 occup\u00e9 des fonctions tr\u00e8s larges par le pass\u00e9 aux c\u00f4t\u00e9s de Jean-Pierre Barn\u00e8s. Mais malgr\u00e9 cette connaissance de l\u2019environnement, certaines choses demandent du temps \u00e0 \u00eatre ma\u00eetris\u00e9es. William Raffa et Guy Christophe, qui \u00e9taient d\u00e9j\u00e0 pr\u00e9sents les saisons pr\u00e9c\u00e9dentes, avaient \u00e9galement un r\u00f4le important dans le fonctionnement quotidien du club. Il a donc fallu assurer une transition, prendre le relais progressivement et s\u2019inscrire dans une continuit\u00e9.<\/p>\n<p><b>Vous avez nomm\u00e9 Abgu\u00e9 Barakaou <\/b><b>pour succ\u00e9der \u00e0 Emmanuel Schmitt <\/b><b>sur le banc de votre \u00e9quipe fanion. <\/b><b>Qu\u2019est-ce qui a motiv\u00e9 votre choix, alors que le technicien suisse a eu de bons r\u00e9sultats <br \/>la saison pass\u00e9e<\/b><b>\u00a0<\/b><b>?<\/b><\/p>\n<p>R.G.\u00a0:Manu (Schmitt) n\u2019\u00e9tait plus sous contrat, il ne s\u2019agit donc pas d\u2019une s\u00e9paration \u00e0 proprement parler. Le seul joueur encore engag\u00e9 \u00e9tait Mounir Bernaoui, dont le d\u00e9part s\u2019est fait \u00e0 sa demande. L\u2019ensemble de l\u2019effectif \u00e9tait donc en fin de contrat. Apr\u00e8s le constat dress\u00e9 sur la saison, nous avons choisi de replacer \u00ab\u00a0l\u2019identit\u00e9 BYers\u00a0\u00bb au c\u0153ur du projet avec Abgu\u00e9, qui conna\u00eet parfaitement le club et incarne cette culture collective. Ce n\u2019est pas une volont\u00e9 de changer d\u2019\u00e9quipe chaque ann\u00e9e, car la stabilit\u00e9 reste une valeur forte du club. Mais le contexte nous a amen\u00e9s \u00e0 insuffler une nouvelle dynamique, certains joueurs ayant aussi souhait\u00e9 relever de nouveaux d\u00e9fis. Ce choix rel\u00e8ve donc davantage d\u2019une orientation strat\u00e9gique li\u00e9e aux exigences de la Nationale\u00a01 que d\u2019une remise en cause du travail de Manu, dont les qualit\u00e9s sportives et humaines ne sont pas en question. Finir deuxi\u00e8me et perdre en demi-finale des play-offs rel\u00e8ve davantage de la d\u00e9ception que de l\u2019\u00e9chec.<\/p>\n<p><b>Et concernant les joueurs<\/b><b>\u00a0<\/b><b>?<\/b><\/p>\n<p>R.G.\u00a0: Nous avons int\u00e9gr\u00e9 trois jeunes au groupe professionnel \u00e9largi et recrut\u00e9 des joueurs exp\u00e9riment\u00e9s comme Mathis Ke\u00efta et Rajon Kelly, capables d\u2019\u00eatre de vrais relais pour Abgu\u00e9. L\u2019id\u00e9e est de construire une \u00e9quipe moderne, avec beaucoup de polyvalence, de cr\u00e9ation et une forte identit\u00e9 d\u00e9fensive. Des jeunes profils comme Maydden N\u2019nah-Ndong, Jacques Eyoum ou Melvyn Da\u00a0Silva viennent apporter du talent, de l\u2019\u00e9nergie et un potentiel de progression, tandis que Yannis Mendy, l\u2019un des rares rescap\u00e9s de la saison derni\u00e8re, conservera son r\u00f4le de joueur de devoir et de collectif. L\u2019objectif est clair\u00a0: b\u00e2tir un groupe compl\u00e9mentaire, capable de retrouver la Pro\u00a0B tout en faisant progresser chacun de ses \u00e9l\u00e9ments. Il nous reste encore quelques ajustements \u00e0 finaliser pour compl\u00e9ter l\u2019effectif.<\/p>\n<p><b>Vous avez boucl\u00e9 votre premi\u00e8re ann\u00e9e comme pr\u00e9sident, apr\u00e8s <\/b><b>avoir \u00e9t\u00e9 pendant pr\u00e8s de vingt<\/b><b>\u00a0<\/b><b>ans <\/b><b>au poste d\u2019entra\u00eeneur. Comment avez-vous v\u00e9cu le fait d\u2019\u00eatre \u00e9loign\u00e9 des parquets<\/b><b>\u00a0<\/b><b>?<\/b><\/p>\n<p>R.G.\u00a0: C\u2019\u00e9tait un choix de ma part de ne pas trop m\u2019impliquer dans le sportif au d\u00e9part, notamment en m\u2019appuyant sur Manu, un entra\u00eeneur exp\u00e9riment\u00e9, afin de me concentrer sur la situation financi\u00e8re et structurelle du club. Le chantier \u00e9tait plus important que pr\u00e9vu, avec de nombreux ajustements \u00e0 mener apr\u00e8s la descente de Pro\u00a0A\u00a0: organisation, fonctionnement interne et nouvelle dynamique \u00e0 construire. Cette transition a donc demand\u00e9 plus de temps et d\u2019investissement sur les aspects extra-sportifs. M\u00eame si ce n\u2019est pas mon r\u00f4le premier d\u2019\u00eatre uniquement dans la gestion administrative et financi\u00e8re, cette \u00e9tape \u00e9tait n\u00e9cessaire pour remettre le club sur de bonnes bases. Mon ambition reste d\u2019impulser des projets, d\u2019accompagner les \u00e9quipes et de cr\u00e9er une dynamique collective, aussi bien sur le plan sportif qu\u2019humain.<\/p>\n<p><b>Fos Provence Basket a toujours eu l\u2019habitude de d\u00e9localiser certaines rencontres au Palais des Sports de Marseille. Cela ne s\u2019est produit qu\u2019\u00e0 une seule reprise la saison pass\u00e9e. Est-ce que vous comptez poursuivre ce rendez-vous avec davantage de dates<\/b><b>\u00a0<\/b><b>?<\/b><b><\/b><\/p>\n<p>R.G.\u00a0: L\u2019objectif est de continuer \u00e0 d\u00e9localiser certains matchs \u00e0 Marseille. C\u2019est une d\u00e9marche engag\u00e9e depuis une douzaine d\u2019ann\u00e9es, avec la volont\u00e9 de faire rayonner le club au-del\u00e0 de Fos et de renforcer notre statut de club de r\u00e9f\u00e9rence en Provence. Cette saison encore, le succ\u00e8s \u00e9tait au rendez-vous avec pr\u00e8s de 3\u00a0500\u00a0spectateurs pour un match de Nationale\u00a01, preuve qu\u2019il existe une r\u00e9elle attente autour des BYers. Nous poursuivrons donc dans cette direction, m\u00eame si le nombre de d\u00e9localisations d\u00e9pendra du calendrier, de l\u2019attractivit\u00e9 des affiches et de la disponibilit\u00e9 du Palais des Sports. Notre volont\u00e9 est intacte.<\/p>\n<p><b>Quels sont les objectifs fix\u00e9s pour la saison \u00e0 venir<\/b><b>\u00a0<\/b><b>?<\/b><\/p>\n<p>R.G.\u00a0: L\u2019accession \u00e0 la Pro\u00a0B reste l\u2019objectif sportif principal. Mais elle doit s\u2019inscrire dans un projet plus large, avec la volont\u00e9 de continuer \u00e0 d\u00e9velopper nos valeurs club, nos actions sur le territoire et notre engagement autour du basket. La formation reste \u00e9galement un axe fort, avec de vrais progr\u00e8s r\u00e9alis\u00e9s ces derni\u00e8res ann\u00e9es, notamment chez les plus jeunes.<\/p>\n<\/p><\/div>\n","protected":false},"excerpt":{"rendered":"La Marseillaise&nbsp;: Vous sortez d&rsquo;une saison r&eacute;ussie sur le plan sportif, avec une deuxi&egrave;me place en championnat, m&ecirc;me si l&rsquo;aventure s&rsquo;est arr&ecirc;t&eacute;e en demi-finale d&rsquo;accession &agrave; &#8230;","protected":false},"author":1,"featured_media":39104,"comment_status":"open","ping_status":"open","sticky":false,"template":"","format":"standard","meta":{"footnotes":""},"categories":[3926,3925,7],"tags":[2987,10,343,482,16,1152,2834],"news-destination":[3944],"news-source":[475],"is_homepage":[],"ta_other":[],"class_list":["post-39103","post","type-post","status-publish","format-standard","has-post-thumbnail","hentry","category-accueil-merge","category-accueil-third","category-sports","tag-basket-ball","tag-bouches-du-rhone","tag-entretien","tag-fos-sur-mer","tag-marseille","tag-mercato","tag-palais-des-sports","news-destination-homepage","news-source-website"],"_links":{"self":[{"href":"https:\/\/euapp01.newsmemory.com\/lamarseillaise\/news\/wp-json\/wp\/v2\/posts\/39103","targetHints":{"allow":["GET"]}}],"collection":[{"href":"https:\/\/euapp01.newsmemory.com\/lamarseillaise\/news\/wp-json\/wp\/v2\/posts"}],"about":[{"href":"https:\/\/euapp01.newsmemory.com\/lamarseillaise\/news\/wp-json\/wp\/v2\/types\/post"}],"author":[{"embeddable":true,"href":"https:\/\/euapp01.newsmemory.com\/lamarseillaise\/news\/wp-json\/wp\/v2\/users\/1"}],"replies":[{"embeddable":true,"href":"https:\/\/euapp01.newsmemory.com\/lamarseillaise\/news\/wp-json\/wp\/v2\/comments?post=39103"}],"version-history":[{"count":1,"href":"https:\/\/euapp01.newsmemory.com\/lamarseillaise\/news\/wp-json\/wp\/v2\/posts\/39103\/revisions"}],"predecessor-version":[{"id":39105,"href":"https:\/\/euapp01.newsmemory.com\/lamarseillaise\/news\/wp-json\/wp\/v2\/posts\/39103\/revisions\/39105"}],"wp:featuredmedia":[{"embeddable":true,"href":"https:\/\/euapp01.newsmemory.com\/lamarseillaise\/news\/wp-json\/wp\/v2\/media\/39104"}],"wp:attachment":[{"href":"https:\/\/euapp01.newsmemory.com\/lamarseillaise\/news\/wp-json\/wp\/v2\/media?parent=39103"}],"wp:term":[{"taxonomy":"category","embeddable":true,"href":"https:\/\/euapp01.newsmemory.com\/lamarseillaise\/news\/wp-json\/wp\/v2\/categories?post=39103"},{"taxonomy":"post_tag","embeddable":true,"href":"https:\/\/euapp01.newsmemory.com\/lamarseillaise\/news\/wp-json\/wp\/v2\/tags?post=39103"},{"taxonomy":"news-destination","embeddable":true,"href":"https:\/\/euapp01.newsmemory.com\/lamarseillaise\/news\/wp-json\/wp\/v2\/news-destination?post=39103"},{"taxonomy":"news-source","embeddable":true,"href":"https:\/\/euapp01.newsmemory.com\/lamarseillaise\/news\/wp-json\/wp\/v2\/news-source?post=39103"},{"taxonomy":"is_homepage","embeddable":true,"href":"https:\/\/euapp01.newsmemory.com\/lamarseillaise\/news\/wp-json\/wp\/v2\/is_homepage?post=39103"},{"taxonomy":"ta_other","embeddable":true,"href":"https:\/\/euapp01.newsmemory.com\/lamarseillaise\/news\/wp-json\/wp\/v2\/ta_other?post=39103"}],"curies":[{"name":"wp","href":"https:\/\/api.w.org\/{rel}","templated":true}]}}