{"id":39100,"date":"2026-08-12T06:55:00","date_gmt":"2026-08-12T04:55:00","guid":{"rendered":"https:\/\/euapp01.newsmemory.com\/lamarseillaise\/news\/?p=39100"},"modified":"2026-08-19T07:21:28","modified_gmt":"2026-08-19T05:21:28","slug":"greve-marathon-pour-une-augmentation-chez-haribo","status":"publish","type":"post","link":"https:\/\/euapp01.newsmemory.com\/lamarseillaise\/news\/2026\/08\/12\/greve-marathon-pour-une-augmentation-chez-haribo\/","title":{"rendered":"Gr\u00e8ve marathon pour une augmentation chez Haribo"},"content":{"rendered":"<div class=\"paragraph\">\n<p>\u00ab <i>O<\/i><i>n demande juste 100<\/i><i>\u00a0<\/i><i>euros de plus, c\u2019est un plein d\u2019essence. Eux, ils nous proposent 18<\/i><i>\u00a0<\/i><i>euros, un paquet de clopes<\/i><i>\u00a0<\/i>\u00bb. Ali, 25\u00a0ans \u00ab\u00a0\u00e0 la coul\u00e9e\u00a0\u00bb, non syndiqu\u00e9 mais \u00ab\u00a0<i>remont\u00e9 comme un coucou<\/i>\u00a0\u00bb, est venu crier dans le m\u00e9gaphone son \u00ab\u00a0<i>d\u00e9go\u00fbt d\u2019une direction qui fait des b\u00e9n\u00e9fices de plus de 30<\/i><i>\u00a0<\/i><i>millions d\u2019euros et nous balance 0,9% dans la gueule, sans n\u00e9gocier. On dit stop<\/i><i>\u00a0<\/i><i>! Pas de ronds, pas de bonbons<\/i><i>\u00a0<\/i>\u00bb.<\/p>\n<p>Ce mardi 11\u00a0ao\u00fbt, les salari\u00e9s \u00e9taient encore au rendez-vous devant l\u2019usine \u00e0 l\u2019appel de l\u2019UD CGT\u00a013. Attendre le 28\u00a0septembre pour entrer en n\u00e9gociation comme l\u2019a propos\u00e9 la direction \u00e0 trois t\u00eates du site marseillais n\u2019est pas \u00e0 l\u2019ordre du jour des gr\u00e9vistes. Si FO a d\u00e9cid\u00e9 de marquer une pause, la CGT maintient la pression et \u00ab\u00a0<i>une r\u00e9union a \u00e9t\u00e9 arrach\u00e9e pour mercredi prochain<\/i>, explique Sabrina Calabria, \u00e9lue CGT, <i>la direction a propos\u00e9 1,8%, mais soumis \u00e0 des objectifs de production qu\u2019on ne pourra pas atteindre. On ne peut pas accepter<\/i>\u00a0\u00bb. \u00c0 ses c\u00f4t\u00e9s, Jean-Pierre Martins, 29\u00a0ans de bo\u00eete, d\u00e9plore\u00a0: \u00ab\u00a0<i>s\u2019ils avaient l\u00e2ch\u00e9 1,8% d\u00e8s les premiers jours, on n\u2019en serait pas l\u00e0. Mais on a affaire \u00e0 des gestionnaires qui ne parlent pas aux ouvriers<\/i>\u00a0\u00bb.<\/p>\n<\/p><\/div>\n<div class=\"intext\"> Pas rose bonbon l\u2019avenir\n              <\/div>\n<div class=\"paragraph\">\n<p>Et, souligne Ali, \u00ab\u00a0<i>ils sont capables de perdre 1,6<\/i><i>\u00a0<\/i><i>million en importations d\u2019Espagne pour alimenter le march\u00e9 fran\u00e7ais<\/i><i>\u00a0<\/i>\u00bb. Les gr\u00e9vistes sont all\u00e9s manifester devant la boutique Haribo de Plan de Campagne. Ils y \u00e9taient rejoints par leurs coll\u00e8gues d\u2019Uz\u00e8s. La gr\u00e8ve a fait fondre la production. \u00ab<i>\u00a0<\/i><i>Mais les dirigeants s\u2019ent\u00eatent par principe, car derri\u00e8re il y a un projet de r\u00e9duire la production sur le site historique de Marseille, en passant de 30<\/i><i>\u00a0<\/i><i>000<\/i><i>\u00a0<\/i><i>tonnes \u00e0 17<\/i><i>\u00a0<\/i><i>000<\/i><i>\u00a0<\/i><i>tonnes d\u2019ici 2030<\/i>\u00a0\u00bb, pr\u00e9cise Sofia Calabria. De quoi inqui\u00e9ter s\u00e9v\u00e8rement les quelque 180\u00a0salari\u00e9s dont deux tiers sont int\u00e9rimaires. Un plan \u00ab\u00a0<i>sans suppression d\u2019emploi, nous a-t-on assur\u00e9<\/i>, reste dubitative la syndicaliste, <i>mais ce n\u2019est \u00e9videmment pas viable<\/i><i>\u00a0<\/i>\u00bb. Elle craint un plan social d\u00e9guis\u00e9 en licenciement pour faute en raison \u00ab\u00a0<i>d\u2019une clause de mobilit\u00e9 jusqu\u2019\u00e0 180<\/i><i>\u00a0<\/i><i>km dans le contrat des nouveaux<\/i>\u00a0\u00bb. Dans le 15<sup>e<\/sup>, les salari\u00e9s d\u2019ID Logistics en ont d\u00e9j\u00e0 fait les frais, \u00e0 la fermeture du site, dans l\u2019impossibilit\u00e9 d\u2019accepter de d\u00e9m\u00e9nager \u00e0 plus de 100\u00a0km. Un sch\u00e9ma \u00ab\u00a0<i>qu\u2019on conna\u00eet bien dans les quartiers nord<\/i><i>\u00a0<\/i>\u00bb, redoutent aussi trois retrait\u00e9s de la m\u00e9tallurgie, de USTM et de l\u2019USR CGT\u00a013. Ils rappellent que l\u2019op\u00e9ration \u00ab\u00a0<i>Eurom\u00e9diterran\u00e9e s\u2019est construite sur le cadavre des usines<\/i><i>\u00a0<\/i>\u00bb et voient d\u2019un \u0153il noir \u00ab\u00a0<i>la sucri\u00e8re Saint-Louis se transformer en un nouveau data center<\/i><i>\u00a0<\/i>\u00bb.<\/p>\n<p>La refonte de la politique de production de la direction serait motiv\u00e9e \u00ab\u00a0<i>par la volont\u00e9 de baisser le bilan carbone car les produits bruts circulent entre Uz\u00e8s et Marseille<\/i>\u00a0\u00bb, ajoute Sofia Calabria. Or <a href=\"https:\/\/www.lamarseillaise.fr\/environnement\/haribo-pollue-les-eaux-de-marseille-GP20581250\">l\u2019usine a \u00e9t\u00e9 \u00e9pingl\u00e9e par la pr\u00e9fecture en juillet pour des rejets non conformes dans le r\u00e9seau d\u2019eaux d\u2019assainissement communal<\/a>. Quant \u00e0 la conformit\u00e9 au droit du travail, le tribunal judiciaire de Marseille a condamn\u00e9 la soci\u00e9t\u00e9 le 5\u00a0f\u00e9vrier 2026 pour ne pas avoir respect\u00e9 les accords sur les r\u00e9mun\u00e9rations conclus depuis\u00a02022 avec les organisations syndicales.<\/p>\n<p>\u00ab\u00a0<i>La r\u00e9mun\u00e9ration annuelle moyenne d\u2019un ouvrier de production chez Haribo est sup\u00e9rieure de 24% \u00e0 la moyenne nationale des ouvriers de production en France<\/i>\u00a0\u00bb objecte la direction dans un communiqu\u00e9.<\/p>\n<\/p><\/div>\n","protected":false},"excerpt":{"rendered":"&laquo; On demande juste 100&nbsp;euros de plus, c&rsquo;est un plein d&rsquo;essence. Eux, ils nous proposent 18&nbsp;euros, un paquet de clopes&nbsp;&raquo;. Ali, 25&nbsp;ans &laquo;&nbsp;&agrave; la coul&eacute;e&nbsp;&raquo;, non syndiqu&eacute; &#8230;","protected":false},"author":1,"featured_media":39101,"comment_status":"open","ping_status":"open","sticky":false,"template":"","format":"standard","meta":{"footnotes":""},"categories":[3926,3925,331],"tags":[4818,10,113,876,16,3519,2352,116,1112,1025,3019],"news-destination":[3944],"news-source":[475],"is_homepage":[],"ta_other":[],"class_list":["post-39100","post","type-post","status-publish","format-standard","has-post-thumbnail","hentry","category-accueil-merge","category-accueil-third","category-social","tag-augmentation-salariale","tag-bouches-du-rhone","tag-cgt","tag-greve","tag-marseille","tag-nao","tag-ouvriers","tag-pollution","tag-remunerations","tag-salaires","tag-ud-cgt-13","news-destination-homepage","news-source-website"],"_links":{"self":[{"href":"https:\/\/euapp01.newsmemory.com\/lamarseillaise\/news\/wp-json\/wp\/v2\/posts\/39100","targetHints":{"allow":["GET"]}}],"collection":[{"href":"https:\/\/euapp01.newsmemory.com\/lamarseillaise\/news\/wp-json\/wp\/v2\/posts"}],"about":[{"href":"https:\/\/euapp01.newsmemory.com\/lamarseillaise\/news\/wp-json\/wp\/v2\/types\/post"}],"author":[{"embeddable":true,"href":"https:\/\/euapp01.newsmemory.com\/lamarseillaise\/news\/wp-json\/wp\/v2\/users\/1"}],"replies":[{"embeddable":true,"href":"https:\/\/euapp01.newsmemory.com\/lamarseillaise\/news\/wp-json\/wp\/v2\/comments?post=39100"}],"version-history":[{"count":1,"href":"https:\/\/euapp01.newsmemory.com\/lamarseillaise\/news\/wp-json\/wp\/v2\/posts\/39100\/revisions"}],"predecessor-version":[{"id":39102,"href":"https:\/\/euapp01.newsmemory.com\/lamarseillaise\/news\/wp-json\/wp\/v2\/posts\/39100\/revisions\/39102"}],"wp:featuredmedia":[{"embeddable":true,"href":"https:\/\/euapp01.newsmemory.com\/lamarseillaise\/news\/wp-json\/wp\/v2\/media\/39101"}],"wp:attachment":[{"href":"https:\/\/euapp01.newsmemory.com\/lamarseillaise\/news\/wp-json\/wp\/v2\/media?parent=39100"}],"wp:term":[{"taxonomy":"category","embeddable":true,"href":"https:\/\/euapp01.newsmemory.com\/lamarseillaise\/news\/wp-json\/wp\/v2\/categories?post=39100"},{"taxonomy":"post_tag","embeddable":true,"href":"https:\/\/euapp01.newsmemory.com\/lamarseillaise\/news\/wp-json\/wp\/v2\/tags?post=39100"},{"taxonomy":"news-destination","embeddable":true,"href":"https:\/\/euapp01.newsmemory.com\/lamarseillaise\/news\/wp-json\/wp\/v2\/news-destination?post=39100"},{"taxonomy":"news-source","embeddable":true,"href":"https:\/\/euapp01.newsmemory.com\/lamarseillaise\/news\/wp-json\/wp\/v2\/news-source?post=39100"},{"taxonomy":"is_homepage","embeddable":true,"href":"https:\/\/euapp01.newsmemory.com\/lamarseillaise\/news\/wp-json\/wp\/v2\/is_homepage?post=39100"},{"taxonomy":"ta_other","embeddable":true,"href":"https:\/\/euapp01.newsmemory.com\/lamarseillaise\/news\/wp-json\/wp\/v2\/ta_other?post=39100"}],"curies":[{"name":"wp","href":"https:\/\/api.w.org\/{rel}","templated":true}]}}