{"id":39097,"date":"2026-08-12T07:01:00","date_gmt":"2026-08-12T05:01:00","guid":{"rendered":"https:\/\/euapp01.newsmemory.com\/lamarseillaise\/news\/?p=39097"},"modified":"2026-08-19T07:47:47","modified_gmt":"2026-08-19T05:47:47","slug":"le-roucas-de-vitrolles-un-piton-qui-necessite-detre-conforte","status":"publish","type":"post","link":"https:\/\/euapp01.newsmemory.com\/lamarseillaise\/news\/2026\/08\/12\/le-roucas-de-vitrolles-un-piton-qui-necessite-detre-conforte\/","title":{"rendered":"Le Roucas de Vitrolles, un piton qui n\u00e9cessite d\u2019\u00eatre confort\u00e9"},"content":{"rendered":"<div class=\"paragraph\">\n<p>Pour l\u2019atteindre, il faut accepter de gravir pas loin de cent marches taill\u00e9es dans l\u2019imposant piton rocheux qui domine le vieux village de Vitrolles. \u00c0 l\u2019arriv\u00e9e, c\u2019est une double r\u00e9compense\u00a0: d\u2019abord cette vue imprenable et contemplative sur l\u2019\u00e9tang de Berre et jusqu\u2019\u00e0 la Sainte Victoire. Ensuite deux monuments charg\u00e9s d\u2019histoire \u00e0 d\u00e9couvrir\u00a0: la Tour Sarrasine et la chapelle Notre-Dame-de-Vie.<\/p>\n<p>\u00ab\u00a0<i>D\u00e8s le V<\/i><i><sup>e<\/sup><\/i><i>\u00a0<\/i><i>si\u00e8cle, la situation privil\u00e9gi\u00e9e du Roucas de Vitrolles en fait un lieu de refuge et d\u2019observation afin de se prot\u00e9ger des invasions barbares ou sarrasines. Mais la chapelle Notre Dame de Vie et la Tour Sarrasine n\u2019ont \u00e9t\u00e9 b\u00e2ties toutes deux qu\u2019entre le X<\/i><i><sup>e<\/sup><\/i><i>\u00a0<\/i><i>et XI<\/i><i><sup>e<\/sup><\/i><i>\u00a0<\/i><i>si\u00e8cles probablement apr\u00e8s le d\u00e9part des Sarrasins de Provence<\/i><i>\u00a0<\/i>\u00bb d\u00e9crit la Fondation du Patrimoine qui avec la Mission Patrimoine de St\u00e9phane Bern soutient les travaux de sauvegarde et de restauration port\u00e9s depuis plusieurs ann\u00e9es par la mairie.<\/p>\n<p>Pour l\u2019heure, la commune programme des travaux de confortement de son rocher pour r\u00e9duire le risque de chutes de blocs. Le rocher qui culmine \u00e0 25\u00a0m de hauteur fait jusqu\u2019\u00e0 75\u00a0m de long et 20\u00a0m de large, b\u00e9n\u00e9ficie d\u00e9j\u00e0 d\u2019ouvrages de protection. Pour autant, de nombreuses instabilit\u00e9s ont \u00e9t\u00e9 relev\u00e9es sur les faces du rocher, notamment de gros pans de falaise d\u00e9comprim\u00e9s.<\/p>\n<\/p><\/div>\n<div class=\"intext\"> \u00ab\u00a0Un al\u00e9a tr\u00e8s \u00e9lev\u00e9<br \/>\n               <br \/>de chute de pierres\u00a0\u00bb\n              <\/div>\n<div class=\"paragraph\">\n<p>\u00ab\u00a0<i>La face ouest la plus affect\u00e9e pr\u00e9sente 44<\/i><i>\u00a0<\/i><i>instabilit\u00e9s identifi\u00e9es dont 15<\/i><i>\u00a0<\/i><i>\u00e0 al\u00e9a \u00e9lev\u00e9 \u00e0 tr\u00e8s \u00e9lev\u00e9. 4<\/i><i>\u00a0<\/i><i>des instabilit\u00e9s potentielles identifi\u00e9es sont des pans de falaises volumineux et probl\u00e9matiques<\/i><i>\u00a0<\/i>\u00bb \u00e9nonce un rapport d\u2019\u00e9tude g\u00e9otechnique qui a conclu en novembre\u00a02025 \u00e0 \u00ab\u00a0<i>un al\u00e9a tr\u00e8s \u00e9lev\u00e9 de chute de pierres au droit de toutes les falaises. Un al\u00e9a variable, au cas par cas, d\u2019\u00e9croulement de blocs, chandelles, voire de pans de falaise de volume important<\/i><i>\u00a0<\/i>\u00bb.<\/p>\n<p>Ces risques exposent \u00e0 des degr\u00e9s divers la stabilit\u00e9 de la tour sarrasine, de la chapelle, la route en pied de falaise, quatre habitations, les pi\u00e9tons, le parking. Le rapport prescrivait d\u2019interdire l\u2019acc\u00e8s aux talus, de renforcer les mesures d\u2019information \u00ab\u00a0<i>en insistant bien sur le risque accru pendant les p\u00e9riodes pluvieuses<\/i><i>\u00a0<\/i>\u00bb. Il \u00e9tait demand\u00e9 une surveillance instrument\u00e9e pour s\u2019assurer de l\u2019absence d\u2019\u00e9volution d\u2019un pan rocheux repr\u00e9sentant une masse de 344\u00a0tonnes d\u2019al\u00e9a \u00e9lev\u00e9.<\/p>\n<p>C\u2019est pourquoi la commune a lanc\u00e9 un march\u00e9 public de r\u00e9alisation de travaux de \u00ab\u00a0r\u00e9duction du niveau de risques\u00a0\u00bb afin de conjurer ces risques li\u00e9s \u00e0 l\u2019\u00e9rosion naturelle de la falaise. Il pr\u00e9voit la r\u00e9alisation d\u2019\u00e9tudes g\u00e9otechniques, l\u2019ex\u00e9cution de mesures pr\u00e9ventives telle que la pose de 5\u00a0fissurom\u00e8tres \u00e9lectroniques connect\u00e9s \u00e0 des balises d\u2019alerte au droit des instabilit\u00e9s critiques. Les premiers travaux consisteront en des op\u00e9rations de d\u00e9broussaillage, de purges manuelles et m\u00e9canis\u00e9es par des cordistes des \u00e9l\u00e9ments les plus instables et les plus d\u00e9consolid\u00e9s. Il est pr\u00e9vu la projection de b\u00e9ton projet\u00e9 fibr\u00e9 et teint\u00e9 et l\u2019entretien des ancrages d\u00e9j\u00e0 install\u00e9s. Des nappes de grillages et des barres d\u2019ancrage seront pos\u00e9es. Des filets \u00e0 haute limite \u00e9lastique viendront recouvrir les falaises de la face sud et une partie de la face est du rocher de Vitrolles pour stopper les chutes de pierres et de blocs de faible volume et d\u2019\u00eatre le moins visible.<\/p>\n<p>Le risque r\u00e9siduel de chutes de pierres et de blocs de faibles volumes reste encore possible apr\u00e8s les travaux. C\u2019est pourquoi sur la base de sc\u00e9narii trajectographiques de chutes simul\u00e9es, il est pr\u00e9vu de construire des parois de sout\u00e8nement en b\u00e9ton clou\u00e9, de poser des \u00e9crans pare-blocs au pied du talus en face nord.<\/p>\n<\/p><\/div>\n","protected":false},"excerpt":{"rendered":"Pour l&rsquo;atteindre, il faut accepter de gravir pas loin de cent marches taill&eacute;es dans l&rsquo;imposant piton rocheux qui domine le vieux village de Vitrolles. &Agrave; l&rsquo;arriv&eacute;e, c&rsquo;est une double &#8230;","protected":false},"author":1,"featured_media":39098,"comment_status":"open","ping_status":"open","sticky":false,"template":"","format":"standard","meta":{"footnotes":""},"categories":[3926,3925,20],"tags":[10,968,442,1134,3163,1377,1745,97,3028,136,38,78,537,895,594,180,1911,6239,88,166,1363],"news-destination":[3944],"news-source":[475],"is_homepage":[],"ta_other":[],"class_list":["post-39097","post","type-post","status-publish","format-standard","has-post-thumbnail","hentry","category-accueil-merge","category-accueil-third","category-societe","tag-bouches-du-rhone","tag-fondation","tag-mairie","tag-marche","tag-mesures","tag-monuments","tag-parking","tag-patrimoine","tag-pietons","tag-preservation","tag-programme","tag-projection","tag-protection","tag-provence","tag-rapport","tag-restauration","tag-risques","tag-stephane-bern","tag-surveillance","tag-travaux","tag-vitrolles","news-destination-homepage","news-source-website"],"_links":{"self":[{"href":"https:\/\/euapp01.newsmemory.com\/lamarseillaise\/news\/wp-json\/wp\/v2\/posts\/39097","targetHints":{"allow":["GET"]}}],"collection":[{"href":"https:\/\/euapp01.newsmemory.com\/lamarseillaise\/news\/wp-json\/wp\/v2\/posts"}],"about":[{"href":"https:\/\/euapp01.newsmemory.com\/lamarseillaise\/news\/wp-json\/wp\/v2\/types\/post"}],"author":[{"embeddable":true,"href":"https:\/\/euapp01.newsmemory.com\/lamarseillaise\/news\/wp-json\/wp\/v2\/users\/1"}],"replies":[{"embeddable":true,"href":"https:\/\/euapp01.newsmemory.com\/lamarseillaise\/news\/wp-json\/wp\/v2\/comments?post=39097"}],"version-history":[{"count":1,"href":"https:\/\/euapp01.newsmemory.com\/lamarseillaise\/news\/wp-json\/wp\/v2\/posts\/39097\/revisions"}],"predecessor-version":[{"id":39099,"href":"https:\/\/euapp01.newsmemory.com\/lamarseillaise\/news\/wp-json\/wp\/v2\/posts\/39097\/revisions\/39099"}],"wp:featuredmedia":[{"embeddable":true,"href":"https:\/\/euapp01.newsmemory.com\/lamarseillaise\/news\/wp-json\/wp\/v2\/media\/39098"}],"wp:attachment":[{"href":"https:\/\/euapp01.newsmemory.com\/lamarseillaise\/news\/wp-json\/wp\/v2\/media?parent=39097"}],"wp:term":[{"taxonomy":"category","embeddable":true,"href":"https:\/\/euapp01.newsmemory.com\/lamarseillaise\/news\/wp-json\/wp\/v2\/categories?post=39097"},{"taxonomy":"post_tag","embeddable":true,"href":"https:\/\/euapp01.newsmemory.com\/lamarseillaise\/news\/wp-json\/wp\/v2\/tags?post=39097"},{"taxonomy":"news-destination","embeddable":true,"href":"https:\/\/euapp01.newsmemory.com\/lamarseillaise\/news\/wp-json\/wp\/v2\/news-destination?post=39097"},{"taxonomy":"news-source","embeddable":true,"href":"https:\/\/euapp01.newsmemory.com\/lamarseillaise\/news\/wp-json\/wp\/v2\/news-source?post=39097"},{"taxonomy":"is_homepage","embeddable":true,"href":"https:\/\/euapp01.newsmemory.com\/lamarseillaise\/news\/wp-json\/wp\/v2\/is_homepage?post=39097"},{"taxonomy":"ta_other","embeddable":true,"href":"https:\/\/euapp01.newsmemory.com\/lamarseillaise\/news\/wp-json\/wp\/v2\/ta_other?post=39097"}],"curies":[{"name":"wp","href":"https:\/\/api.w.org\/{rel}","templated":true}]}}