{"id":39091,"date":"2026-08-12T07:06:00","date_gmt":"2026-08-12T05:06:00","guid":{"rendered":"https:\/\/euapp01.newsmemory.com\/lamarseillaise\/news\/?p=39091"},"modified":"2026-08-19T08:00:06","modified_gmt":"2026-08-19T06:00:06","slug":"la-nouvelle-passerelle-de-la-gare-de-miramas-est-accessible-aux-voyageurs","status":"publish","type":"post","link":"https:\/\/euapp01.newsmemory.com\/lamarseillaise\/news\/2026\/08\/12\/la-nouvelle-passerelle-de-la-gare-de-miramas-est-accessible-aux-voyageurs\/","title":{"rendered":"La nouvelle passerelle de la gare de Miramas est accessible aux voyageurs"},"content":{"rendered":"<div class=\"paragraph\">\n<p>Des grillages m\u00e9talliques entourent les pieds de la passerelle. Les travaux de la gare de Miramas ne sont pas tout \u00e0 fait termin\u00e9s, mais la nouvelle infrastructure est accessible depuis ce mardi 11\u00a0ao\u00fbt. Valises \u00e0 la main, un couple de Miramass\u00e9ens appelle l\u2019un des quatre ascenseurs qui desservent les quais. \u00ab\u00a0<i>C\u2019est s\u00fbr que \u00e7a met plus la gare en valeur que le passage souterrain un peu lugubre qu\u2019on avait avant<\/i>\u00a0\u00bb, commentent-ils.<\/p>\n<p>Pour eux, ce nouvel ouvrage de 75\u00a0m\u00e8tres de long qui surplombe les voies est enfin \u00e0 la hauteur du p\u00f4le de mobilit\u00e9, qui voit chaque jour pr\u00e8s de 110\u00a0trains transiter. Chaque ann\u00e9e, 800\u00a0000\u00a0voyageurs passent par la commune construite autour de son r\u00e9seau ferroviaire. \u00ab\u00a0<i>L\u2019objectif, c\u2019est de passer \u00e0 1,5<\/i><i>\u00a0<\/i><i>million d\u2019ici 2030<\/i><i>\u00a0<\/i>\u00bb, r\u00e9v\u00e9lait J\u00e9r\u00f4me Bini, directeur r\u00e9gional des gares Sud au sein de la SNCF, lors de la pose des piles de la passerelle en janvier dernier.<\/p>\n<\/p><\/div>\n<div class=\"intext\"> Pr\u00e8s de 27\u00a0millions investis\n              <\/div>\n<div class=\"paragraph\">\n<p>Venue regarder passer les locomotives avec son fils Kena\u00ebl, Sabrina assure\u00a0: \u00ab\u00a0<i>La gare est toujours pleine, parce qu\u2019on est bien desservis : on peut aller \u00e0 Paris en TGV, \u00e0 Marseille ou \u00e0 Avignon. C\u2019est rare pour une petite commune de 26<\/i><i>\u00a0<\/i><i>000<\/i><i>\u00a0<\/i><i>habitants<\/i><i>\u00a0<\/i>\u00bb.<\/p>\n<p>Les 26,83\u00a0millions d\u2019euros investis par la M\u00e9tropole (7,62), la R\u00e9gion (11,3), l\u2019\u00c9tat (5,65) et la SNCF Gare et Connexions (2,26) doivent donc am\u00e9liorer le service pour les usagers, qu\u2019ils soient des habitu\u00e9s ou qu\u2019ils fassent partie des nouveaux voyageurs. Reste encore \u00e0 v\u00e9g\u00e9taliser les quais, qui ont \u00e9t\u00e9 rehauss\u00e9s, et \u00e0 installer le nouveau mobilier. \u00ab\u00a0<i>Ces travaux sont une bonne chose pour les personnes en fauteuil roulant, les quais et les trains sont plus accessibles<\/i>\u00a0\u00bb, souligne Sabrina.<\/p>\n<p>La Miramass\u00e9enne note aussi l\u2019am\u00e9lioration de la desserte du centre-ville\u00a0: \u00ab\u00a0<i>Il n\u2019y a plus besoin de faire le tour de la gare pour aller des quartiers nord aux quartiers sud<\/i><i>\u00a0<\/i>\u00bb.<i> <\/i>Alors qu\u2019ils attendent leur train, le couple de deux retrait\u00e9s fait remarquer\u00a0: \u00ab\u00a0<i>La mobilit\u00e9 progresse dans toute la ville<\/i><i>\u00a0<\/i><i>: nous, on a pris le BHNS (Bus \u00e0 haut niveau de service) pour venir \u00e0 la gare, et \u00e7a fonctionne vraiment bien<\/i><i>\u00a0<\/i><i>!<\/i><i>\u00a0<\/i>\u00bb<b><\/b><\/p>\n<\/p><\/div>\n","protected":false},"excerpt":{"rendered":"Des grillages m&eacute;talliques entourent les pieds de la passerelle. Les travaux de la gare de Miramas ne sont pas tout &agrave; fait termin&eacute;s, mais la nouvelle infrastructure est accessible depuis ce mardi 11&nbsp;ao&ucirc;t. Valises &#8230;","protected":false},"author":1,"featured_media":39092,"comment_status":"open","ping_status":"open","sticky":false,"template":"","format":"standard","meta":{"footnotes":""},"categories":[3926,3925,20],"tags":[2249,10,181,2190,1578,1385,155,1388,3340,1742,870,166,1331],"news-destination":[3944],"news-source":[475],"is_homepage":[],"ta_other":[],"class_list":["post-39091","post","type-post","status-publish","format-standard","has-post-thumbnail","hentry","category-accueil-merge","category-accueil-third","category-societe","tag-bhns","tag-bouches-du-rhone","tag-centre-ville","tag-ferroviaire","tag-miramas","tag-mobilite","tag-passerelle","tag-sncf","tag-tgv","tag-trafic","tag-trains","tag-travaux","tag-voyageurs","news-destination-homepage","news-source-website"],"_links":{"self":[{"href":"https:\/\/euapp01.newsmemory.com\/lamarseillaise\/news\/wp-json\/wp\/v2\/posts\/39091","targetHints":{"allow":["GET"]}}],"collection":[{"href":"https:\/\/euapp01.newsmemory.com\/lamarseillaise\/news\/wp-json\/wp\/v2\/posts"}],"about":[{"href":"https:\/\/euapp01.newsmemory.com\/lamarseillaise\/news\/wp-json\/wp\/v2\/types\/post"}],"author":[{"embeddable":true,"href":"https:\/\/euapp01.newsmemory.com\/lamarseillaise\/news\/wp-json\/wp\/v2\/users\/1"}],"replies":[{"embeddable":true,"href":"https:\/\/euapp01.newsmemory.com\/lamarseillaise\/news\/wp-json\/wp\/v2\/comments?post=39091"}],"version-history":[{"count":1,"href":"https:\/\/euapp01.newsmemory.com\/lamarseillaise\/news\/wp-json\/wp\/v2\/posts\/39091\/revisions"}],"predecessor-version":[{"id":39093,"href":"https:\/\/euapp01.newsmemory.com\/lamarseillaise\/news\/wp-json\/wp\/v2\/posts\/39091\/revisions\/39093"}],"wp:featuredmedia":[{"embeddable":true,"href":"https:\/\/euapp01.newsmemory.com\/lamarseillaise\/news\/wp-json\/wp\/v2\/media\/39092"}],"wp:attachment":[{"href":"https:\/\/euapp01.newsmemory.com\/lamarseillaise\/news\/wp-json\/wp\/v2\/media?parent=39091"}],"wp:term":[{"taxonomy":"category","embeddable":true,"href":"https:\/\/euapp01.newsmemory.com\/lamarseillaise\/news\/wp-json\/wp\/v2\/categories?post=39091"},{"taxonomy":"post_tag","embeddable":true,"href":"https:\/\/euapp01.newsmemory.com\/lamarseillaise\/news\/wp-json\/wp\/v2\/tags?post=39091"},{"taxonomy":"news-destination","embeddable":true,"href":"https:\/\/euapp01.newsmemory.com\/lamarseillaise\/news\/wp-json\/wp\/v2\/news-destination?post=39091"},{"taxonomy":"news-source","embeddable":true,"href":"https:\/\/euapp01.newsmemory.com\/lamarseillaise\/news\/wp-json\/wp\/v2\/news-source?post=39091"},{"taxonomy":"is_homepage","embeddable":true,"href":"https:\/\/euapp01.newsmemory.com\/lamarseillaise\/news\/wp-json\/wp\/v2\/is_homepage?post=39091"},{"taxonomy":"ta_other","embeddable":true,"href":"https:\/\/euapp01.newsmemory.com\/lamarseillaise\/news\/wp-json\/wp\/v2\/ta_other?post=39091"}],"curies":[{"name":"wp","href":"https:\/\/api.w.org\/{rel}","templated":true}]}}