{"id":39088,"date":"2026-08-12T06:33:00","date_gmt":"2026-08-12T04:33:00","guid":{"rendered":"https:\/\/euapp01.newsmemory.com\/lamarseillaise\/news\/?p=39088"},"modified":"2026-08-12T10:21:10","modified_gmt":"2026-08-12T08:21:10","slug":"la-science-a-portee-de-tous","status":"publish","type":"post","link":"https:\/\/euapp01.newsmemory.com\/lamarseillaise\/news\/2026\/08\/12\/la-science-a-portee-de-tous\/","title":{"rendered":"La science \u00e0 port\u00e9e de tous"},"content":{"rendered":"<div class=\"paragraph\">\n<p>L\u2019\u00e9v\u00e8nement astronomique de ce mercredi 12\u00a0ao\u00fbt est historique car la prochaine \u00e9clipse solaire totale visible en France le sera en 2081. C\u2019est donc \u00e0 l\u2019\u00e9chelle d\u2019une vie humaine un moment important et vertigineux. Historique aussi, car le rendez-vous s\u2019inscrit dans la tr\u00e8s longue histoire des d\u00e9couvertes de la physique et du fonctionnement de l\u2019univers. Historique enfin car, la vision de cette \u00e9clipse sera partag\u00e9e par des millions de personnes. Elles tourneront ensemble le regard vers le m\u00eame astre. Un moment rare<br \/>de partage, d\u2019\u00e9merveillement mais aussi de transmission.<\/p>\n<p><b>Ne pas \u00e9clipser l\u2019\u00e9ducation populaire<\/b><\/p>\n<p>Car les rendez-vous publics organis\u00e9s par les communes, les associations et les observatoires sont surtout l\u2019occasion de partager des savoirs, de mettre \u00e0 port\u00e9e de tous la science avec \u00e0 l\u2019appui un spectacle unique. Ainsi, l\u2019association fran\u00e7aise d\u2019astronomie s\u2019est engag\u00e9e \u00e0 former des \u00ab\u00a0montreurs d\u2019\u00e9clipse\u00a0\u00bb afin de diffuser largement les connaissances. C\u2019est essentiellement le large mouvement de l\u2019\u00e9ducation populaire qui est \u00e0 la man\u0153uvre pour organiser, au quotidien, des actions comme celles qui rassembleront des adultes et des enfants ce soir pour admirer et comprendre l\u2019\u00e9clipse. Un mouvement d\u2019\u00e9ducation populaire r\u00e9sistant face aux baisses de subventions publiques et des budgets de plus en plus contraints. Sans \u00e9clipser son plaisir et la joie de cette soir\u00e9e, il faut avoir \u00e0 l\u2019esprit que peut s\u2019\u00e9teindre l\u2019acc\u00e8s \u00e0 la culture scientifique si on ne prend pas garde aux attaques au vaste tissu associatif.<\/p>\n<\/p><\/div>\n","protected":false},"excerpt":{"rendered":"L&rsquo;&eacute;v&egrave;nement astronomique de ce mercredi 12&nbsp;ao&ucirc;t est historique car la prochaine &eacute;clipse solaire totale visible en France le sera en 2081. C&rsquo;est donc &agrave; l&rsquo;&eacute;chelle d&rsquo;une vie humaine &#8230;","protected":false},"author":1,"featured_media":39089,"comment_status":"open","ping_status":"open","sticky":false,"template":"","format":"standard","meta":{"footnotes":""},"categories":[332],"tags":[224,6236,1372,883,572,216,1226],"news-destination":[],"news-source":[475],"is_homepage":[],"ta_other":[],"class_list":["post-39088","post","type-post","status-publish","format-standard","has-post-thumbnail","hentry","category-edito","tag-astronomie","tag-eclipse","tag-editoriaux","tag-education-populaire","tag-france","tag-lune","tag-soleil","news-source-website"],"_links":{"self":[{"href":"https:\/\/euapp01.newsmemory.com\/lamarseillaise\/news\/wp-json\/wp\/v2\/posts\/39088","targetHints":{"allow":["GET"]}}],"collection":[{"href":"https:\/\/euapp01.newsmemory.com\/lamarseillaise\/news\/wp-json\/wp\/v2\/posts"}],"about":[{"href":"https:\/\/euapp01.newsmemory.com\/lamarseillaise\/news\/wp-json\/wp\/v2\/types\/post"}],"author":[{"embeddable":true,"href":"https:\/\/euapp01.newsmemory.com\/lamarseillaise\/news\/wp-json\/wp\/v2\/users\/1"}],"replies":[{"embeddable":true,"href":"https:\/\/euapp01.newsmemory.com\/lamarseillaise\/news\/wp-json\/wp\/v2\/comments?post=39088"}],"version-history":[{"count":1,"href":"https:\/\/euapp01.newsmemory.com\/lamarseillaise\/news\/wp-json\/wp\/v2\/posts\/39088\/revisions"}],"predecessor-version":[{"id":39090,"href":"https:\/\/euapp01.newsmemory.com\/lamarseillaise\/news\/wp-json\/wp\/v2\/posts\/39088\/revisions\/39090"}],"wp:featuredmedia":[{"embeddable":true,"href":"https:\/\/euapp01.newsmemory.com\/lamarseillaise\/news\/wp-json\/wp\/v2\/media\/39089"}],"wp:attachment":[{"href":"https:\/\/euapp01.newsmemory.com\/lamarseillaise\/news\/wp-json\/wp\/v2\/media?parent=39088"}],"wp:term":[{"taxonomy":"category","embeddable":true,"href":"https:\/\/euapp01.newsmemory.com\/lamarseillaise\/news\/wp-json\/wp\/v2\/categories?post=39088"},{"taxonomy":"post_tag","embeddable":true,"href":"https:\/\/euapp01.newsmemory.com\/lamarseillaise\/news\/wp-json\/wp\/v2\/tags?post=39088"},{"taxonomy":"news-destination","embeddable":true,"href":"https:\/\/euapp01.newsmemory.com\/lamarseillaise\/news\/wp-json\/wp\/v2\/news-destination?post=39088"},{"taxonomy":"news-source","embeddable":true,"href":"https:\/\/euapp01.newsmemory.com\/lamarseillaise\/news\/wp-json\/wp\/v2\/news-source?post=39088"},{"taxonomy":"is_homepage","embeddable":true,"href":"https:\/\/euapp01.newsmemory.com\/lamarseillaise\/news\/wp-json\/wp\/v2\/is_homepage?post=39088"},{"taxonomy":"ta_other","embeddable":true,"href":"https:\/\/euapp01.newsmemory.com\/lamarseillaise\/news\/wp-json\/wp\/v2\/ta_other?post=39088"}],"curies":[{"name":"wp","href":"https:\/\/api.w.org\/{rel}","templated":true}]}}