{"id":39085,"date":"2026-08-12T06:56:00","date_gmt":"2026-08-12T04:56:00","guid":{"rendered":"https:\/\/euapp01.newsmemory.com\/lamarseillaise\/news\/?p=39085"},"modified":"2026-08-19T07:21:28","modified_gmt":"2026-08-19T05:21:28","slug":"marseille-appelle-letat-a-agir-face-au-crack","status":"publish","type":"post","link":"https:\/\/euapp01.newsmemory.com\/lamarseillaise\/news\/2026\/08\/12\/marseille-appelle-letat-a-agir-face-au-crack\/","title":{"rendered":"Marseille appelle l\u2019\u00c9tat \u00e0 agir face au crack"},"content":{"rendered":"<div class=\"paragraph\">\n<p>\u00ab <i>L<\/i><i>a responsabilit\u00e9 de l\u2019\u00c9tat doit \u00eatre point\u00e9e<\/i><i>\u00a0<\/i>\u00bb, insiste l\u2019adjoint (PCF) \u00e0 la sant\u00e9, Anthony Gon\u00e7alves. Trois ans apr\u00e8s les premi\u00e8res alertes m\u00e9diatiques sur l\u2019arriv\u00e9e du crack \u00e0 Marseille, riverains et associations ont multipli\u00e9 les interpellations aupr\u00e8s des autorit\u00e9s, au fil de l\u2019\u00e9t\u00e9, face \u00e0 l\u2019explosion de sa consommation. Une situation qui s\u2019est encore aggrav\u00e9e avec la fermeture temporaire depuis le mois de mai du Centre d\u2019accueil et d\u2019accompagnement \u00e0 la r\u00e9duction des risques pour usagers de drogues (Caarud) Sleep\u2019in.<\/p>\n<p>La droite marseillaise n\u2019a pas tard\u00e9 \u00e0 se joindre aux alertes. Dans un courrier adress\u00e9 \u00e0 l\u2019adjoint \u00e0 la sant\u00e9 ce lundi, le conseiller d\u00e9partemental (DVD) Sylvain Di\u00a0Giovanni, l\u2019\u00e9lu d\u2019opposition (Ren.) Romain Simmarano et la secr\u00e9taire g\u00e9n\u00e9rale (Ren.) du mouvement Une g\u00e9n\u00e9ration pour Marseille Sandra Blanchard r\u00e9clament la mise en place \u00ab\u00a0<i>dans les plus brefs d\u00e9lais possibles<\/i><i>\u00a0<\/i>\u00bb d\u2019une halte soins addictions en milieu hospitalier, coupl\u00e9e \u00e0 un soutien renforc\u00e9 aux associations de terrain. \u00ab\u00a0<i>Les Marseillais, comme les malades, ne peuvent plus attendre<\/i><i>\u00a0<\/i>\u00bb, \u00e9crivent les signataires. Tout en refusant la moindre implantation en centre-ville, dans la droite ligne de la p\u00e9tition lanc\u00e9e pendant les municipales contre \u00ab\u00a0<i>la salle de shoot voulue par la gauche<\/i><i>\u00a0<\/i>\u00bb (<a href=\"https:\/\/www.lamarseillaise.fr\/politique\/a-marseille-une-petition-contre-une-halte-soins-addictions-GH19694266\">notre \u00e9dition du 21<\/a>\u00a0f\u00e9vrier).<\/p>\n<\/p><\/div>\n<div class=\"intext\"> Nouvelles places d\u00e9di\u00e9es\n              <\/div>\n<div class=\"paragraph\">\n<p>\u00ab\u00a0<i>La lutte contre les trafics de stup\u00e9fiants, le maintien de l\u2019ordre et de la s\u00e9curit\u00e9 publique, la politique p\u00e9nale et une grande partie de la politique sanitaire en mati\u00e8re d\u2019addictions rel\u00e8vent de l\u2019\u00c9tat<\/i><i>\u00a0<\/i>\u00bb, r\u00e9plique l\u2019adjoint communiste \u00e0 travers un courrier publi\u00e9 ce mardi. Mais il partage les alertes\u00a0: le maire (DVG) Beno\u00eet Payan avait d\u00e9j\u00e0 interpell\u00e9 le Premier ministre, le 28\u00a0mai dernier, pour r\u00e9clamer un plan d\u2019action interminist\u00e9riel, tandis que la maire (GRS) Sophie Camard des 1-7 a \u00e9crit \u00e0 la ministre de la Sant\u00e9 le 17\u00a0juillet. Sans r\u00e9ponse.<\/p>\n<p>\u00ab\u00a0<i>Nous n\u2019avons pas renonc\u00e9 \u00e0 l\u2019objectif d\u2019une halte soins addictions, m\u00eame si ce n\u2019est pas le seul \u00e9l\u00e9ment et qu\u2019elle n\u2019est pas suffisante \u00e0 elle seule<\/i><i>\u00a0<\/i>\u00bb, r\u00e9affirme Anthony Gon\u00e7alves aupr\u00e8s de <i>La<\/i><i>\u00a0<\/i><i>Marseillaise.<\/i> Si les \u00e9changes ont repris avec les diverses autorit\u00e9s, sans \u00e9carter les pistes d\u2019une implantation en milieu hospitalier, pr\u00e8s des lieux de consommation ou associant les Caarud, \u00ab\u00a0<i>il faut un portage politique, sanitaire, un financement et une impulsion de l\u2019\u00c9tat<\/i><i>\u00a0<\/i>\u00bb, rappelle l\u2019adjoint \u00e0 la sant\u00e9, l\u2019exp\u00e9rimentation restant soumise \u00e0 un feu vert du minist\u00e8re. \u00ab\u00a0<i>Mais m\u00eame si nous sommes au-del\u00e0 des comp\u00e9tences r\u00e9galiennes de la Ville, nous essayons d\u2019apporter des solutions<\/i><i>\u00a0<\/i>\u00bb, insiste l\u2019\u00e9lu communiste. Un budget de 160\u00a0000\u00a0euros est consacr\u00e9 \u00e0 la r\u00e9duction des risques et des addictions, les actions de ramassage ont permis de retirer 5\u00a0000\u00a0seringues de la rue au premier semestre &#8211; autant qu\u2019en 2025 &#8211; et 40\u00a0000\u00a0euros ont \u00e9t\u00e9 d\u00e9bloqu\u00e9s pour mettre \u00e0 disposition du mat\u00e9riel suppl\u00e9mentaire pour la r\u00e9duction des risques.<\/p>\n<p>La municipalit\u00e9 va \u00e9galement prendre en charge, \u00e0 parit\u00e9 avec l\u2019Agence r\u00e9gionale de sant\u00e9, le poste de coordinateur du dispositif Tempo mis en place au d\u00e9but de l\u2019ann\u00e9e par les associations de terrain pour agir collectivement et mieux documenter cette crise sanitaire, sous l\u2019\u00e9gide de M\u00e9decins du monde.<\/p>\n<p>La municipalit\u00e9 soutient \u00e9galement l\u2019ouverture de deux nouveaux centres d\u2019h\u00e9bergements dans les jours \u00e0 venir avec l\u2019associ ation Habitat alternatif social (HAS), l\u2019un de 17\u00a0places \u00e0 Belsunce (1<sup>er<\/sup>\u00a0arr.), et un autre de 10\u00a0chambres individuelles pour les femmes, dans un b\u00e2timent municipal du 9<sup>e<\/sup>\u00a0arrondissement. \u00ab\u00a0<i>Cela pr\u00e9figure une r\u00e9ponse plus globale et plus coordonn\u00e9e d\u2019une \u00e9chelle nouvelle, <\/i>d\u00e9fend Anthony Gon\u00e7alves. <i>Pour peu que l\u2019\u00c9tat mobilise les moyens n\u00e9cessaires.<\/i><i>\u00a0<\/i>\u00bb<\/p>\n<\/p><\/div>\n","protected":false},"excerpt":{"rendered":"&laquo; La responsabilit&eacute; de l&rsquo;&Eacute;tat doit &ecirc;tre point&eacute;e&nbsp;&raquo;, insiste l&rsquo;adjoint (PCF) &agrave; la sant&eacute;, Anthony Gon&ccedil;alves. Trois ans apr&egrave;s les premi&egrave;res alertes &#8230;","protected":false},"author":1,"featured_media":39086,"comment_status":"open","ping_status":"open","sticky":false,"template":"","format":"standard","meta":{"footnotes":""},"categories":[3926,3925,330,20],"tags":[2508,10,2059,1900,2473,16,1188,250,256,2060,99],"news-destination":[3944],"news-source":[475],"is_homepage":[],"ta_other":[],"class_list":["post-39085","post","type-post","status-publish","format-standard","has-post-thumbnail","hentry","category-accueil-merge","category-accueil-third","category-politique","category-societe","tag-anthony-goncalves","tag-bouches-du-rhone","tag-drogue","tag-etat","tag-halte-soins-addictions","tag-marseille","tag-moyens","tag-pcf","tag-sante","tag-trafic-de-stupefiants","tag-ville-de-marseille","news-destination-homepage","news-source-website"],"_links":{"self":[{"href":"https:\/\/euapp01.newsmemory.com\/lamarseillaise\/news\/wp-json\/wp\/v2\/posts\/39085","targetHints":{"allow":["GET"]}}],"collection":[{"href":"https:\/\/euapp01.newsmemory.com\/lamarseillaise\/news\/wp-json\/wp\/v2\/posts"}],"about":[{"href":"https:\/\/euapp01.newsmemory.com\/lamarseillaise\/news\/wp-json\/wp\/v2\/types\/post"}],"author":[{"embeddable":true,"href":"https:\/\/euapp01.newsmemory.com\/lamarseillaise\/news\/wp-json\/wp\/v2\/users\/1"}],"replies":[{"embeddable":true,"href":"https:\/\/euapp01.newsmemory.com\/lamarseillaise\/news\/wp-json\/wp\/v2\/comments?post=39085"}],"version-history":[{"count":1,"href":"https:\/\/euapp01.newsmemory.com\/lamarseillaise\/news\/wp-json\/wp\/v2\/posts\/39085\/revisions"}],"predecessor-version":[{"id":39087,"href":"https:\/\/euapp01.newsmemory.com\/lamarseillaise\/news\/wp-json\/wp\/v2\/posts\/39085\/revisions\/39087"}],"wp:featuredmedia":[{"embeddable":true,"href":"https:\/\/euapp01.newsmemory.com\/lamarseillaise\/news\/wp-json\/wp\/v2\/media\/39086"}],"wp:attachment":[{"href":"https:\/\/euapp01.newsmemory.com\/lamarseillaise\/news\/wp-json\/wp\/v2\/media?parent=39085"}],"wp:term":[{"taxonomy":"category","embeddable":true,"href":"https:\/\/euapp01.newsmemory.com\/lamarseillaise\/news\/wp-json\/wp\/v2\/categories?post=39085"},{"taxonomy":"post_tag","embeddable":true,"href":"https:\/\/euapp01.newsmemory.com\/lamarseillaise\/news\/wp-json\/wp\/v2\/tags?post=39085"},{"taxonomy":"news-destination","embeddable":true,"href":"https:\/\/euapp01.newsmemory.com\/lamarseillaise\/news\/wp-json\/wp\/v2\/news-destination?post=39085"},{"taxonomy":"news-source","embeddable":true,"href":"https:\/\/euapp01.newsmemory.com\/lamarseillaise\/news\/wp-json\/wp\/v2\/news-source?post=39085"},{"taxonomy":"is_homepage","embeddable":true,"href":"https:\/\/euapp01.newsmemory.com\/lamarseillaise\/news\/wp-json\/wp\/v2\/is_homepage?post=39085"},{"taxonomy":"ta_other","embeddable":true,"href":"https:\/\/euapp01.newsmemory.com\/lamarseillaise\/news\/wp-json\/wp\/v2\/ta_other?post=39085"}],"curies":[{"name":"wp","href":"https:\/\/api.w.org\/{rel}","templated":true}]}}