{"id":39082,"date":"2026-08-12T06:41:00","date_gmt":"2026-08-12T04:41:00","guid":{"rendered":"https:\/\/euapp01.newsmemory.com\/lamarseillaise\/news\/?p=39082"},"modified":"2026-08-19T07:05:54","modified_gmt":"2026-08-19T05:05:54","slug":"pres-de-trois-siecles-declipses-solaires-racontees-dans-les-archives","status":"publish","type":"post","link":"https:\/\/euapp01.newsmemory.com\/lamarseillaise\/news\/2026\/08\/12\/pres-de-trois-siecles-declipses-solaires-racontees-dans-les-archives\/","title":{"rendered":"Pr\u00e8s de trois si\u00e8cles d\u2019\u00e9clipses solaires racont\u00e9es dans les archives"},"content":{"rendered":"<div class=\"paragraph\">\n<p>\u00ab <i>O<\/i><i>h, il a amen\u00e9 des lunettes !<\/i>\u00a0\u00bb \u00c0 l\u2019entr\u00e9e de l\u2019auditorium de la biblioth\u00e8que de l\u2019Alcazar, Martine ne cache pas son enthousiasme. \u00c0 ses c\u00f4t\u00e9s, Ghislaine lui r\u00e9pond\u00a0:<i> <\/i>\u00ab\u00a0<i>Je suis all\u00e9e acheter les miennes \u00e0 l\u2019Observatoire. On m\u2019a dit de bien faire attention \u00e0 ne pas les rayer et \u00e0 ne pas les d\u00e9baller avant le jour<\/i><i>\u00a0<\/i><i>J<\/i>\u00a0\u00bb. Comme elles, une soixantaine de curieux ont rempli la salle pour assister \u00e0 la conf\u00e9rence de Michel Marcelin consacr\u00e9e aux \u00ab\u00a0<i>300<\/i><i>\u00a0<\/i><i>ans d\u2019\u00e9clipses solaires \u00e0 Marseille<\/i>\u00a0\u00bb<i>.<\/i><\/p>\n<p>D\u2019embl\u00e9e, l\u2019astrophysicien du Laboratoire d\u2019astrophysique de Marseille, ram\u00e8ne le ph\u00e9nom\u00e8ne \u00e0 l\u2019\u00e9chelle de la cit\u00e9 phoc\u00e9enne. \u00ab\u00a0<i>Si on consid\u00e8re la Terre comme un ballon de football et la Lune comme une balle de ping-pong \u00e0 l\u2019autre bout de la pi\u00e8ce, le Soleil est une montgolfi\u00e8re au niveau du Mucem ou \u00e0 l\u2019entr\u00e9e du Vieux-Port<\/i>\u00a0\u00bb, sch\u00e9matise-t-il<i>. <\/i>Une comparaison qui aide \u00e0 comprendre pourquoi, ce mercredi, l\u2019\u00e9clipse ne sera que partielle \u00e0 Marseille. \u00ab<i>\u00a0<\/i><i>La Lune cachera 96% du Soleil. Si vous voulez la voir totale, il faut aller en Espagne. Mais ici, 4% du Soleil sera visible<\/i>\u00a0\u00bb, souligne-t-il.<\/p>\n<p>Pourquoi un tel spectacle reste-t-il si rare\u00a0? Parce que l\u2019orbite de la Lune est inclin\u00e9e de cinq degr\u00e9s par rapport \u00e0 celle de la Terre autour du Soleil.<i> <\/i>\u00ab\u00a0<i>\u00c7a suffit pour qu\u2019elle passe parfois au-dessus ou au-dessous<\/i>\u00a0\u00bb, r\u00e9sume Michel Marcelin. Rare, au point que Marseille n\u2019a connu qu\u2019une seule \u00e9clipse totale en trois si\u00e8cles\u00a0: le 8\u00a0juillet 1842.<\/p>\n<p>Ce jour-l\u00e0, Benjamin Valz, directeur de l\u2019Observatoire de Marseille, observe le ph\u00e9nom\u00e8ne depuis les Accoules tandis que Jean-Jacques Blanpain s\u2019installe aux Aygalades. Les notes de Benjamin Valz, conserv\u00e9es aux archives d\u00e9partementales, ont permis \u00e0 Michel Marcelin de retracer cette journ\u00e9e. L\u2019\u00e9clipse n\u2019a dur\u00e9 que deux minutes. L\u2019astrophysicien d\u00e9crit notamment les c\u00e9l\u00e8bres \u00ab\u00a0grains de Baily\u00a0\u00bb, ces perles lumineuses provoqu\u00e9es par le relief de la Lune au moment o\u00f9 le Soleil r\u00e9appara\u00eet. \u00ab\u00a0<i>Si vous \u00eates en Espagne, peut-\u00eatre pourrez-vous les voir<\/i><i>\u00a0<\/i>\u00bb, glisse-t-il.<\/p>\n<\/p><\/div>\n<div class=\"intext\"> Prochaine \u00e9clipse totale en 2081\n              <\/div>\n<div class=\"paragraph\">\n<p>Au fil des cartes et des photographies, l\u2019astrophysicien rappelle que Marseille a connu de nombreuses \u00e9clipses partielles, notamment celle de 1961, lorsque le Soleil avait \u00e9t\u00e9 masqu\u00e9 \u00e0 99,9%. La derni\u00e8re \u00e9clipse totale visible en France remonte, elle, au 11\u00a0ao\u00fbt 1999. La prochaine n\u2019est attendue qu\u2019en\u00a02081, mais elle ne sera encore que partielle \u00e0 Marseille.<\/p>\n<p>Dans le public, l\u2019histoire nourrit d\u00e9j\u00e0 l\u2019impatience.<i> <\/i>\u00ab\u00a0<i>\u00c7a sera ma premi\u00e8re \u00e9clipse \u00e0 75<\/i><i>\u00a0<\/i><i>ans<\/i>\u00a0\u00bb<i>,<\/i> confie Ghislaine, qui pr\u00e9voit de suivre les conseils de Michel Marcelin et d\u2019aller observer le ph\u00e9nom\u00e8ne au stade nautique Florence-Artaud. Zohra, venue pr\u00e9parer ce moment avec sa fille de 11\u00a0ans, repart \u00ab\u00a0<i>plus fut\u00e9e que jamais<\/i>\u00a0\u00bb apr\u00e8s avoir d\u00e9couvert que les \u00e9clipses \u00e9taient bien plus fr\u00e9quentes qu\u2019elle ne l\u2019imaginait. H\u00e9l\u00e8ne, qui avait d\u00e9j\u00e0 assist\u00e9 \u00e0 celle de\u00a01999 en Normandie, esp\u00e8re cette fois \u00ab\u00a0<i>partager ce moment exceptionnel avec toute [s]a famille<\/i>\u00a0\u00bb.<\/p>\n<p>Ce mercredi, l\u2019Acad\u00e9mie des sciences, lettres et arts de Marseille accueille le public d\u00e8s 18h au stade nautique Florence-Artaud. Des lunettes sp\u00e9ciales \u00e9clipse seront distribu\u00e9es gratuitement. Michel Marcelin y commentera en direct le ph\u00e9nom\u00e8ne, tandis qu\u2019une vingtaine d\u2019astronomes amateurs accompagneront les observations.<\/p>\n<p>Trois si\u00e8cles apr\u00e8s les premiers r\u00e9cits conserv\u00e9s \u00e0 Marseille, une nouvelle page d\u2019histoire s\u2019appr\u00eate \u00e0 s\u2019\u00e9crire, les yeux tourn\u00e9s vers le ciel.<\/p>\n<\/p><\/div>\n","protected":false},"excerpt":{"rendered":"&laquo; Oh, il a amen&eacute; des lunettes !&nbsp;&raquo; &Agrave; l&rsquo;entr&eacute;e de l&rsquo;auditorium de la biblioth&egrave;que de l&rsquo;Alcazar, Martine ne cache pas son enthousiasme. &Agrave; ses c&ocirc;t&eacute;s, Ghislaine lui &#8230;","protected":false},"author":1,"featured_media":39083,"comment_status":"open","ping_status":"open","sticky":false,"template":"","format":"standard","meta":{"footnotes":""},"categories":[3926,3925,20],"tags":[2922,1280,3444,1995,10,225,147,6236,280,216,16,353,4823,1226,1444,383,99],"news-destination":[3944],"news-source":[475],"is_homepage":[],"ta_other":[],"class_list":["post-39082","post","type-post","status-publish","format-standard","has-post-thumbnail","hentry","category-accueil-merge","category-accueil-third","category-societe","tag-alcazar","tag-archives","tag-astrophysique","tag-bibliotheques","tag-bouches-du-rhone","tag-ciel","tag-conference","tag-eclipse","tag-histoire","tag-lune","tag-marseille","tag-sciences","tag-solaire","tag-soleil","tag-stade-nautique","tag-terre","tag-ville-de-marseille","news-destination-homepage","news-source-website"],"_links":{"self":[{"href":"https:\/\/euapp01.newsmemory.com\/lamarseillaise\/news\/wp-json\/wp\/v2\/posts\/39082","targetHints":{"allow":["GET"]}}],"collection":[{"href":"https:\/\/euapp01.newsmemory.com\/lamarseillaise\/news\/wp-json\/wp\/v2\/posts"}],"about":[{"href":"https:\/\/euapp01.newsmemory.com\/lamarseillaise\/news\/wp-json\/wp\/v2\/types\/post"}],"author":[{"embeddable":true,"href":"https:\/\/euapp01.newsmemory.com\/lamarseillaise\/news\/wp-json\/wp\/v2\/users\/1"}],"replies":[{"embeddable":true,"href":"https:\/\/euapp01.newsmemory.com\/lamarseillaise\/news\/wp-json\/wp\/v2\/comments?post=39082"}],"version-history":[{"count":1,"href":"https:\/\/euapp01.newsmemory.com\/lamarseillaise\/news\/wp-json\/wp\/v2\/posts\/39082\/revisions"}],"predecessor-version":[{"id":39084,"href":"https:\/\/euapp01.newsmemory.com\/lamarseillaise\/news\/wp-json\/wp\/v2\/posts\/39082\/revisions\/39084"}],"wp:featuredmedia":[{"embeddable":true,"href":"https:\/\/euapp01.newsmemory.com\/lamarseillaise\/news\/wp-json\/wp\/v2\/media\/39083"}],"wp:attachment":[{"href":"https:\/\/euapp01.newsmemory.com\/lamarseillaise\/news\/wp-json\/wp\/v2\/media?parent=39082"}],"wp:term":[{"taxonomy":"category","embeddable":true,"href":"https:\/\/euapp01.newsmemory.com\/lamarseillaise\/news\/wp-json\/wp\/v2\/categories?post=39082"},{"taxonomy":"post_tag","embeddable":true,"href":"https:\/\/euapp01.newsmemory.com\/lamarseillaise\/news\/wp-json\/wp\/v2\/tags?post=39082"},{"taxonomy":"news-destination","embeddable":true,"href":"https:\/\/euapp01.newsmemory.com\/lamarseillaise\/news\/wp-json\/wp\/v2\/news-destination?post=39082"},{"taxonomy":"news-source","embeddable":true,"href":"https:\/\/euapp01.newsmemory.com\/lamarseillaise\/news\/wp-json\/wp\/v2\/news-source?post=39082"},{"taxonomy":"is_homepage","embeddable":true,"href":"https:\/\/euapp01.newsmemory.com\/lamarseillaise\/news\/wp-json\/wp\/v2\/is_homepage?post=39082"},{"taxonomy":"ta_other","embeddable":true,"href":"https:\/\/euapp01.newsmemory.com\/lamarseillaise\/news\/wp-json\/wp\/v2\/ta_other?post=39082"}],"curies":[{"name":"wp","href":"https:\/\/api.w.org\/{rel}","templated":true}]}}