{"id":39067,"date":"2026-08-11T10:22:00","date_gmt":"2026-08-11T08:22:00","guid":{"rendered":"https:\/\/euapp01.newsmemory.com\/lamarseillaise\/news\/?p=39067"},"modified":"2026-08-14T11:00:12","modified_gmt":"2026-08-14T09:00:12","slug":"la-feria-de-beziers-va-sembraser","status":"publish","type":"post","link":"https:\/\/euapp01.newsmemory.com\/lamarseillaise\/news\/2026\/08\/11\/la-feria-de-beziers-va-sembraser\/","title":{"rendered":"La Feria de B\u00e9ziers va s\u2019embraser"},"content":{"rendered":"<div class=\"paragraph\">\n<p>Depuis 1968, elle est devenue un tel rituel qu\u2019on en oublierait presque que la Feria de B\u00e9ziers est, avec sa voisine n\u00eemoise, l\u2019\u00e9v\u00e9nement qui r\u00e9unit chaque ann\u00e9e le plus de monde en Occitanie.<\/p>\n<p>Cette ann\u00e9e encore, du 12 au 16\u00a0ao\u00fbt, les Biterrois et les touristes, qu\u2019ils soient aficionados, f\u00eatards ou simples curieux, seront pr\u00e8s d\u2019un million \u00e0 s\u2019immerger cinq jours durant dans la cit\u00e9 Paul Riquet entre traditions, c\u00e9r\u00e9monies et festivit\u00e9s.<\/p>\n<p>Raison d\u2019\u00eatre de la Feria, la tradition tauromachique sera au c\u0153ur de l\u2019\u00e9v\u00e9nement. \u00c0 commencer par les spectacles dans les ar\u00e8nes, qui semblent toutefois souffrir d\u2019une lente et continue \u00e9rosion des aficionados. Quatre corridas sont pr\u00e9vues du 13 au 16\u00a0ao\u00fbt chaque jour \u00e0 18h. Celle d\u2019El Parralejo lance les hostilit\u00e9s jeudi 13 avec Alejandro Talavante, David de Miranda et le local de l\u2019\u00e9tape, S\u00e9bastien Castella. Le lendemain, place \u00e0 la corrida de Garcia Jimenez avec Emilio de Justo, Juan Ortega, Andr\u00e9s Roca Rey. Samedi 15\u00a0ao\u00fbt, Diego Ventura, L\u00e9a Vicens seront les acteurs de la corrida de rejon de Fermin Bohorquez. Enfin, dimanche 16, Juan Leal, Carlos Olsina, Christian Parejo affronteront les taureaux de Robert Marg\u00e9.<\/p>\n<p>\u00c0 noter que 3\u00a0novilladas sont \u00e9galement au programme du 14 au 16\u00a0ao\u00fbt \u00e0 11h. Les deux premi\u00e8res (de Roland Durand) sans picadors avec les \u00e9l\u00e8ves de l\u2019\u00e9cole taurine de B\u00e9ziers. La troisi\u00e8me (4 novillos de Robert Marg\u00e9 et 2 de Julio de la Puerta) mettra aux prises Olga Casado, Victor et Clovis.<\/p>\n<\/p><\/div>\n<div class=\"intext\"> D\u00e9fil\u00e9s, concerts et sport\n              <\/div>\n<div class=\"paragraph\">\n<p>Hors des ar\u00e8nes o\u00f9 se d\u00e9roulent aussi des spectacles de voltige et d\u2019art \u00e9questre en soir\u00e9e ainsi que des toros piscine, la tradition taurine inonde toute la ville. Les abrivados, ces l\u00e2chers de taureaux encadr\u00e9s par des gardians \u00e0 cheval sur les all\u00e9es Paul Riquet, animeront la Feria au rythme du passage des fanfares (bandas y pe\u00f1as). Outre le patio des pitchouns \u00e0 l\u2019\u00e9cole Casimir P\u00e9ret (village occitan), les familles pourront appr\u00e9cier chaque soir \u00e0 22h30 et 23h place de la Madelaine le spectacle sons et lumi\u00e8res.<\/p>\n<p>Un soir \u00e0 la Feria, c\u2019est aussi faire un choix de bodega et donc de musique. Du c\u00f4t\u00e9 de la sc\u00e8ne pop\/DJ du parvis du th\u00e9\u00e2tre municipal, on retrouvera DJ Cassou, Morgan Rotondo et Mathieu Bost (12\u00a0ao\u00fbt), le grand concert RTS Live (13\u00a0ao\u00fbt), une soir\u00e9e ann\u00e9es quatre-vingt avec concert des pe\u00f1as et bandas et paquito g\u00e9ant (14 ao\u00fbt) puis le Show DJ\u2019s avec Le Kid et Ma\u00e9va Carter (15 ao\u00fbt). Au village occitan, apr\u00e8s les bals traditionnels de 20h, de grands concerts sont pr\u00e9vus \u00e0 partir de 22h avec Giramundo (mercredi), Fucking Freedi (vendredi), Christian Almerge \/ TEST (samedi) et Goulamas\u2019K (dimanche). Enfin, au bas des all\u00e9es, au village de la 3<sup>e<\/sup>\u00a0mi-temps, le trublion Ricoune fera deux apparitions (les 12 et 15 ao\u00fbt \u00e0 23h) apr\u00e8s le concert festif du groupe auvergnat Wazoo mercredi 21h) et du Tribute Florent Pagny par Marc Amsellem (samedi 21h).<\/p>\n<p>Comme chaque ann\u00e9e depuis l\u2019arriv\u00e9e de Robert M\u00e9nard en 2014, la 59<sup>e<\/sup> Feria s\u2019ouvrira sur une s\u00e9rie de c\u00e9r\u00e9monies religieuses en pr\u00e9sence du maire d\u2019extr\u00eame droite qui s\u2019assoit sur le principe de la\u00efcit\u00e9. Apr\u00e8s la procession de la vierge (12\u00a0ao\u00fbt \u00e0 19h), la grande messe (19h30) ouvrira la Feria dans les ar\u00e8nes avant la grande parade nocturne en ville (20h45) avec des chars g\u00e9ants. \u00c0 noter que deux \u00e9v\u00e9nements sportifs se tiendront en amont de cette inauguration officielle. D\u2019abord le match de rugby entre l\u2019ASBH et le Racing Club Narbonnais (11\u00a0ao\u00fbt, 19h30 au stade Raoul Barri\u00e8re). Le lendemain d\u00e8s 9h, les plus courageux s\u2019\u00e9lanceront depuis les all\u00e9es pour la course des 10 km de la Feria.<\/p>\n<\/p><\/div>\n<div class=\"paragraph\">\n<p><i>* D\u00e9tails sur le<a rel=\"nofollow noopener noreferrer\" href=\"https:\/\/www.beziers-mediterranee.com\/\" target=\"_blank\"> site de l\u2019office de tourisme B\u00e9ziers M\u00e9diterran\u00e9e<\/a>.<\/i><\/p>\n<\/p><\/div>\n","protected":false},"excerpt":{"rendered":"Depuis 1968, elle est devenue un tel rituel qu&rsquo;on en oublierait presque que la Feria de B&eacute;ziers est, avec sa voisine n&icirc;moise, l&rsquo;&eacute;v&eacute;nement qui r&eacute;unit chaque ann&eacute;e le plus de monde en &#8230;","protected":false},"author":1,"featured_media":39068,"comment_status":"open","ping_status":"open","sticky":false,"template":"","format":"standard","meta":{"footnotes":""},"categories":[918,3926,3925,32,20],"tags":[4699,6237,34,400,1908,688,683,466,239,681,689,325,5597,284,1662,440,5598],"news-destination":[3944],"news-source":[475],"is_homepage":[],"ta_other":[],"class_list":["post-39067","post","type-post","status-publish","format-standard","has-post-thumbnail","hentry","category-accueil","category-accueil-merge","category-accueil-third","category-culture","category-societe","tag-arenes","tag-bodega","tag-concert","tag-concerts","tag-corrida","tag-defile","tag-feria","tag-fete","tag-herault","tag-laicite","tag-messe","tag-musique","tag-novillada","tag-occitanie","tag-office-de-tourisme","tag-robert-menard","tag-tauromachie","news-destination-homepage","news-source-website"],"_links":{"self":[{"href":"https:\/\/euapp01.newsmemory.com\/lamarseillaise\/news\/wp-json\/wp\/v2\/posts\/39067","targetHints":{"allow":["GET"]}}],"collection":[{"href":"https:\/\/euapp01.newsmemory.com\/lamarseillaise\/news\/wp-json\/wp\/v2\/posts"}],"about":[{"href":"https:\/\/euapp01.newsmemory.com\/lamarseillaise\/news\/wp-json\/wp\/v2\/types\/post"}],"author":[{"embeddable":true,"href":"https:\/\/euapp01.newsmemory.com\/lamarseillaise\/news\/wp-json\/wp\/v2\/users\/1"}],"replies":[{"embeddable":true,"href":"https:\/\/euapp01.newsmemory.com\/lamarseillaise\/news\/wp-json\/wp\/v2\/comments?post=39067"}],"version-history":[{"count":1,"href":"https:\/\/euapp01.newsmemory.com\/lamarseillaise\/news\/wp-json\/wp\/v2\/posts\/39067\/revisions"}],"predecessor-version":[{"id":39069,"href":"https:\/\/euapp01.newsmemory.com\/lamarseillaise\/news\/wp-json\/wp\/v2\/posts\/39067\/revisions\/39069"}],"wp:featuredmedia":[{"embeddable":true,"href":"https:\/\/euapp01.newsmemory.com\/lamarseillaise\/news\/wp-json\/wp\/v2\/media\/39068"}],"wp:attachment":[{"href":"https:\/\/euapp01.newsmemory.com\/lamarseillaise\/news\/wp-json\/wp\/v2\/media?parent=39067"}],"wp:term":[{"taxonomy":"category","embeddable":true,"href":"https:\/\/euapp01.newsmemory.com\/lamarseillaise\/news\/wp-json\/wp\/v2\/categories?post=39067"},{"taxonomy":"post_tag","embeddable":true,"href":"https:\/\/euapp01.newsmemory.com\/lamarseillaise\/news\/wp-json\/wp\/v2\/tags?post=39067"},{"taxonomy":"news-destination","embeddable":true,"href":"https:\/\/euapp01.newsmemory.com\/lamarseillaise\/news\/wp-json\/wp\/v2\/news-destination?post=39067"},{"taxonomy":"news-source","embeddable":true,"href":"https:\/\/euapp01.newsmemory.com\/lamarseillaise\/news\/wp-json\/wp\/v2\/news-source?post=39067"},{"taxonomy":"is_homepage","embeddable":true,"href":"https:\/\/euapp01.newsmemory.com\/lamarseillaise\/news\/wp-json\/wp\/v2\/is_homepage?post=39067"},{"taxonomy":"ta_other","embeddable":true,"href":"https:\/\/euapp01.newsmemory.com\/lamarseillaise\/news\/wp-json\/wp\/v2\/ta_other?post=39067"}],"curies":[{"name":"wp","href":"https:\/\/api.w.org\/{rel}","templated":true}]}}