{"id":39064,"date":"2026-08-11T10:17:00","date_gmt":"2026-08-11T08:17:00","guid":{"rendered":"https:\/\/euapp01.newsmemory.com\/lamarseillaise\/news\/?p=39064"},"modified":"2026-08-18T10:01:55","modified_gmt":"2026-08-18T08:01:55","slug":"entretien-eclipse-partielle-cest-un-phenomene-relativement-rare","status":"publish","type":"post","link":"https:\/\/euapp01.newsmemory.com\/lamarseillaise\/news\/2026\/08\/11\/entretien-eclipse-partielle-cest-un-phenomene-relativement-rare\/","title":{"rendered":"[Entretien] Eclipse partielle : \u00ab C\u2019est un ph\u00e9nom\u00e8ne relativement rare \u00bb"},"content":{"rendered":"<div class=\"paragraph\">\n<p>La Marseillaise : <b>Pourquoi cette \u00e9clipse est-elle consid\u00e9r\u00e9e comme un \u00e9v\u00e9nement exceptionnel<\/b><b>\u00a0<\/b><b>?<\/b><\/p>\n<p>Jean Marie Lopez\u00a0: Il s\u2019agit d\u2019une \u00e9clipse totale dont la bande de totalit\u00e9 traversera une partie de l\u2019Europe, en touchant notamment l\u2019ouest de l\u2019Islande, puis le nord de l\u2019Espagne, avant de se prolonger vers les Bal\u00e9ares. En revanche, la France restera en dehors de cette zone de totalit\u00e9. Nous observerons une \u00e9clipse partielle, avec une occultation du soleil pouvant d\u00e9passer 95% dans plusieurs r\u00e9gions. C\u2019est un ph\u00e9nom\u00e8ne relativement rare, puisque la derni\u00e8re \u00e9clipse totale observable depuis la France remonte \u00e0 1999.<\/p>\n<p><b>Que se passe-t-il dans le ciel au moment d\u2019une \u00e9clipse solaire<\/b><b>\u00a0<\/b><b>?<\/b><\/p>\n<p>J.M.L.\u00a0: Une \u00e9clipse solaire correspond au passage de la lune devant le soleil. Selon l\u2019endroit o\u00f9 l\u2019on se trouve, si l\u2019on n\u2019est pas dans la zone de totalit\u00e9, une partie du disque solaire reste visible. En France, nous assisterons \u00e0 une \u00e9clipse partielle. Le soleil sera progressivement \u00ab\u00a0mang\u00e9\u00a0\u00bb par la Lune, mais un arc lumineux restera toujours apparent.<\/p>\n<p><b>M\u00eame si l\u2019\u00e9clipse ne sera que partielle en Occitanie,<br \/>pourra-t-on tout de m\u00eame profiter du spectacle<\/b><b>\u00a0<\/b><b>? O\u00f9 conseillez-vous de l\u2019observer<\/b><b>\u00a0<\/b><b>?<\/b><\/p>\n<p>J.M.L.\u00a0: \u00c0 Montpellier, environ 96% du soleil seront occult\u00e9s, ce qui reste un spectacle remarquable. Il faudra toutefois \u00eatre pr\u00eat assez t\u00f4t, car le ph\u00e9nom\u00e8ne se d\u00e9roulera en fin de journ\u00e9e, au moment du coucher du soleil. Les observateurs devront se positionner d\u00e8s 20h environ, avec une phase particuli\u00e8rement int\u00e9ressante entre 20h15 et 20h30. Les quelques pourcents de soleil encore visibles imposeront le port de lunettes homologu\u00e9es ou de filtres solaires adapt\u00e9s.<\/p>\n<p>Le soleil \u00e9tant tr\u00e8s bas sur l\u2019horizon au moment du ph\u00e9nom\u00e8ne, il faudra privil\u00e9gier un point d\u2019observation avec un horizon parfaitement d\u00e9gag\u00e9 vers le nord-ouest. Le moindre obstacle\u00a0: une colline, des arbres ou des b\u00e2timents, pourra masquer l\u2019\u00e9clipse. Des secteurs en hauteur, comme les environs de Murviel-l\u00e8s-Montpellier ou encore le sommet du mont Aigoual dans les C\u00e9vennes, offriront d\u2019excellentes conditions d\u2019observation, \u00e0 condition que la m\u00e9t\u00e9o soit favorable.<\/p>\n<p><b>Une \u00e9clipse solaire attire toujours beaucoup de curieux, mais elle comporte aussi des risques. Quelles sont les pr\u00e9cautions \u00e0 prendre pour observer le soleil sans danger<\/b><b>\u00a0<\/b><b>? <\/b><\/p>\n<p>J.M.L.\u00a0: Pour observer une \u00e9clipse solaire en toute s\u00e9curit\u00e9, il faut imp\u00e9rativement utiliser des lunettes homologu\u00e9es norme ISO 12312-2 ou des filtres sp\u00e9cialement con\u00e7us pour l\u2019observation du soleil. Les lunettes de soleil, les verres fum\u00e9s, les radiographies ou tout autre syst\u00e8me de fortune sont \u00e0 proscrire. Ils ne filtrent pas les infrarouges, qui peuvent br\u00fbler la r\u00e9tine sans provoquer de douleur. Il ne faut jamais observer le soleil avec des jumelles, une longue-vue ou un t\u00e9lescope d\u00e9pourvus de filtres adapt\u00e9s. Les br\u00fblures de la r\u00e9tine sont irr\u00e9versibles. En France, o\u00f9 l\u2019\u00e9clipse sera seulement partielle, il est interdit de retirer sa protection \u00e0 quelque moment que ce soit. Seule la zone de totalit\u00e9 permet d\u2019observer le ph\u00e9nom\u00e8ne \u00e0 l\u2019\u0153il nu, et uniquement pendant la phase o\u00f9 le soleil est enti\u00e8rement occult\u00e9.<\/p>\n<p><b>Pourquoi, selon vous, faut-il vivre une \u00e9clipse totale au moins une fois dans sa vie<\/b><b>\u00a0<\/b><b>? <\/b><\/p>\n<p>J.M.L.\u00a0: C\u2019est toute la magie des \u00e9clipses de soleil. On observe un soleil noir avec des protub\u00e9rances et surtout la couronne solaire qui s\u2019\u00e9tend sur des milliers de kilom\u00e8tres comme une chevelure autour de notre \u00e9toile. Lorsqu\u2019on n\u2019a jamais assist\u00e9 \u00e0 un tel spectacle, on a du mal \u00e0 imaginer \u00e0 quel point il est grandiose.<\/p>\n<p><b>Propos recueillis par Am\u00e9lia Siapo<\/b><\/p>\n<\/p><\/div>\n<div class=\"paragraph\">\n<p><i>* D\u00e9but de l\u2019\u00e9clipse partielle \u00e0 Montpellier : 19h31. Maximum de l\u2019\u00e9clipse : 20h25. Coucher du Soleil : 20h53.<\/i><\/p>\n<\/p><\/div>\n","protected":false},"excerpt":{"rendered":"La Marseillaise : Pourquoi cette &eacute;clipse est-elle consid&eacute;r&eacute;e comme un &eacute;v&eacute;nement exceptionnel&nbsp;?","protected":false},"author":1,"featured_media":39065,"comment_status":"open","ping_status":"open","sticky":false,"template":"","format":"standard","meta":{"footnotes":""},"categories":[3926,3925,333,20],"tags":[224,225,6236,343,238,239,216,240,284,1226],"news-destination":[3944],"news-source":[475],"is_homepage":[],"ta_other":[],"class_list":["post-39064","post","type-post","status-publish","format-standard","has-post-thumbnail","hentry","category-accueil-merge","category-accueil-third","category-environnement","category-societe","tag-astronomie","tag-ciel","tag-eclipse","tag-entretien","tag-gard","tag-herault","tag-lune","tag-montpellier","tag-occitanie","tag-soleil","news-destination-homepage","news-source-website"],"_links":{"self":[{"href":"https:\/\/euapp01.newsmemory.com\/lamarseillaise\/news\/wp-json\/wp\/v2\/posts\/39064","targetHints":{"allow":["GET"]}}],"collection":[{"href":"https:\/\/euapp01.newsmemory.com\/lamarseillaise\/news\/wp-json\/wp\/v2\/posts"}],"about":[{"href":"https:\/\/euapp01.newsmemory.com\/lamarseillaise\/news\/wp-json\/wp\/v2\/types\/post"}],"author":[{"embeddable":true,"href":"https:\/\/euapp01.newsmemory.com\/lamarseillaise\/news\/wp-json\/wp\/v2\/users\/1"}],"replies":[{"embeddable":true,"href":"https:\/\/euapp01.newsmemory.com\/lamarseillaise\/news\/wp-json\/wp\/v2\/comments?post=39064"}],"version-history":[{"count":1,"href":"https:\/\/euapp01.newsmemory.com\/lamarseillaise\/news\/wp-json\/wp\/v2\/posts\/39064\/revisions"}],"predecessor-version":[{"id":39066,"href":"https:\/\/euapp01.newsmemory.com\/lamarseillaise\/news\/wp-json\/wp\/v2\/posts\/39064\/revisions\/39066"}],"wp:featuredmedia":[{"embeddable":true,"href":"https:\/\/euapp01.newsmemory.com\/lamarseillaise\/news\/wp-json\/wp\/v2\/media\/39065"}],"wp:attachment":[{"href":"https:\/\/euapp01.newsmemory.com\/lamarseillaise\/news\/wp-json\/wp\/v2\/media?parent=39064"}],"wp:term":[{"taxonomy":"category","embeddable":true,"href":"https:\/\/euapp01.newsmemory.com\/lamarseillaise\/news\/wp-json\/wp\/v2\/categories?post=39064"},{"taxonomy":"post_tag","embeddable":true,"href":"https:\/\/euapp01.newsmemory.com\/lamarseillaise\/news\/wp-json\/wp\/v2\/tags?post=39064"},{"taxonomy":"news-destination","embeddable":true,"href":"https:\/\/euapp01.newsmemory.com\/lamarseillaise\/news\/wp-json\/wp\/v2\/news-destination?post=39064"},{"taxonomy":"news-source","embeddable":true,"href":"https:\/\/euapp01.newsmemory.com\/lamarseillaise\/news\/wp-json\/wp\/v2\/news-source?post=39064"},{"taxonomy":"is_homepage","embeddable":true,"href":"https:\/\/euapp01.newsmemory.com\/lamarseillaise\/news\/wp-json\/wp\/v2\/is_homepage?post=39064"},{"taxonomy":"ta_other","embeddable":true,"href":"https:\/\/euapp01.newsmemory.com\/lamarseillaise\/news\/wp-json\/wp\/v2\/ta_other?post=39064"}],"curies":[{"name":"wp","href":"https:\/\/api.w.org\/{rel}","templated":true}]}}