{"id":39058,"date":"2026-08-11T09:40:00","date_gmt":"2026-08-11T07:40:00","guid":{"rendered":"https:\/\/euapp01.newsmemory.com\/lamarseillaise\/news\/?p=39058"},"modified":"2026-08-18T08:30:34","modified_gmt":"2026-08-18T06:30:34","slug":"cest-lete-monuments-marseillais-en-modeles-reduits","status":"publish","type":"post","link":"https:\/\/euapp01.newsmemory.com\/lamarseillaise\/news\/2026\/08\/11\/cest-lete-monuments-marseillais-en-modeles-reduits\/","title":{"rendered":"[C\u2019est l\u2019\u00e9t\u00e9] Monuments marseillais en mod\u00e8les r\u00e9duits"},"content":{"rendered":"<div class=\"paragraph\">\n<p>Sit\u00f4t le seuil des Archives municipales de Marseille franchi, une maquette de la Villa Palestine, ce \u00ab\u00a0pastiche architectural\u00a0\u00bb de style n\u00e9o-mauresque \u00e9difi\u00e9 au d\u00e9but du XX<sup>e<\/sup>\u00a0si\u00e8cle \u00e0 l\u2019Estaque, s\u2019offre \u00e0 la vue des visiteurs. Au sein de l\u2019exposition actuellement accueillie par le b\u00e2timent de la rue Clovis Hugues, \u00e0 la Belle de Mai, c\u2019est l\u2019un des 29\u00a0mod\u00e8les r\u00e9duits (sur\u00a090) du service Monuments et patrimoine historiques r\u00e9alis\u00e9 par le maquettiste Eric Majan, par ailleurs commissaire du parcours. \u00ab\u00a0<i>La protection au titre des monuments historiques sanctuarise et met en valeur les \u00e9difices publics ou priv\u00e9s concern\u00e9s. La ville en compte aujourd\u2019hui plus d\u2019une centaine, dont une quarantaine entre<\/i><i>\u00a0<\/i><i>2020 et<\/i><i>\u00a0<\/i><i>2026. C\u2019est cette politique volontariste que la pr\u00e9sente exposition entend valoriser<\/i>\u00a0\u00bb, souligne un cartel. La mise en lumi\u00e8re d\u2019une ville marqu\u00e9e par des gestes d\u2019architectes de tous ressorts parmi lesquels Henri-Jacques Esp\u00e9randieu en 1864 avec la Bonne m\u00e8re, ou encore Jean-Charles Danjoy avec le Ch\u00e2teau Pastr\u00e9 construit deux ans plus t\u00f4t \u00e0 \u00ab\u00a0l\u2019\u00e2ge d\u2019or des bastides marseillaises\u00a0\u00bb.<\/p>\n<\/p><\/div>\n<div class=\"intext\"> Maquettes et aquarelles\n              <\/div>\n<div class=\"paragraph\">\n<p>De la Cit\u00e9 radieuse du Corbusier, dont le chantier est rappel\u00e9 par des clich\u00e9s de 1952, \u00e0 la maison de Pierre Puget construite en 1681, angle rue de Rome &#8211; Rue de la Palud, Marseille rec\u00e8le de p\u00e9pites architecturales plus ou moins scrupuleusement entretenues. Dans la salle de lecture, au 1<sup>er<\/sup>\u00a0\u00e9tage, l\u2019atelier-maison construit en 1924 par Gaston Castel au 2,\u00a0rue Croix de R\u00e9gnier (4<sup>e<\/sup>), tr\u00f4ne discr\u00e8tement avec sa \u00ab\u00a0proue de bateau\u00a0\u00bb parmi d\u2019autres \u00e9difices remarquables. Outre les maquettes, \u00ab\u00a0<i>16<\/i><i>\u00a0<\/i><i>des 300<\/i><i>\u00a0<\/i><i>aquarelles de Catherine d\u2019Ortoli<\/i><i>\u00a0<\/i>\u00bb, auteur de <i>Marseille monuments<\/i> (2019, Parenth\u00e8ses), t\u00e9moignent avec minutie de la diversit\u00e9 de styles \u00e0 l\u2019\u0153uvre sur les b\u00e2timents de la ville.<\/p>\n<p>Philippe Amsellem<\/p>\n<p><i>Le lundi de 13h \u00e0 17h et du mardi au vendredi de 9h \u00e0 17h<\/i><\/p>\n<\/p><\/div>\n","protected":false},"excerpt":{"rendered":"Sit&ocirc;t le seuil des Archives municipales de Marseille franchi, une maquette de la Villa Palestine, ce &laquo;&nbsp;pastiche architectural&nbsp;&raquo; de style n&eacute;o-mauresque &eacute;difi&eacute; au d&eacute;but du XXe&nbsp;si&egrave;cle &#8230;","protected":false},"author":1,"featured_media":39059,"comment_status":"open","ping_status":"open","sticky":false,"template":"","format":"standard","meta":{"footnotes":""},"categories":[3926,3925,32],"tags":[1346,1280,10,6085,279,16,6069,1377,97],"news-destination":[3944],"news-source":[475],"is_homepage":[],"ta_other":[],"class_list":["post-39058","post","type-post","status-publish","format-standard","has-post-thumbnail","hentry","category-accueil-merge","category-accueil-third","category-culture","tag-architecture","tag-archives","tag-bouches-du-rhone","tag-cest-lete","tag-exposition","tag-marseille","tag-monument-historique","tag-monuments","tag-patrimoine","news-destination-homepage","news-source-website"],"_links":{"self":[{"href":"https:\/\/euapp01.newsmemory.com\/lamarseillaise\/news\/wp-json\/wp\/v2\/posts\/39058","targetHints":{"allow":["GET"]}}],"collection":[{"href":"https:\/\/euapp01.newsmemory.com\/lamarseillaise\/news\/wp-json\/wp\/v2\/posts"}],"about":[{"href":"https:\/\/euapp01.newsmemory.com\/lamarseillaise\/news\/wp-json\/wp\/v2\/types\/post"}],"author":[{"embeddable":true,"href":"https:\/\/euapp01.newsmemory.com\/lamarseillaise\/news\/wp-json\/wp\/v2\/users\/1"}],"replies":[{"embeddable":true,"href":"https:\/\/euapp01.newsmemory.com\/lamarseillaise\/news\/wp-json\/wp\/v2\/comments?post=39058"}],"version-history":[{"count":1,"href":"https:\/\/euapp01.newsmemory.com\/lamarseillaise\/news\/wp-json\/wp\/v2\/posts\/39058\/revisions"}],"predecessor-version":[{"id":39060,"href":"https:\/\/euapp01.newsmemory.com\/lamarseillaise\/news\/wp-json\/wp\/v2\/posts\/39058\/revisions\/39060"}],"wp:featuredmedia":[{"embeddable":true,"href":"https:\/\/euapp01.newsmemory.com\/lamarseillaise\/news\/wp-json\/wp\/v2\/media\/39059"}],"wp:attachment":[{"href":"https:\/\/euapp01.newsmemory.com\/lamarseillaise\/news\/wp-json\/wp\/v2\/media?parent=39058"}],"wp:term":[{"taxonomy":"category","embeddable":true,"href":"https:\/\/euapp01.newsmemory.com\/lamarseillaise\/news\/wp-json\/wp\/v2\/categories?post=39058"},{"taxonomy":"post_tag","embeddable":true,"href":"https:\/\/euapp01.newsmemory.com\/lamarseillaise\/news\/wp-json\/wp\/v2\/tags?post=39058"},{"taxonomy":"news-destination","embeddable":true,"href":"https:\/\/euapp01.newsmemory.com\/lamarseillaise\/news\/wp-json\/wp\/v2\/news-destination?post=39058"},{"taxonomy":"news-source","embeddable":true,"href":"https:\/\/euapp01.newsmemory.com\/lamarseillaise\/news\/wp-json\/wp\/v2\/news-source?post=39058"},{"taxonomy":"is_homepage","embeddable":true,"href":"https:\/\/euapp01.newsmemory.com\/lamarseillaise\/news\/wp-json\/wp\/v2\/is_homepage?post=39058"},{"taxonomy":"ta_other","embeddable":true,"href":"https:\/\/euapp01.newsmemory.com\/lamarseillaise\/news\/wp-json\/wp\/v2\/ta_other?post=39058"}],"curies":[{"name":"wp","href":"https:\/\/api.w.org\/{rel}","templated":true}]}}