{"id":39055,"date":"2026-08-11T09:24:00","date_gmt":"2026-08-11T07:24:00","guid":{"rendered":"https:\/\/euapp01.newsmemory.com\/lamarseillaise\/news\/?p=39055"},"modified":"2026-08-11T10:01:46","modified_gmt":"2026-08-11T08:01:46","slug":"cest-lete-alfred-dreyfus-le-combat-de-la-republique","status":"publish","type":"post","link":"https:\/\/euapp01.newsmemory.com\/lamarseillaise\/news\/2026\/08\/11\/cest-lete-alfred-dreyfus-le-combat-de-la-republique\/","title":{"rendered":"[C\u2019est l\u2019\u00e9t\u00e9] \u00ab Alfred Dreyfus, Le combat de la R\u00e9publique \u00bb"},"content":{"rendered":"<div class=\"paragraph\">\n<p>Parmi les nombreux livres \u00e9crits \u00e0 l\u2019occasion de cette comm\u00e9moration, le sien n\u2019a pas \u00e9chapp\u00e9 \u00e0 notre attention, tant les dix chapitres (d\u2019un \u00ab\u00a0r\u00eave fran\u00e7ais\u00a0\u00bb \u00e0 \u00ab\u00a0l\u2019h\u00e9ritage dreyfusard\u00a0\u00bb) sont ceux d\u2019un ouvrage de r\u00e9f\u00e9rence, que les g\u00e9n\u00e9rations pr\u00e9sentes se doivent de consulter, et que consulteront les g\u00e9n\u00e9rations futures.<\/p>\n<\/p><\/div>\n<div class=\"paragraph\">\n<p><i>Albin Michel,<br \/>24,90<\/i><i>\u00a0<\/i><i>euros.<\/i><\/p>\n<\/p><\/div>\n","protected":false},"excerpt":{"rendered":"Parmi les nombreux livres &eacute;crits &agrave; l&rsquo;occasion de cette comm&eacute;moration, le sien n&rsquo;a pas &eacute;chapp&eacute; &agrave; notre attention, tant les dix chapitres (d&rsquo;un &laquo;&nbsp;r&ecirc;ve &#8230;","protected":false},"author":1,"featured_media":39056,"comment_status":"open","ping_status":"open","sticky":false,"template":"","format":"standard","meta":{"footnotes":""},"categories":[32],"tags":[1280,1229,6085,572,280,2317,1293,1248,1244,920],"news-destination":[],"news-source":[475],"is_homepage":[],"ta_other":[],"class_list":["post-39055","post","type-post","status-publish","format-standard","has-post-thumbnail","hentry","category-culture","tag-archives","tag-biographie","tag-cest-lete","tag-france","tag-histoire","tag-journalistes","tag-lecture","tag-livre","tag-livres","tag-memoire","news-source-website"],"_links":{"self":[{"href":"https:\/\/euapp01.newsmemory.com\/lamarseillaise\/news\/wp-json\/wp\/v2\/posts\/39055","targetHints":{"allow":["GET"]}}],"collection":[{"href":"https:\/\/euapp01.newsmemory.com\/lamarseillaise\/news\/wp-json\/wp\/v2\/posts"}],"about":[{"href":"https:\/\/euapp01.newsmemory.com\/lamarseillaise\/news\/wp-json\/wp\/v2\/types\/post"}],"author":[{"embeddable":true,"href":"https:\/\/euapp01.newsmemory.com\/lamarseillaise\/news\/wp-json\/wp\/v2\/users\/1"}],"replies":[{"embeddable":true,"href":"https:\/\/euapp01.newsmemory.com\/lamarseillaise\/news\/wp-json\/wp\/v2\/comments?post=39055"}],"version-history":[{"count":1,"href":"https:\/\/euapp01.newsmemory.com\/lamarseillaise\/news\/wp-json\/wp\/v2\/posts\/39055\/revisions"}],"predecessor-version":[{"id":39057,"href":"https:\/\/euapp01.newsmemory.com\/lamarseillaise\/news\/wp-json\/wp\/v2\/posts\/39055\/revisions\/39057"}],"wp:featuredmedia":[{"embeddable":true,"href":"https:\/\/euapp01.newsmemory.com\/lamarseillaise\/news\/wp-json\/wp\/v2\/media\/39056"}],"wp:attachment":[{"href":"https:\/\/euapp01.newsmemory.com\/lamarseillaise\/news\/wp-json\/wp\/v2\/media?parent=39055"}],"wp:term":[{"taxonomy":"category","embeddable":true,"href":"https:\/\/euapp01.newsmemory.com\/lamarseillaise\/news\/wp-json\/wp\/v2\/categories?post=39055"},{"taxonomy":"post_tag","embeddable":true,"href":"https:\/\/euapp01.newsmemory.com\/lamarseillaise\/news\/wp-json\/wp\/v2\/tags?post=39055"},{"taxonomy":"news-destination","embeddable":true,"href":"https:\/\/euapp01.newsmemory.com\/lamarseillaise\/news\/wp-json\/wp\/v2\/news-destination?post=39055"},{"taxonomy":"news-source","embeddable":true,"href":"https:\/\/euapp01.newsmemory.com\/lamarseillaise\/news\/wp-json\/wp\/v2\/news-source?post=39055"},{"taxonomy":"is_homepage","embeddable":true,"href":"https:\/\/euapp01.newsmemory.com\/lamarseillaise\/news\/wp-json\/wp\/v2\/is_homepage?post=39055"},{"taxonomy":"ta_other","embeddable":true,"href":"https:\/\/euapp01.newsmemory.com\/lamarseillaise\/news\/wp-json\/wp\/v2\/ta_other?post=39055"}],"curies":[{"name":"wp","href":"https:\/\/api.w.org\/{rel}","templated":true}]}}