{"id":39052,"date":"2026-08-11T09:17:00","date_gmt":"2026-08-11T07:17:00","guid":{"rendered":"https:\/\/euapp01.newsmemory.com\/lamarseillaise\/news\/?p=39052"},"modified":"2026-08-11T10:01:46","modified_gmt":"2026-08-11T08:01:46","slug":"cest-lete-a-apt-le-cesar-est-un-monument-historique","status":"publish","type":"post","link":"https:\/\/euapp01.newsmemory.com\/lamarseillaise\/news\/2026\/08\/11\/cest-lete-a-apt-le-cesar-est-un-monument-historique\/","title":{"rendered":"[C\u2019est l\u2019\u00e9t\u00e9] \u00c0 Apt, le C\u00e9sar est un Monument historique"},"content":{"rendered":"<div class=\"paragraph\">\n<p>R\u00e9nov\u00e9 il y a 7\u00a0ans, ce cin\u00e9ma du centre-ville est le seul de la sous-pr\u00e9fecture vauclusienne. Si certains n\u2019y trouvent pas leur compte, il faut compter 1h30 de route et 70\u00a0km aller-retour pour se rendre \u00e0 Cavaillon&#8230; Mais l\u2019offre du C\u00e9sar, qui accueille chaque ann\u00e9e un festival des cin\u00e9mas d\u2019Afrique, est aussi historique. Avant de diffuser des films, le site \u00e9tait un b\u00e2timent religieux\u00a0: la chapelle des P\u00e9nitents blancs, inscrite aux Monuments historiques depuis\u00a01996. De l\u2019ext\u00e9rieur, on distingue les restes d\u2019une fa\u00e7ade rappelant la chapelle. L\u2019\u00e9cran d\u2019une des trois salles cache \u00e9galement les restes de l\u2019ancien autel.<\/p>\n<\/p><\/div>\n","protected":false},"excerpt":{"rendered":"R&eacute;nov&eacute; il y a 7&nbsp;ans, ce cin&eacute;ma du centre-ville est le seul de la sous-pr&eacute;fecture vauclusienne. Si certains n&rsquo;y trouvent pas leur compte, il faut compter 1h30 de route et 70&nbsp;km aller-retour pour se rendre &#8230;","protected":false},"author":1,"featured_media":39053,"comment_status":"open","ping_status":"open","sticky":false,"template":"","format":"standard","meta":{"footnotes":""},"categories":[32],"tags":[1346,6085,181,919,1315,6069,1582,171],"news-destination":[],"news-source":[475],"is_homepage":[],"ta_other":[],"class_list":["post-39052","post","type-post","status-publish","format-standard","has-post-thumbnail","hentry","category-culture","tag-architecture","tag-cest-lete","tag-centre-ville","tag-cinema","tag-films","tag-monument-historique","tag-renovation","tag-vaucluse","news-source-website"],"_links":{"self":[{"href":"https:\/\/euapp01.newsmemory.com\/lamarseillaise\/news\/wp-json\/wp\/v2\/posts\/39052","targetHints":{"allow":["GET"]}}],"collection":[{"href":"https:\/\/euapp01.newsmemory.com\/lamarseillaise\/news\/wp-json\/wp\/v2\/posts"}],"about":[{"href":"https:\/\/euapp01.newsmemory.com\/lamarseillaise\/news\/wp-json\/wp\/v2\/types\/post"}],"author":[{"embeddable":true,"href":"https:\/\/euapp01.newsmemory.com\/lamarseillaise\/news\/wp-json\/wp\/v2\/users\/1"}],"replies":[{"embeddable":true,"href":"https:\/\/euapp01.newsmemory.com\/lamarseillaise\/news\/wp-json\/wp\/v2\/comments?post=39052"}],"version-history":[{"count":1,"href":"https:\/\/euapp01.newsmemory.com\/lamarseillaise\/news\/wp-json\/wp\/v2\/posts\/39052\/revisions"}],"predecessor-version":[{"id":39054,"href":"https:\/\/euapp01.newsmemory.com\/lamarseillaise\/news\/wp-json\/wp\/v2\/posts\/39052\/revisions\/39054"}],"wp:featuredmedia":[{"embeddable":true,"href":"https:\/\/euapp01.newsmemory.com\/lamarseillaise\/news\/wp-json\/wp\/v2\/media\/39053"}],"wp:attachment":[{"href":"https:\/\/euapp01.newsmemory.com\/lamarseillaise\/news\/wp-json\/wp\/v2\/media?parent=39052"}],"wp:term":[{"taxonomy":"category","embeddable":true,"href":"https:\/\/euapp01.newsmemory.com\/lamarseillaise\/news\/wp-json\/wp\/v2\/categories?post=39052"},{"taxonomy":"post_tag","embeddable":true,"href":"https:\/\/euapp01.newsmemory.com\/lamarseillaise\/news\/wp-json\/wp\/v2\/tags?post=39052"},{"taxonomy":"news-destination","embeddable":true,"href":"https:\/\/euapp01.newsmemory.com\/lamarseillaise\/news\/wp-json\/wp\/v2\/news-destination?post=39052"},{"taxonomy":"news-source","embeddable":true,"href":"https:\/\/euapp01.newsmemory.com\/lamarseillaise\/news\/wp-json\/wp\/v2\/news-source?post=39052"},{"taxonomy":"is_homepage","embeddable":true,"href":"https:\/\/euapp01.newsmemory.com\/lamarseillaise\/news\/wp-json\/wp\/v2\/is_homepage?post=39052"},{"taxonomy":"ta_other","embeddable":true,"href":"https:\/\/euapp01.newsmemory.com\/lamarseillaise\/news\/wp-json\/wp\/v2\/ta_other?post=39052"}],"curies":[{"name":"wp","href":"https:\/\/api.w.org\/{rel}","templated":true}]}}