{"id":39049,"date":"2026-08-11T09:12:00","date_gmt":"2026-08-11T07:12:00","guid":{"rendered":"https:\/\/euapp01.newsmemory.com\/lamarseillaise\/news\/?p=39049"},"modified":"2026-08-18T08:30:34","modified_gmt":"2026-08-18T06:30:34","slug":"cest-lete-avec-linsee-la-statistique-de-lemploi-au-contact-du-terrain","status":"publish","type":"post","link":"https:\/\/euapp01.newsmemory.com\/lamarseillaise\/news\/2026\/08\/11\/cest-lete-avec-linsee-la-statistique-de-lemploi-au-contact-du-terrain\/","title":{"rendered":"[C\u2019est l\u2019\u00e9t\u00e9] Avec l\u2019Insee, la statistique de l\u2019emploi au contact du terrain"},"content":{"rendered":"<div class=\"paragraph\">\n<p>En ce jeudi soir de juillet, Christicna Giorgetti a enfin r\u00e9ussi \u00e0 organiser l\u2019un des derniers rendez-vous de la \u00ab\u00a0grappe\u00a0\u00bb qu\u2019elle doit interroger. \u00ab\u00a0<i>C\u2019est un couple de soignants, disponibles seulement \u00e0 partir de 20h, ils pensaient que c\u2019\u00e9tait trop tard pour moi&#8230;<\/i>\u00a0\u00bb t\u00e9moigne-t-elle. Au total, l\u2019enqu\u00eatrice de l\u2019Insee (Institut national de la statistique et des \u00e9tudes \u00e9conomiques) devait rencontrer, en trois semaines, quelque 26\u00a0m\u00e9nages tir\u00e9s au sort parmi les habitants de G\u00e9menos dans le cadre de l\u2019enqu\u00eate sur l\u2019emploi, le ch\u00f4mage et l\u2019inactivit\u00e9. \u00ab\u00a0<i>La plus grosse enqu\u00eate de l\u2019Insee, la plus connue<\/i><i>\u00a0<\/i>\u00bb, sourit-elle.<\/p>\n<p>Depuis\u00a01950 en effet, les enqu\u00eateurs de l\u2019institut viennent interroger une s\u00e9rie de m\u00e9nages pour mesurer les \u00e9volutions de l\u2019emploi et du ch\u00f4mage \u00e0 l\u2019\u00e9chelle nationale. \u00ab\u00a0<i>C\u2019est une enqu\u00eate que nous essayons de garder relativement stable<\/i>, <i>m\u00eame si nous nous adaptons aussi aux \u00e9volutions du march\u00e9 du travail,<\/i> explique Laura Castell, la cheffe de la division emploi au si\u00e8ge de l\u2019Insee \u00e0 Montrouge (Hauts-de-Seine). <i>Depuis cinq ans, nous avons des questions sur le t\u00e9l\u00e9travail<\/i>, <i>qui \u00e9tait marginal avant.<\/i><i>\u00a0<\/i>\u00bb Encadr\u00e9s par les directions r\u00e9gionales, ce sont des enqu\u00eateurs contractuels &#8211;\u00a040\u00a0en r\u00e9gion Provence-Alpes-C\u00f4te d\u2019Azur\u00a0&#8211; qui vont \u00e0 la rencontre des familles tir\u00e9es au sort dans des secteurs g\u00e9ographiques d\u00e9termin\u00e9s.<\/p>\n<\/p><\/div>\n<div class=\"intext\"> Face aux d\u00e9fiances<br \/>\n               <br \/>de la soci\u00e9t\u00e9\n              <\/div>\n<div class=\"paragraph\">\n<p>\u00ab\u00a0<i>La premi\u00e8re chose que je fais, c\u2019est de v\u00e9rifier si les personnes habitent toujours au m\u00eame endroit<\/i><i>\u00a0<\/i>\u00bb, raconte Christina Giorgetti. Apr\u00e8s cette tourn\u00e9e de quelques heures, elle va alors les contacter par courrier puis t\u00e9l\u00e9phone et organiser un premier rendez-vous, en face-\u00e0-face. Un v\u00e9ritable parcours d\u2019obstacles parfois, quand bien m\u00eame ces enqu\u00eates sont obligatoires. \u00ab\u00a0<i>La principale difficult\u00e9 c\u2019est l\u2019acc\u00e8s,<\/i> t\u00e9moigne Marjorie Martin, cheffe de la division enqu\u00eates m\u00e9nages dans la r\u00e9gion. <i>Dans le 9<\/i><i><sup>e<\/sup><\/i><i>\u00a0<\/i><i>arrondissement de Marseille avec les r\u00e9sidences s\u00e9curis\u00e9es, il faut plusieurs allers-retours pour pouvoir entrer&#8230;<\/i><i>\u00a0<\/i>\u00bb Mais il faut aussi faire avec la d\u00e9fiance et des contextes sociaux parfois difficiles. \u00ab\u00a0<i>Nous avons deux enqu\u00eatrices dans les quartiers Nord qui connaissent tr\u00e8s bien le secteur, elles ont leurs astuces pour \u00e9viter les situations de danger dans les endroits les plus sensibles<\/i>, poursuit la responsable. <i>Elles y vont le matin quand c\u2019est plus calme s\u2019il y a un point de deal, ne disent pas qu\u2019elles sont enqu\u00eatrices mais qu\u2019elles r\u00e9alisent une \u00e9tude, certaines ne montrent pas leur carte, parce qu\u2019il y a la Marianne&#8230;<\/i><i>\u00a0<\/i>\u00bb Au moindre risque, un droit de retrait leur est accord\u00e9. \u00ab\u00a0<i>En r\u00e8gle g\u00e9n\u00e9rale je suis bien accueillie, m\u00eame si on m\u2019a d\u00e9j\u00e0 dit que ce n\u2019est pas normal que ce soit obligatoire, <\/i>raconte de son c\u00f4t\u00e9 Christina Giorgetti. <i>Mais quand j\u2019explique l\u2019int\u00e9r\u00eat de l\u2019enqu\u00eate, ces personnes s\u2019excusent<\/i><i>\u00a0<\/i><i>!<\/i><i>\u00a0<\/i>\u00bb D\u2019autant plus que cette d\u00e9fiance ne conna\u00eet pas de fronti\u00e8res. \u00ab\u00a0<i>Depuis de nombreuses ann\u00e9es, les taux de r\u00e9ponse dans de nombreux pays europ\u00e9ens ont beaucoup baiss\u00e9, mais c\u2019est moins le cas en France<\/i><i>\u00a0<\/i>\u00bb, pr\u00e9cise Laura Castell.<\/p>\n<p>L\u2019enqu\u00eatrice peut alors d\u00e9rouler le questionnaire sur sa tablette, du niveau d\u2019\u00e9tudes au nombre d\u2019heures travaill\u00e9es ou aux diff\u00e9rentes d\u00e9marches pour chercher un emploi, selon les situations. Un \u00e9change d\u2019un quart d\u2019heure, pour chaque personne du foyer. Puis dans les coulisses, les premiers questionnaires sont relus avant le travail global de v\u00e9rification face aux potentielles incoh\u00e9rences point\u00e9es par le logiciel et, au niveau national, l\u2019anonymisation compl\u00e8te, le redressement statistique. Chaque trimestre, pendant 18\u00a0mois, les m\u00e9nages s\u00e9lectionn\u00e9s seront r\u00e9interrog\u00e9s pour savoir si leur situation a \u00e9volu\u00e9, cette fois en ligne ou par t\u00e9l\u00e9phone. Au total, 90\u00a0000\u00a0personnes sont questionn\u00e9es<i> <\/i>\u00e0 chaque fois<i>. <\/i>\u00ab\u00a0<i>Cela nous donne des possibilit\u00e9s d\u2019analyse tr\u00e8s importantes, <\/i>sourit Laura Castell. <i>Nous publions les indicateurs phares du march\u00e9 du travail une fois par trimestre et par an, mais aussi des donn\u00e9es sur le travail, la formation&#8230;<\/i><i>\u00a0<\/i>\u00bb Ainsi ce lundi le Premier ministre S\u00e9bastien Lecornu a-t-il d\u00fb assurer ne pas \u00eatre \u00ab\u00a0<i>dans le d\u00e9ni<\/i><i>\u00a0<\/i>\u00bb, apr\u00e8s la publication des derniers chiffres de l\u2019Insee\u00a0: le ch\u00f4mage a atteint son plus haut niveau depuis le Covid, alertait vendredi l\u2019institut. Ces chiffres s\u2019invitent aussi dans les politiques publiques : \u00ab\u00a0<i>Depuis la r\u00e9forme sur le &#8220;<\/i><i>plein-emploi<\/i><i>&#8220;, le niveau des indemnisations des allocations-ch\u00f4mage d\u00e9pend du taux que nous mesurons<\/i><i>\u00a0<\/i>\u00bb, explique Laura Castell.<\/p>\n<\/p><\/div>\n","protected":false},"excerpt":{"rendered":"En ce jeudi soir de juillet, Christicna Giorgetti a enfin r&eacute;ussi &agrave; organiser l&rsquo;un des derniers rendez-vous de la &laquo;&nbsp;grappe&nbsp;&raquo; qu&rsquo;elle doit interroger. &laquo;&nbsp;C&rsquo;est un couple de soignants, &#8230;","protected":false},"author":1,"featured_media":39050,"comment_status":"open","ping_status":"open","sticky":false,"template":"","format":"standard","meta":{"footnotes":""},"categories":[3926,3925,20],"tags":[10,6085,301,302,1276,3591,2496,16,1889],"news-destination":[3944],"news-source":[475],"is_homepage":[],"ta_other":[],"class_list":["post-39049","post","type-post","status-publish","format-standard","has-post-thumbnail","hentry","category-accueil-merge","category-accueil-third","category-societe","tag-bouches-du-rhone","tag-cest-lete","tag-chomage","tag-emploi","tag-enquete","tag-gemenos","tag-insee","tag-marseille","tag-statistiques","news-destination-homepage","news-source-website"],"_links":{"self":[{"href":"https:\/\/euapp01.newsmemory.com\/lamarseillaise\/news\/wp-json\/wp\/v2\/posts\/39049","targetHints":{"allow":["GET"]}}],"collection":[{"href":"https:\/\/euapp01.newsmemory.com\/lamarseillaise\/news\/wp-json\/wp\/v2\/posts"}],"about":[{"href":"https:\/\/euapp01.newsmemory.com\/lamarseillaise\/news\/wp-json\/wp\/v2\/types\/post"}],"author":[{"embeddable":true,"href":"https:\/\/euapp01.newsmemory.com\/lamarseillaise\/news\/wp-json\/wp\/v2\/users\/1"}],"replies":[{"embeddable":true,"href":"https:\/\/euapp01.newsmemory.com\/lamarseillaise\/news\/wp-json\/wp\/v2\/comments?post=39049"}],"version-history":[{"count":1,"href":"https:\/\/euapp01.newsmemory.com\/lamarseillaise\/news\/wp-json\/wp\/v2\/posts\/39049\/revisions"}],"predecessor-version":[{"id":39051,"href":"https:\/\/euapp01.newsmemory.com\/lamarseillaise\/news\/wp-json\/wp\/v2\/posts\/39049\/revisions\/39051"}],"wp:featuredmedia":[{"embeddable":true,"href":"https:\/\/euapp01.newsmemory.com\/lamarseillaise\/news\/wp-json\/wp\/v2\/media\/39050"}],"wp:attachment":[{"href":"https:\/\/euapp01.newsmemory.com\/lamarseillaise\/news\/wp-json\/wp\/v2\/media?parent=39049"}],"wp:term":[{"taxonomy":"category","embeddable":true,"href":"https:\/\/euapp01.newsmemory.com\/lamarseillaise\/news\/wp-json\/wp\/v2\/categories?post=39049"},{"taxonomy":"post_tag","embeddable":true,"href":"https:\/\/euapp01.newsmemory.com\/lamarseillaise\/news\/wp-json\/wp\/v2\/tags?post=39049"},{"taxonomy":"news-destination","embeddable":true,"href":"https:\/\/euapp01.newsmemory.com\/lamarseillaise\/news\/wp-json\/wp\/v2\/news-destination?post=39049"},{"taxonomy":"news-source","embeddable":true,"href":"https:\/\/euapp01.newsmemory.com\/lamarseillaise\/news\/wp-json\/wp\/v2\/news-source?post=39049"},{"taxonomy":"is_homepage","embeddable":true,"href":"https:\/\/euapp01.newsmemory.com\/lamarseillaise\/news\/wp-json\/wp\/v2\/is_homepage?post=39049"},{"taxonomy":"ta_other","embeddable":true,"href":"https:\/\/euapp01.newsmemory.com\/lamarseillaise\/news\/wp-json\/wp\/v2\/ta_other?post=39049"}],"curies":[{"name":"wp","href":"https:\/\/api.w.org\/{rel}","templated":true}]}}