{"id":39046,"date":"2026-08-11T09:11:00","date_gmt":"2026-08-11T07:11:00","guid":{"rendered":"https:\/\/euapp01.newsmemory.com\/lamarseillaise\/news\/?p=39046"},"modified":"2026-08-18T08:10:32","modified_gmt":"2026-08-18T06:10:32","slug":"cest-lete-une-formation-gratuite-au-court-metrage-pour-les-jeunes-a-marseille","status":"publish","type":"post","link":"https:\/\/euapp01.newsmemory.com\/lamarseillaise\/news\/2026\/08\/11\/cest-lete-une-formation-gratuite-au-court-metrage-pour-les-jeunes-a-marseille\/","title":{"rendered":"[C\u2019est l\u2019\u00e9t\u00e9] Une formation gratuite au court-m\u00e9trage pour les jeunes \u00e0 Marseille"},"content":{"rendered":"<div class=\"paragraph\">\n<p>\u00ab <i>O<\/i><i>n fait de l\u2019impro, chacun reste dans son personnage<\/i><i>\u00a0<\/i><i>!<\/i><i>\u00a0<\/i>\u00bb Dans les locaux d\u2019Action Bomaye dans le 15<sup>e<\/sup>\u00a0arrondissement, les apprentis com\u00e9diens r\u00e9p\u00e8tent leurs sc\u00e8nes sous les conseils de l\u2019acteur marseillais Mourad Tahar Boussatha.<\/p>\n<p>Jusqu\u2019\u00e0 ce mardi, douze jeunes de 15\u00a0\u00e0 25\u00a0ans, issus des quartiers populaires, suivent gratuitement cette formation au court-m\u00e9trage organis\u00e9e par l\u2019association Action Bomaye. Ils d\u00e9couvrent l\u2019\u00e9criture, le jeu d\u2019acteur, le tournage ou encore le maquillage d\u2019effets sp\u00e9ciaux. Le but\u00a0: r\u00e9aliser deux courts-m\u00e9trages autour de la transition \u00e9cologique.<\/p>\n<p>\u00ab\u00a0<i>On leur fait d\u00e9couvrir des m\u00e9tiers pour lesquels on ne leur donne pas souvent leur chance<\/i><i>\u00a0<\/i>\u00bb<i>,<\/i> explique Mouna, responsable de la formation. Pour elle, travailler sur l\u2019\u00e9cologie permet aux jeunes<i> <\/i>de \u00ab\u00a0<i>prendre conscience que les quartiers prioritaires sont les premiers concern\u00e9s par ces questions<\/i>\u00a0\u00bb<i>.<\/i><\/p>\n<p><i><\/i><\/p>\n<\/p><\/div>\n<div class=\"intext\"> Sortir des clich\u00e9s\n              <\/div>\n<div class=\"paragraph\">\n<p>Pour les accompagner, Action Bomaye mise sur des professionnels aux parcours proches des leurs. \u00ab\u00a0<i>L\u2019id\u00e9e, c\u2019est qu\u2019ils puissent voir en eux des mod\u00e8les<\/i>\u00a0\u00bb, souligne Isma\u00ebl Cousin, fondateur de l\u2019association. Parmi eux, Mourad Tahar Boussatha. \u00ab<i>\u00a0<\/i><i>C\u2019\u00e9tait logique de tendre la main \u00e0 ces jeunes qui sont laiss\u00e9s pour compte par le syst\u00e8me parce que j\u2019\u00e9tais comme eux<\/i>\u00a0\u00bb<i>,<\/i> confie-t-il. Originaire du 3<sup>e<\/sup>\u00a0arrondissement de Marseille, Marwa participe \u00e0 la formation avec l\u2019envie de gagner un milieu encore ferm\u00e9.<i> <\/i>\u00ab\u00a0<i>C\u2019est une vraie opportunit\u00e9 parce que je suis passionn\u00e9e par le cin\u00e9ma, mais je n\u2019ai ni les moyens ni les contacts pour y entrer<\/i>\u00a0\u00bb, t\u00e9moigne-t-elle.<\/p>\n<p>Son groupe a imagin\u00e9 un sc\u00e9nario de d\u00e9bat entre une militante \u00e9cologiste et le dirigeant d\u2019une entreprise polluante. \u00ab\u00a0<i>Le message, c\u2019est que tout le monde peut agir pour l\u2019environnement \u00e0 son \u00e9chelle<\/i>\u00a0\u00bb, assure-t-elle.<\/p>\n<p>Les deux courts-m\u00e9trages seront projet\u00e9s fin ao\u00fbt lors de la 5<sup>e<\/sup>\u00a0\u00e9dition du festival Happy End. Une fa\u00e7on, pour l\u2019association, de faire na\u00eetre de nouveaux r\u00e9cits<i>. <\/i>\u00ab\u00a0<i>Les jeunes des quartiers ont les m\u00eames r\u00f4les clich\u00e9s au cin\u00e9ma. L\u00e0, ils racontent leurs histoires \u00e0 leur mani\u00e8re<\/i>\u00a0\u00bb, conclut Isma\u00ebl Cousin.<\/p>\n<\/p><\/div>\n","protected":false},"excerpt":{"rendered":"&laquo; On fait de l&rsquo;impro, chacun reste dans son personnage&nbsp;!&nbsp;&raquo; Dans les locaux d&rsquo;Action Bomaye dans le 15e&nbsp;arrondissement, les apprentis com&eacute;diens r&eacute;p&egrave;tent leurs sc&egrave;nes sous les conseils &#8230;","protected":false},"author":1,"featured_media":39047,"comment_status":"open","ping_status":"open","sticky":false,"template":"","format":"standard","meta":{"footnotes":""},"categories":[3926,3925,32],"tags":[10,2098,329,505,59,16,2290,269,1301,889],"news-destination":[3944],"news-source":[475],"is_homepage":[],"ta_other":[],"class_list":["post-39046","post","type-post","status-publish","format-standard","has-post-thumbnail","hentry","category-accueil-merge","category-accueil-third","category-culture","tag-bouches-du-rhone","tag-court-metrage","tag-festival","tag-formation","tag-jeunes","tag-marseille","tag-quartiers-populaires","tag-quartiers-prioritaires","tag-tournage","tag-transition-ecologique","news-destination-homepage","news-source-website"],"_links":{"self":[{"href":"https:\/\/euapp01.newsmemory.com\/lamarseillaise\/news\/wp-json\/wp\/v2\/posts\/39046","targetHints":{"allow":["GET"]}}],"collection":[{"href":"https:\/\/euapp01.newsmemory.com\/lamarseillaise\/news\/wp-json\/wp\/v2\/posts"}],"about":[{"href":"https:\/\/euapp01.newsmemory.com\/lamarseillaise\/news\/wp-json\/wp\/v2\/types\/post"}],"author":[{"embeddable":true,"href":"https:\/\/euapp01.newsmemory.com\/lamarseillaise\/news\/wp-json\/wp\/v2\/users\/1"}],"replies":[{"embeddable":true,"href":"https:\/\/euapp01.newsmemory.com\/lamarseillaise\/news\/wp-json\/wp\/v2\/comments?post=39046"}],"version-history":[{"count":1,"href":"https:\/\/euapp01.newsmemory.com\/lamarseillaise\/news\/wp-json\/wp\/v2\/posts\/39046\/revisions"}],"predecessor-version":[{"id":39048,"href":"https:\/\/euapp01.newsmemory.com\/lamarseillaise\/news\/wp-json\/wp\/v2\/posts\/39046\/revisions\/39048"}],"wp:featuredmedia":[{"embeddable":true,"href":"https:\/\/euapp01.newsmemory.com\/lamarseillaise\/news\/wp-json\/wp\/v2\/media\/39047"}],"wp:attachment":[{"href":"https:\/\/euapp01.newsmemory.com\/lamarseillaise\/news\/wp-json\/wp\/v2\/media?parent=39046"}],"wp:term":[{"taxonomy":"category","embeddable":true,"href":"https:\/\/euapp01.newsmemory.com\/lamarseillaise\/news\/wp-json\/wp\/v2\/categories?post=39046"},{"taxonomy":"post_tag","embeddable":true,"href":"https:\/\/euapp01.newsmemory.com\/lamarseillaise\/news\/wp-json\/wp\/v2\/tags?post=39046"},{"taxonomy":"news-destination","embeddable":true,"href":"https:\/\/euapp01.newsmemory.com\/lamarseillaise\/news\/wp-json\/wp\/v2\/news-destination?post=39046"},{"taxonomy":"news-source","embeddable":true,"href":"https:\/\/euapp01.newsmemory.com\/lamarseillaise\/news\/wp-json\/wp\/v2\/news-source?post=39046"},{"taxonomy":"is_homepage","embeddable":true,"href":"https:\/\/euapp01.newsmemory.com\/lamarseillaise\/news\/wp-json\/wp\/v2\/is_homepage?post=39046"},{"taxonomy":"ta_other","embeddable":true,"href":"https:\/\/euapp01.newsmemory.com\/lamarseillaise\/news\/wp-json\/wp\/v2\/ta_other?post=39046"}],"curies":[{"name":"wp","href":"https:\/\/api.w.org\/{rel}","templated":true}]}}