{"id":39043,"date":"2026-08-11T08:45:00","date_gmt":"2026-08-11T06:45:00","guid":{"rendered":"https:\/\/euapp01.newsmemory.com\/lamarseillaise\/news\/?p=39043"},"modified":"2026-08-11T10:01:46","modified_gmt":"2026-08-11T08:01:46","slug":"cest-lete-astroloup-lastronomie-sinvite-a-pra-loup","status":"publish","type":"post","link":"https:\/\/euapp01.newsmemory.com\/lamarseillaise\/news\/2026\/08\/11\/cest-lete-astroloup-lastronomie-sinvite-a-pra-loup\/","title":{"rendered":"[C\u2019est l\u2019\u00e9t\u00e9] AstroLoup, l\u2019astronomie s\u2019invite \u00e0 Pra Loup"},"content":{"rendered":"<div class=\"paragraph\">\n<p>D\u00e8s aujourd\u2019hui et jusqu\u2019au 13\u00a0ao\u00fbt, Pra Loup accueille la premi\u00e8re \u00e9dition d\u2019AstroLoup, son tout premier festival d\u2019astronomie. Durant trois jours, petits et grands sont invit\u00e9s \u00e0 lever les yeux vers l\u2019Univers, au c\u0153ur d\u2019un territoire d\u2019exception class\u00e9 en R\u00e9serve Internationale de Ciel \u00c9toil\u00e9 (RICE) Alpes Azur Mercantour.<\/p>\n<p>En effet, situ\u00e9 au c\u0153ur de la vall\u00e9e de l\u2019Ubaye, Pra Loup b\u00e9n\u00e9ficie d\u2019un environnement naturel privil\u00e9gi\u00e9, loin des grandes pollutions lumineuses. D\u2019ailleurs, dans les zones les mieux pr\u00e9serv\u00e9es, plus de 3\u00a0000\u00a0\u00e9toiles peuvent \u00eatre observ\u00e9es \u00e0 l\u2019\u0153il nu.<\/p>\n<p>Gr\u00e2ce \u00e0 ce premier festival, Pra\u00a0Loup souhaite faire d\u00e9couvrir ce patrimoine c\u00e9leste au plus grand nombre. En partenariat avec l\u2019Observatoire Barcelonnette Mercantour, AstroLoup propose une programmation scientifique, familiale et accessible, m\u00ealant observations, ateliers, plan\u00e9tarium, balades nocturnes, cin\u00e9ma-d\u00e9bat et temps d\u2019\u00e9changes. Le tout autour de trois grands axes dont le premier est la Lune. Ce satellite naturel, oscillant entre l\u2019imaginaire qu\u2019il suscite, l\u2019histoire de l\u2019exploration spatiale et la d\u00e9couverte du ciel nocturne.<\/p>\n<\/p><\/div>\n<div class=\"paragraph\">\n<p>Retrouvez toutes les informations <a rel=\"nofollow noopener noreferrer\" href=\"https:\/\/www.praloup.com\/\" target=\"_blank\">sur le site<\/a>.<\/p>\n<\/p><\/div>\n","protected":false},"excerpt":{"rendered":"D&egrave;s aujourd&rsquo;hui et jusqu&rsquo;au 13&nbsp;ao&ucirc;t, Pra Loup accueille la premi&egrave;re &eacute;dition d&rsquo;AstroLoup, son tout premier festival d&rsquo;astronomie. Durant trois jours, petits et grands sont invit&eacute;s &#8230;","protected":false},"author":1,"featured_media":39044,"comment_status":"open","ping_status":"open","sticky":false,"template":"","format":"standard","meta":{"footnotes":""},"categories":[20],"tags":[4768,4467,224,6085,225,26,938,228,137],"news-destination":[],"news-source":[475],"is_homepage":[],"ta_other":[],"class_list":["post-39043","post","type-post","status-publish","format-standard","has-post-thumbnail","hentry","category-societe","tag-alpes","tag-alpes-de-haute-provence","tag-astronomie","tag-cest-lete","tag-ciel","tag-environnement","tag-nature","tag-observatoire","tag-territoire","news-source-website"],"_links":{"self":[{"href":"https:\/\/euapp01.newsmemory.com\/lamarseillaise\/news\/wp-json\/wp\/v2\/posts\/39043","targetHints":{"allow":["GET"]}}],"collection":[{"href":"https:\/\/euapp01.newsmemory.com\/lamarseillaise\/news\/wp-json\/wp\/v2\/posts"}],"about":[{"href":"https:\/\/euapp01.newsmemory.com\/lamarseillaise\/news\/wp-json\/wp\/v2\/types\/post"}],"author":[{"embeddable":true,"href":"https:\/\/euapp01.newsmemory.com\/lamarseillaise\/news\/wp-json\/wp\/v2\/users\/1"}],"replies":[{"embeddable":true,"href":"https:\/\/euapp01.newsmemory.com\/lamarseillaise\/news\/wp-json\/wp\/v2\/comments?post=39043"}],"version-history":[{"count":1,"href":"https:\/\/euapp01.newsmemory.com\/lamarseillaise\/news\/wp-json\/wp\/v2\/posts\/39043\/revisions"}],"predecessor-version":[{"id":39045,"href":"https:\/\/euapp01.newsmemory.com\/lamarseillaise\/news\/wp-json\/wp\/v2\/posts\/39043\/revisions\/39045"}],"wp:featuredmedia":[{"embeddable":true,"href":"https:\/\/euapp01.newsmemory.com\/lamarseillaise\/news\/wp-json\/wp\/v2\/media\/39044"}],"wp:attachment":[{"href":"https:\/\/euapp01.newsmemory.com\/lamarseillaise\/news\/wp-json\/wp\/v2\/media?parent=39043"}],"wp:term":[{"taxonomy":"category","embeddable":true,"href":"https:\/\/euapp01.newsmemory.com\/lamarseillaise\/news\/wp-json\/wp\/v2\/categories?post=39043"},{"taxonomy":"post_tag","embeddable":true,"href":"https:\/\/euapp01.newsmemory.com\/lamarseillaise\/news\/wp-json\/wp\/v2\/tags?post=39043"},{"taxonomy":"news-destination","embeddable":true,"href":"https:\/\/euapp01.newsmemory.com\/lamarseillaise\/news\/wp-json\/wp\/v2\/news-destination?post=39043"},{"taxonomy":"news-source","embeddable":true,"href":"https:\/\/euapp01.newsmemory.com\/lamarseillaise\/news\/wp-json\/wp\/v2\/news-source?post=39043"},{"taxonomy":"is_homepage","embeddable":true,"href":"https:\/\/euapp01.newsmemory.com\/lamarseillaise\/news\/wp-json\/wp\/v2\/is_homepage?post=39043"},{"taxonomy":"ta_other","embeddable":true,"href":"https:\/\/euapp01.newsmemory.com\/lamarseillaise\/news\/wp-json\/wp\/v2\/ta_other?post=39043"}],"curies":[{"name":"wp","href":"https:\/\/api.w.org\/{rel}","templated":true}]}}