{"id":39040,"date":"2026-08-11T08:26:00","date_gmt":"2026-08-11T06:26:00","guid":{"rendered":"https:\/\/euapp01.newsmemory.com\/lamarseillaise\/news\/?p=39040"},"modified":"2026-08-18T07:44:19","modified_gmt":"2026-08-18T05:44:19","slug":"le-reseau-delectricite-arlesien-sous-surveillance","status":"publish","type":"post","link":"https:\/\/euapp01.newsmemory.com\/lamarseillaise\/news\/2026\/08\/11\/le-reseau-delectricite-arlesien-sous-surveillance\/","title":{"rendered":"Le r\u00e9seau d\u2019\u00e9lectricit\u00e9 arl\u00e9sien sous surveillance"},"content":{"rendered":"<div class=\"paragraph\">\n<p>Depuis le 4\u00a0ao\u00fbt, les habitants d\u2019Arles sont priv\u00e9s d\u2019\u00e9lectricit\u00e9 \u00e0 r\u00e9p\u00e9tition. Mardi dernier, plus de 2\u00a0000\u00a0foyers ont \u00e9t\u00e9 touch\u00e9s, de La Roquette jusqu\u2019aux Alyscamps en passant par le centre-ville. Le lendemain, c\u2019est au tour du quartier de Trinquetaille. Jeudi, 8\u00a0000\u00a0foyers ont \u00e9t\u00e9 plong\u00e9s dans le noir toute la nuit.<\/p>\n<p>Les fortes chaleurs cumul\u00e9es et le thermostat qui ne descend pas en dessous de 25\u00a0degr\u00e9s la nuit font monter la temp\u00e9rature des sols jusqu\u2019\u00e0 80\u00a0degr\u00e9s, mettant sous contrainte les \u00e9quipements. Enedis utilise un camion de recherche de d\u00e9faut pour localiser pr\u00e9cis\u00e9ment les r\u00e9parations pour optimiser les interventions.<\/p>\n<p>Le maire d\u2019Arles Patrick de Carolis (Horizons) r\u00e9agit\u00a0: \u00ab\u00a0<i>Ces coupures d\u2019\u00e9lectricit\u00e9 p\u00e9nalisent de nombreux habitants mais aussi nos commer\u00e7ants, restaurateurs, artisans et professionnels, en pleine saison estivale. (&#8230;) Nous attendons d\u00e9sormais des explications pr\u00e9cises et, surtout, des engagements sur les investissements n\u00e9cessaires pour disposer d\u2019un r\u00e9seau \u00e9lectrique fiable et adapt\u00e9 aux r\u00e9alit\u00e9s climatiques de notre territoire<\/i><i>\u00a0<\/i>\u00bb. Une r\u00e9union avec Enedis va \u00eatre programm\u00e9e.<\/p>\n<p>Sign\u00e9e en janvier\u00a02025, une convention entre la Ville et le gestionnaire pr\u00e9voit d\u2019ores et d\u00e9j\u00e0 un renforcement de la coordination des travaux de modernisation du r\u00e9seau \u00e9lectrique, dont le remplacement des c\u00e2bles enterr\u00e9s, avec les chantiers pr\u00e9vus par la municipalit\u00e9. Soit un investissement de 5\u00a0millions d\u2019euros d\u2019ici\u00a02028 pour l\u2019op\u00e9rateur.<\/p>\n<\/p><\/div>\n","protected":false},"excerpt":{"rendered":"Depuis le 4&nbsp;ao&ucirc;t, les habitants d&rsquo;Arles sont priv&eacute;s d&rsquo;&eacute;lectricit&eacute; &agrave; r&eacute;p&eacute;tition. Mardi dernier, plus de 2&nbsp;000&nbsp;foyers ont &eacute;t&eacute; touch&eacute;s, de La Roquette &#8230;","protected":false},"author":1,"featured_media":39041,"comment_status":"open","ping_status":"open","sticky":false,"template":"","format":"standard","meta":{"footnotes":""},"categories":[3926,3925,20],"tags":[1234,10,181,6235,1026,1392,1754,3099,551,2087],"news-destination":[3944],"news-source":[475],"is_homepage":[],"ta_other":[],"class_list":["post-39040","post","type-post","status-publish","format-standard","has-post-thumbnail","hentry","category-accueil-merge","category-accueil-third","category-societe","tag-arles","tag-bouches-du-rhone","tag-centre-ville","tag-coupures-delectricite","tag-electricite","tag-electrique","tag-equipements","tag-modernisation","tag-patrick-de-carolis","tag-vigilance","news-destination-homepage","news-source-website"],"_links":{"self":[{"href":"https:\/\/euapp01.newsmemory.com\/lamarseillaise\/news\/wp-json\/wp\/v2\/posts\/39040","targetHints":{"allow":["GET"]}}],"collection":[{"href":"https:\/\/euapp01.newsmemory.com\/lamarseillaise\/news\/wp-json\/wp\/v2\/posts"}],"about":[{"href":"https:\/\/euapp01.newsmemory.com\/lamarseillaise\/news\/wp-json\/wp\/v2\/types\/post"}],"author":[{"embeddable":true,"href":"https:\/\/euapp01.newsmemory.com\/lamarseillaise\/news\/wp-json\/wp\/v2\/users\/1"}],"replies":[{"embeddable":true,"href":"https:\/\/euapp01.newsmemory.com\/lamarseillaise\/news\/wp-json\/wp\/v2\/comments?post=39040"}],"version-history":[{"count":1,"href":"https:\/\/euapp01.newsmemory.com\/lamarseillaise\/news\/wp-json\/wp\/v2\/posts\/39040\/revisions"}],"predecessor-version":[{"id":39042,"href":"https:\/\/euapp01.newsmemory.com\/lamarseillaise\/news\/wp-json\/wp\/v2\/posts\/39040\/revisions\/39042"}],"wp:featuredmedia":[{"embeddable":true,"href":"https:\/\/euapp01.newsmemory.com\/lamarseillaise\/news\/wp-json\/wp\/v2\/media\/39041"}],"wp:attachment":[{"href":"https:\/\/euapp01.newsmemory.com\/lamarseillaise\/news\/wp-json\/wp\/v2\/media?parent=39040"}],"wp:term":[{"taxonomy":"category","embeddable":true,"href":"https:\/\/euapp01.newsmemory.com\/lamarseillaise\/news\/wp-json\/wp\/v2\/categories?post=39040"},{"taxonomy":"post_tag","embeddable":true,"href":"https:\/\/euapp01.newsmemory.com\/lamarseillaise\/news\/wp-json\/wp\/v2\/tags?post=39040"},{"taxonomy":"news-destination","embeddable":true,"href":"https:\/\/euapp01.newsmemory.com\/lamarseillaise\/news\/wp-json\/wp\/v2\/news-destination?post=39040"},{"taxonomy":"news-source","embeddable":true,"href":"https:\/\/euapp01.newsmemory.com\/lamarseillaise\/news\/wp-json\/wp\/v2\/news-source?post=39040"},{"taxonomy":"is_homepage","embeddable":true,"href":"https:\/\/euapp01.newsmemory.com\/lamarseillaise\/news\/wp-json\/wp\/v2\/is_homepage?post=39040"},{"taxonomy":"ta_other","embeddable":true,"href":"https:\/\/euapp01.newsmemory.com\/lamarseillaise\/news\/wp-json\/wp\/v2\/ta_other?post=39040"}],"curies":[{"name":"wp","href":"https:\/\/api.w.org\/{rel}","templated":true}]}}