{"id":39037,"date":"2026-08-11T08:28:00","date_gmt":"2026-08-11T06:28:00","guid":{"rendered":"https:\/\/euapp01.newsmemory.com\/lamarseillaise\/news\/?p=39037"},"modified":"2026-08-14T08:20:04","modified_gmt":"2026-08-14T06:20:04","slug":"observer-la-rarissime-eclipse-solaire-en-pleine-ville","status":"publish","type":"post","link":"https:\/\/euapp01.newsmemory.com\/lamarseillaise\/news\/2026\/08\/11\/observer-la-rarissime-eclipse-solaire-en-pleine-ville\/","title":{"rendered":"Observer la rarissime \u00e9clipse solaire en pleine ville"},"content":{"rendered":"<div class=\"paragraph\">\n<p>La derni\u00e8re \u00e9clipse solaire totale \u00e0 Marseille date du 8\u00a0juillet\u00a01842, tandis que la prochaine aura lieu le 5\u00a0novembre 2059. Ce 12\u00a0ao\u00fbt est donc l\u2019occasion pour tous d\u2019observer une \u00e9clipse solaire qui sera \u00e0 96,4% compl\u00e8te. Pour l\u2019\u00e9v\u00e9nement, la Ville de Marseille, en partenariat avec l\u2019Acad\u00e9mie des sciences, lettres et arts de Marseille, organise une soir\u00e9e d\u2019observation au stade nautique Florence Arthaud (8<sup>e<\/sup>). Plusieurs associations d\u2019astronomie seront sur place avec du mat\u00e9riel \u00e0 disposition, tel que des t\u00e9lescopes et des solarscopes.<\/p>\n<p>Il est \u00e9galement important de pr\u00e9ciser qu\u2019il ne faut surtout pas regarder l\u2019\u00e9clipse \u00e0 l\u2019\u0153il nu\u00a0: des lunettes sp\u00e9ciales sont requises afin de ne pas ab\u00eemer la r\u00e9tine. \u00c0 l\u2019ouverture du stade nautique au public, \u00e0\u00a018h, plus de 3\u00a0000\u00a0lunettes seront distribu\u00e9es gratuitement.<\/p>\n<p>Si la soir\u00e9e organis\u00e9e par la mairie commence bien \u00e0 18h, le d\u00e9but de l\u2019\u00e9clipse d\u00e9butera \u00e0 19h32 et son paroxysme sera atteint \u00e0 20h25.<\/p>\n<\/p><\/div>\n<div class=\"intext\"> Une \u00e9clipse mais pas que\n              <\/div>\n<div class=\"paragraph\">\n<p>Si l\u2019\u00e9v\u00e9nement de la soir\u00e9e est bien l\u2019\u00e9clipse, un autre ph\u00e9nom\u00e8ne sera visible. En effet, le pic des Pers\u00e9ides sera atteint dans la nuit du 12\u00a0au 13\u00a0ao\u00fbt\u00a0; autrement dit, c\u2019est la nuit o\u00f9 l\u2019on aura le plus de chances d\u2019apercevoir des \u00e9toiles filantes. La soir\u00e9e se conclura \u00e0 minuit, laissant au public le temps d\u2019admirer la pluie d\u2019\u00e9toiles filantes pendant plus d\u2019une heure et demie apr\u00e8s la fin de l\u2019\u00e9clipse.<\/p>\n<\/p><\/div>\n<div class=\"paragraph\">\n<p><i>Entr\u00e9e gratuite \u00e0 partir de 18h<\/i><\/p>\n<\/p><\/div>\n","protected":false},"excerpt":{"rendered":"La derni&egrave;re &eacute;clipse solaire totale &agrave; Marseille date du 8&nbsp;juillet&nbsp;1842, tandis que la prochaine aura lieu le 5&nbsp;novembre 2059. Ce 12&nbsp;ao&ucirc;t est donc l&rsquo;occasion pour tous d&rsquo;observer une &#8230;","protected":false},"author":1,"featured_media":39038,"comment_status":"open","ping_status":"open","sticky":false,"template":"","format":"standard","meta":{"footnotes":""},"categories":[3926,3925,20],"tags":[1277,10,41,16,3391,353,4823,1444,99],"news-destination":[3944],"news-source":[475],"is_homepage":[],"ta_other":[],"class_list":["post-39037","post","type-post","status-publish","format-standard","has-post-thumbnail","hentry","category-accueil-merge","category-accueil-third","category-societe","tag-animations","tag-bouches-du-rhone","tag-etoiles","tag-marseille","tag-nuit","tag-sciences","tag-solaire","tag-stade-nautique","tag-ville-de-marseille","news-destination-homepage","news-source-website"],"_links":{"self":[{"href":"https:\/\/euapp01.newsmemory.com\/lamarseillaise\/news\/wp-json\/wp\/v2\/posts\/39037","targetHints":{"allow":["GET"]}}],"collection":[{"href":"https:\/\/euapp01.newsmemory.com\/lamarseillaise\/news\/wp-json\/wp\/v2\/posts"}],"about":[{"href":"https:\/\/euapp01.newsmemory.com\/lamarseillaise\/news\/wp-json\/wp\/v2\/types\/post"}],"author":[{"embeddable":true,"href":"https:\/\/euapp01.newsmemory.com\/lamarseillaise\/news\/wp-json\/wp\/v2\/users\/1"}],"replies":[{"embeddable":true,"href":"https:\/\/euapp01.newsmemory.com\/lamarseillaise\/news\/wp-json\/wp\/v2\/comments?post=39037"}],"version-history":[{"count":1,"href":"https:\/\/euapp01.newsmemory.com\/lamarseillaise\/news\/wp-json\/wp\/v2\/posts\/39037\/revisions"}],"predecessor-version":[{"id":39039,"href":"https:\/\/euapp01.newsmemory.com\/lamarseillaise\/news\/wp-json\/wp\/v2\/posts\/39037\/revisions\/39039"}],"wp:featuredmedia":[{"embeddable":true,"href":"https:\/\/euapp01.newsmemory.com\/lamarseillaise\/news\/wp-json\/wp\/v2\/media\/39038"}],"wp:attachment":[{"href":"https:\/\/euapp01.newsmemory.com\/lamarseillaise\/news\/wp-json\/wp\/v2\/media?parent=39037"}],"wp:term":[{"taxonomy":"category","embeddable":true,"href":"https:\/\/euapp01.newsmemory.com\/lamarseillaise\/news\/wp-json\/wp\/v2\/categories?post=39037"},{"taxonomy":"post_tag","embeddable":true,"href":"https:\/\/euapp01.newsmemory.com\/lamarseillaise\/news\/wp-json\/wp\/v2\/tags?post=39037"},{"taxonomy":"news-destination","embeddable":true,"href":"https:\/\/euapp01.newsmemory.com\/lamarseillaise\/news\/wp-json\/wp\/v2\/news-destination?post=39037"},{"taxonomy":"news-source","embeddable":true,"href":"https:\/\/euapp01.newsmemory.com\/lamarseillaise\/news\/wp-json\/wp\/v2\/news-source?post=39037"},{"taxonomy":"is_homepage","embeddable":true,"href":"https:\/\/euapp01.newsmemory.com\/lamarseillaise\/news\/wp-json\/wp\/v2\/is_homepage?post=39037"},{"taxonomy":"ta_other","embeddable":true,"href":"https:\/\/euapp01.newsmemory.com\/lamarseillaise\/news\/wp-json\/wp\/v2\/ta_other?post=39037"}],"curies":[{"name":"wp","href":"https:\/\/api.w.org\/{rel}","templated":true}]}}