{"id":39034,"date":"2026-08-11T08:32:00","date_gmt":"2026-08-11T06:32:00","guid":{"rendered":"https:\/\/euapp01.newsmemory.com\/lamarseillaise\/news\/?p=39034"},"modified":"2026-08-18T07:44:19","modified_gmt":"2026-08-18T05:44:19","slug":"dans-les-alpes-de-haute-provence-le-cinema-itinerant-en-ruralite-baisse-le-rideau","status":"publish","type":"post","link":"https:\/\/euapp01.newsmemory.com\/lamarseillaise\/news\/2026\/08\/11\/dans-les-alpes-de-haute-provence-le-cinema-itinerant-en-ruralite-baisse-le-rideau\/","title":{"rendered":"Dans les Alpes-de-Haute-Provence, le cin\u00e9ma itin\u00e9rant en ruralit\u00e9 baisse le rideau"},"content":{"rendered":"<div class=\"paragraph\">\n<p>Probl\u00e8mes de gouvernance, baisse des subventions, crise post-Covid&#8230; Apr\u00e8s 30\u00a0ans d\u2019exercice, l\u2019association Cin\u00e9ma de Pays a d\u00e9cid\u00e9 de mettre fin \u00e0 son activit\u00e9 \u00e0 la rentr\u00e9e.<\/p>\n<p>Les premi\u00e8res craintes concernant la p\u00e9rennit\u00e9, l\u2019avenir et la capacit\u00e9 \u00e0 perdurer de la structure sont n\u00e9es au sortir du Covid, explique St\u00e9phane Paillet, pr\u00e9sident du Cin\u00e9ma de Pays.<\/p>\n<\/p><\/div>\n<div class=\"intext\"> Un d\u00e9s\u00e9quilibre financier\n              <\/div>\n<div class=\"paragraph\">\n<p>\u00ab\u00a0<i>C\u2019est compliqu\u00e9 parce qu\u2019on est vraiment en milieu rural, avec des villages \u00e9loign\u00e9s, en montagne, et on avait des jauges, des fr\u00e9quentations qui \u00e9taient bien trop en de\u00e7\u00e0 de ce qu\u2019il fallait faire pour \u00eatre \u00e0 l\u2019\u00e9quilibre financier<\/i>\u00a0\u00bb, explique le pr\u00e9sident. Le cin\u00e9ma itin\u00e9rant touche des subventions, mais \u00ab\u00a0<i>elles ne couvrent pas le d\u00e9ficit de fr\u00e9quentations, l\u2019inflation sur l\u2019\u00e9nergie, les tarifs qui ont explos\u00e9<\/i>\u00a0\u00bb, d\u00e9plore St\u00e9phane Paillet.<\/p>\n<p>Le d\u00e9part du nouveau directeur de la structure a par ailleurs \u00ab\u00a0<i>pr\u00e9cipit\u00e9<\/i>\u00a0\u00bb sa fin. L\u2019association a eu beaucoup de mal \u00e0 trouver un directeur sur le long terme, et en a chang\u00e9 r\u00e9guli\u00e8rement.<\/p>\n<p>\u00ab\u00a0<i>On ne peut plus se permettre de faire du cin\u00e9ma comme on le faisait il y a trente ans. Il y avait un certain nombre de r\u00e9formes \u00e0 lancer au sein de la structure, et on n\u2019a pas r\u00e9ussi \u00e0 les mettre en \u0153uvre<\/i>\u00a0\u00bb, regrette le pr\u00e9sident.<\/p>\n<p>\u00ab\u00a0<i>Il y a eu une baisse de subventions, mais on \u00e9tait en train de d\u00e9passer ce probl\u00e8me financier. Par contre, le probl\u00e8me de gouvernance, il n\u2019y avait pas moyen de le r\u00e9soudre. S\u2019il n\u2019y a pas de volont\u00e9 d\u2019aller dans la m\u00eame direction tous ensemble, cela ne fonctionne tout simplement pas. S\u2019il n\u2019y a pas un projet commun partag\u00e9, c\u2019est tr\u00e8s compliqu\u00e9. Il se trouve que ce projet, on n\u2019a pas r\u00e9ussi \u00e0 le mettre en musique<\/i>\u00a0\u00bb, d\u00e9plore St\u00e9phane Paillet.<\/p>\n<\/p><\/div>\n","protected":false},"excerpt":{"rendered":"Probl&egrave;mes de gouvernance, baisse des subventions, crise post-Covid&#8230; Apr&egrave;s 30&nbsp;ans d&rsquo;exercice, l&rsquo;association Cin&eacute;ma de Pays a d&eacute;cid&eacute; de mettre fin &agrave; son activit&eacute; &agrave; la &#8230;","protected":false},"author":1,"featured_media":39035,"comment_status":"open","ping_status":"open","sticky":false,"template":"","format":"standard","meta":{"footnotes":""},"categories":[3926,3925,32,20],"tags":[4768,4467,168,919,35,2538,51,916],"news-destination":[3944],"news-source":[475],"is_homepage":[],"ta_other":[],"class_list":["post-39034","post","type-post","status-publish","format-standard","has-post-thumbnail","hentry","category-accueil-merge","category-accueil-third","category-culture","category-societe","tag-alpes","tag-alpes-de-haute-provence","tag-association","tag-cinema","tag-culture","tag-ruralite","tag-societe","tag-subventions","news-destination-homepage","news-source-website"],"_links":{"self":[{"href":"https:\/\/euapp01.newsmemory.com\/lamarseillaise\/news\/wp-json\/wp\/v2\/posts\/39034","targetHints":{"allow":["GET"]}}],"collection":[{"href":"https:\/\/euapp01.newsmemory.com\/lamarseillaise\/news\/wp-json\/wp\/v2\/posts"}],"about":[{"href":"https:\/\/euapp01.newsmemory.com\/lamarseillaise\/news\/wp-json\/wp\/v2\/types\/post"}],"author":[{"embeddable":true,"href":"https:\/\/euapp01.newsmemory.com\/lamarseillaise\/news\/wp-json\/wp\/v2\/users\/1"}],"replies":[{"embeddable":true,"href":"https:\/\/euapp01.newsmemory.com\/lamarseillaise\/news\/wp-json\/wp\/v2\/comments?post=39034"}],"version-history":[{"count":1,"href":"https:\/\/euapp01.newsmemory.com\/lamarseillaise\/news\/wp-json\/wp\/v2\/posts\/39034\/revisions"}],"predecessor-version":[{"id":39036,"href":"https:\/\/euapp01.newsmemory.com\/lamarseillaise\/news\/wp-json\/wp\/v2\/posts\/39034\/revisions\/39036"}],"wp:featuredmedia":[{"embeddable":true,"href":"https:\/\/euapp01.newsmemory.com\/lamarseillaise\/news\/wp-json\/wp\/v2\/media\/39035"}],"wp:attachment":[{"href":"https:\/\/euapp01.newsmemory.com\/lamarseillaise\/news\/wp-json\/wp\/v2\/media?parent=39034"}],"wp:term":[{"taxonomy":"category","embeddable":true,"href":"https:\/\/euapp01.newsmemory.com\/lamarseillaise\/news\/wp-json\/wp\/v2\/categories?post=39034"},{"taxonomy":"post_tag","embeddable":true,"href":"https:\/\/euapp01.newsmemory.com\/lamarseillaise\/news\/wp-json\/wp\/v2\/tags?post=39034"},{"taxonomy":"news-destination","embeddable":true,"href":"https:\/\/euapp01.newsmemory.com\/lamarseillaise\/news\/wp-json\/wp\/v2\/news-destination?post=39034"},{"taxonomy":"news-source","embeddable":true,"href":"https:\/\/euapp01.newsmemory.com\/lamarseillaise\/news\/wp-json\/wp\/v2\/news-source?post=39034"},{"taxonomy":"is_homepage","embeddable":true,"href":"https:\/\/euapp01.newsmemory.com\/lamarseillaise\/news\/wp-json\/wp\/v2\/is_homepage?post=39034"},{"taxonomy":"ta_other","embeddable":true,"href":"https:\/\/euapp01.newsmemory.com\/lamarseillaise\/news\/wp-json\/wp\/v2\/ta_other?post=39034"}],"curies":[{"name":"wp","href":"https:\/\/api.w.org\/{rel}","templated":true}]}}