{"id":39031,"date":"2026-08-11T08:34:00","date_gmt":"2026-08-11T06:34:00","guid":{"rendered":"https:\/\/euapp01.newsmemory.com\/lamarseillaise\/news\/?p=39031"},"modified":"2026-08-18T08:00:44","modified_gmt":"2026-08-18T06:00:44","slug":"didier-retraite-et-irreductible-soutien-des-grevistes-haribo","status":"publish","type":"post","link":"https:\/\/euapp01.newsmemory.com\/lamarseillaise\/news\/2026\/08\/11\/didier-retraite-et-irreductible-soutien-des-grevistes-haribo\/","title":{"rendered":"Didier, retrait\u00e9 et irr\u00e9ductible soutien des gr\u00e9vistes Haribo"},"content":{"rendered":"<div class=\"paragraph\">\n<p>\u00ab<i> A<\/i><i>vec tous les ronds qu\u2019ils prennent, ils peuvent cracher un peu de monnaie<\/i><i>\u00a0<\/i>\u00bb. Jeudi dernier, sur le piquet de gr\u00e8ve des salari\u00e9s d\u2019Haribo, Didier Michel harangue ses anciens coll\u00e8gues au m\u00e9gaphone.<\/p>\n<p>S\u2019il est retrait\u00e9 de l\u2019usine d\u2019Haribo \u00e0 Marseille, Didier est connu comme le loup blanc par les actuels salari\u00e9s et gr\u00e9vistes du site. Et pour cause\u00a0: il est pr\u00e9sent plus que r\u00e9guli\u00e8rement sur leur piquet de gr\u00e8ve et a une histoire singuli\u00e8re avec l\u2019usine marseillaise. Avec ses 42\u00a0ans d\u2019anciennet\u00e9 au compteur, Haribo est un peu sa deuxi\u00e8me maison. Il a d\u2019ailleurs eu moult casquettes syndicales puisque d\u00e9l\u00e9gu\u00e9 syndical de 1996 jusqu\u2019\u00e0 son d\u00e9part en janvier\u00a02024. Il a \u00e9galement \u00e9t\u00e9 \u00e9lu au comit\u00e9 d\u2019entreprise (instance repr\u00e9sentative du personnel devenue le comit\u00e9 social et \u00e9conomique, CSE), mais aussi au CHSCT, puis d\u00e9l\u00e9gu\u00e9 du personnel ou encore repr\u00e9sentant syndical&#8230; \u00ab\u00a0<i>J\u2019ai occup\u00e9 pas mal de postes au syndicat et les derni\u00e8res ann\u00e9es j\u2019\u00e9tais d\u00e9l\u00e9gu\u00e9 syndical central pour l\u2019ensemble d\u2019Haribo France<\/i>\u00a0\u00bb, relate-t-il.<\/p>\n<p>En clair, il a \u00e9t\u00e9 \u00e0 la pointe du combat pour les droits des travailleurs du bonbon pendant de nombreuses ann\u00e9es. D\u2019o\u00f9 sa pr\u00e9sence r\u00e9guli\u00e8re sur le piquet de gr\u00e8ve de ceux qui ont repris le flambeau. \u00ab\u00a0<i>\u00c0<\/i> <i>mon \u00e9poque, la direction faisait des propositions plus raisonnables et les gens \u00e9taient, de fait, moins enclins \u00e0 partir au conflit<\/i><i>\u00a0<\/i>\u00bb, raconte Didier. Avant de d\u00e9velopper l\u2019analyse\u00a0: \u00ab\u00a0<i>On sait que la soci\u00e9t\u00e9 n\u2019est pas en faillite<\/i>\u00a0<i>: le chiffre d\u2019affaires n\u2019arr\u00eate pas de monter. J\u2019ai connu Haribo \u00e0 100<\/i>\u00a0<i>millions de chiffre d\u2019affaires par an. Puis c\u2019est pass\u00e9 \u00e0 200, 300&#8230; Et maintenant 370<\/i>\u00a0<i>millions<\/i>\u00a0<i>! Et les b\u00e9n\u00e9fices, \u00e7a monte aussi<\/i><i>\u00a0<\/i>\u00bb.<\/p>\n<\/p><\/div>\n<div class=\"intext\"> \u00ab\u00a0Ils ont du m\u00e9rite\u00a0\u00bb\n              <\/div>\n<div class=\"paragraph\">\n<p>Son exp\u00e9rience lui permet de rappeler \u00e0 tous, qu\u2019\u00e0 une \u00e9poque, le dialogue social \u00e9tait un peu moins complexe. Rappelons que, pour l\u2019heure, la direction renvoie de potentielles n\u00e9gociations au 28\u00a0septembre prochain. Et ce, apr\u00e8s d\u00e9j\u00e0 plusieurs semaines de gr\u00e8ve. \u00ab\u00a0<i>Que la direction propose un montant bas au d\u00e9but, que les syndicats demandent haut, c\u2019est normal c\u2019est le jeu des n\u00e9gociations&#8230; Mais l\u00e0, avec l\u2019inflation qu\u2019il y a, l\u2019essence qui flambe&#8230; Si on ne te donne que 18<\/i>\u00a0<i>euros d\u2019augmentation, faut comprendre que les gens n\u2019ont pas envie d\u2019\u00eatre pris pour des d\u00e9biles<\/i><i>\u00a0<\/i><i>!<\/i><i>\u00a0<\/i>\u00bb, temp\u00eate-t-il avec vigueur. Il porte un regard bienveillant sur la lutte de ses anciens coll\u00e8gues\u00a0: \u00ab\u00a0<i>Ils ont du m\u00e9rite d\u2019\u00eatre aussi motiv\u00e9s. Durer autant de temps, ce n\u2019est pas simple<\/i><i>\u00a0<\/i>\u00bb. Celui qui travaillait \u00ab\u00a0<i>\u00e0 la r\u00e9glisse<\/i><i>\u00a0<\/i>\u00bb avant son d\u00e9part \u00e0 la retraite en janvier\u00a02024 note que le mouvement actuel est \u00ab\u00a0<i>historique<\/i>\u00a0\u00bb. \u00ab\u00a0<i>En<\/i>\u00a0<i>83, j\u2019avais connu un gros mouvement de gr\u00e8ve, de plusieurs semaines. Depuis, ils ne duraient que quelques jours<\/i><i>\u00a0<\/i>\u00bb, explique-t-il. La r\u00e9glisse est d\u2019ailleurs une des productions majeures du site marseillais\u00a0: \u00ab\u00a0<i>J\u2019ai pass\u00e9 une partie de ma carri\u00e8re \u00e0 la r\u00e9glisse souple, avant j\u2019\u00e9tais \u00e0 la r\u00e9glisse fourr\u00e9e. La souple, c\u2019est les bouts de torsades et les m\u00e8tres \u00e0 rouler. J\u2019\u00e9tais en bout de ligne de production, j\u2019emballais et je conditionnais la r\u00e9glisse, dans les bo\u00eetes et cartons<\/i><i>\u00a0<\/i>\u00bb.<\/p>\n<p>Son arriv\u00e9e \u00e0 Haribo raconte d\u2019ailleurs une autre r\u00e9alit\u00e9 du monde du travail, celle des ann\u00e9es\u00a080\u00a0: \u00ab\u00a0<i>Je sortais de l\u2019\u00e9cole, je cherchais du boulot un peu n\u2019importe o\u00f9&#8230; La bo\u00eete d\u2019int\u00e9rim m\u2019a envoy\u00e9 ici et je ne suis jamais reparti. Je suis arriv\u00e9 au mois de f\u00e9vrier et en juillet j\u2019\u00e9tais embauch\u00e9<\/i><i>\u00a0<\/i>\u00bb. Un temps o\u00f9 la politique \u00e9conomique \u00e9tait assur\u00e9ment moins lib\u00e9rale\u00a0: \u00ab\u00a0<i>\u00c0 l\u2019\u00e9poque, il y avait beaucoup d\u2019int\u00e9rimaires, mais c\u2019\u00e9taient les premiers mois de Mitterrand et il y avait eu une loi pour limiter les abus du recours \u00e0 l\u2019int\u00e9rim&#8230; Alors tous les int\u00e9rimaires de l\u2019atelier o\u00f9 je travaillais ont \u00e9t\u00e9 embauch\u00e9s, c\u2019\u00e9tait 60<\/i>\u00a0<i>embauches quand m\u00eame<\/i>\u00a0\u00bb<i>. <\/i>Avant de r\u00e9sumer\u00a0:<i> <\/i>\u00ab\u00a0<i>J\u2019\u00e9tais au bon endroit au bon moment<\/i><i>\u00a0<\/i><i>!<\/i><i>\u00a0<\/i>\u00bb<\/p>\n<\/p><\/div>\n","protected":false},"excerpt":{"rendered":"&laquo; Avec tous les ronds qu&rsquo;ils prennent, ils peuvent cracher un peu de monnaie&nbsp;&raquo;. Jeudi dernier, sur le piquet de gr&egrave;ve des salari&eacute;s d&rsquo;Haribo, Didier Michel harangue ses anciens coll&egrave;gues au &#8230;","protected":false},"author":1,"featured_media":39032,"comment_status":"open","ping_status":"open","sticky":false,"template":"","format":"standard","meta":{"footnotes":""},"categories":[3926,3925,331],"tags":[10,113,876,2965,624,16,335,1506,393],"news-destination":[3944],"news-source":[475],"is_homepage":[],"ta_other":[],"class_list":["post-39031","post","type-post","status-publish","format-standard","has-post-thumbnail","hentry","category-accueil-merge","category-accueil-third","category-social","tag-bouches-du-rhone","tag-cgt","tag-greve","tag-grevistes","tag-industrie","tag-marseille","tag-portrait","tag-retraites","tag-soutien","news-destination-homepage","news-source-website"],"_links":{"self":[{"href":"https:\/\/euapp01.newsmemory.com\/lamarseillaise\/news\/wp-json\/wp\/v2\/posts\/39031","targetHints":{"allow":["GET"]}}],"collection":[{"href":"https:\/\/euapp01.newsmemory.com\/lamarseillaise\/news\/wp-json\/wp\/v2\/posts"}],"about":[{"href":"https:\/\/euapp01.newsmemory.com\/lamarseillaise\/news\/wp-json\/wp\/v2\/types\/post"}],"author":[{"embeddable":true,"href":"https:\/\/euapp01.newsmemory.com\/lamarseillaise\/news\/wp-json\/wp\/v2\/users\/1"}],"replies":[{"embeddable":true,"href":"https:\/\/euapp01.newsmemory.com\/lamarseillaise\/news\/wp-json\/wp\/v2\/comments?post=39031"}],"version-history":[{"count":1,"href":"https:\/\/euapp01.newsmemory.com\/lamarseillaise\/news\/wp-json\/wp\/v2\/posts\/39031\/revisions"}],"predecessor-version":[{"id":39033,"href":"https:\/\/euapp01.newsmemory.com\/lamarseillaise\/news\/wp-json\/wp\/v2\/posts\/39031\/revisions\/39033"}],"wp:featuredmedia":[{"embeddable":true,"href":"https:\/\/euapp01.newsmemory.com\/lamarseillaise\/news\/wp-json\/wp\/v2\/media\/39032"}],"wp:attachment":[{"href":"https:\/\/euapp01.newsmemory.com\/lamarseillaise\/news\/wp-json\/wp\/v2\/media?parent=39031"}],"wp:term":[{"taxonomy":"category","embeddable":true,"href":"https:\/\/euapp01.newsmemory.com\/lamarseillaise\/news\/wp-json\/wp\/v2\/categories?post=39031"},{"taxonomy":"post_tag","embeddable":true,"href":"https:\/\/euapp01.newsmemory.com\/lamarseillaise\/news\/wp-json\/wp\/v2\/tags?post=39031"},{"taxonomy":"news-destination","embeddable":true,"href":"https:\/\/euapp01.newsmemory.com\/lamarseillaise\/news\/wp-json\/wp\/v2\/news-destination?post=39031"},{"taxonomy":"news-source","embeddable":true,"href":"https:\/\/euapp01.newsmemory.com\/lamarseillaise\/news\/wp-json\/wp\/v2\/news-source?post=39031"},{"taxonomy":"is_homepage","embeddable":true,"href":"https:\/\/euapp01.newsmemory.com\/lamarseillaise\/news\/wp-json\/wp\/v2\/is_homepage?post=39031"},{"taxonomy":"ta_other","embeddable":true,"href":"https:\/\/euapp01.newsmemory.com\/lamarseillaise\/news\/wp-json\/wp\/v2\/ta_other?post=39031"}],"curies":[{"name":"wp","href":"https:\/\/api.w.org\/{rel}","templated":true}]}}