{"id":39028,"date":"2026-08-11T08:36:00","date_gmt":"2026-08-11T06:36:00","guid":{"rendered":"https:\/\/euapp01.newsmemory.com\/lamarseillaise\/news\/?p=39028"},"modified":"2026-08-18T08:10:32","modified_gmt":"2026-08-18T06:10:32","slug":"entretien-remi-valois-hydrogeologue-dans-20-ou-30-ans-lete-quon-connait-sera-un-ete-normal","status":"publish","type":"post","link":"https:\/\/euapp01.newsmemory.com\/lamarseillaise\/news\/2026\/08\/11\/entretien-remi-valois-hydrogeologue-dans-20-ou-30-ans-lete-quon-connait-sera-un-ete-normal\/","title":{"rendered":"[Entretien] R\u00e9mi Valois, hydrog\u00e9ologue : \u00ab&nbsp;Dans 20 ou 30 ans, l\u2019\u00e9t\u00e9 qu\u2019on conna\u00eet sera un \u00e9t\u00e9 normal&nbsp;\u00bb"},"content":{"rendered":"<div class=\"paragraph\">\n<p><b>La Marseillaise :<\/b> <b>Quel est aujourd\u2019hui l\u2019\u00e9tat de s\u00e9cheresse en r\u00e9gion Provence-Alpes-C\u00f4te d\u2019Azur<\/b><i>\u00a0<\/i><b>?<\/b><\/p>\n<p>R\u00e9mi Valois<i>\u00a0<\/i>: Apr\u00e8s une ann\u00e9e<i>\u00a0<\/i>2025 marqu\u00e9e par de bonnes pr\u00e9cipitations, notamment \u00e0 l\u2019automne, il avait aussi bien plu en d\u00e9but d\u2019ann\u00e9e\u00a02026. Mais depuis juin et juillet, on assiste \u00e0 un d\u00e9ficit de pluie significatif, ce qui entra\u00eene une s\u00e9cheresse importante des sols sur toute la r\u00e9gion. Ce qui va surtout les ass\u00e9cher, c\u2019est la chaleur. Avec les canicules r\u00e9p\u00e9t\u00e9es, les plantes transpirent davantage d\u2019eau et les sols \u00e9vaporent plus eux aussi. On a donc une s\u00e9cheresse prononc\u00e9e. L\u2019avantage, en Paca, c\u2019est qu\u2019on s\u2019appuie sur de nombreux canaux d\u2019irrigation, ce qui nous rend moins d\u00e9pendants de la pluie que d\u2019autres r\u00e9gions. On est un territoire qui s\u2019adapte plut\u00f4t bien \u00e0 la s\u00e9cheresse, m\u00eame s\u2019il faut veiller \u00e0 ce que ces baisses de pr\u00e9cipitations ne se r\u00e9p\u00e8tent pas trop.<\/p>\n<p><b>Le niveau de s\u00e9cheresse de cette ann\u00e9e est-il plus avanc\u00e9 que les ann\u00e9es pr\u00e9c\u00e9dentes ?<\/b><\/p>\n<p>R.V. : L\u2019\u00e9t\u00e9 n\u2019est pas termin\u00e9 donc il est difficile de dire si cette s\u00e9cheresse est plus importante que les autres ann\u00e9es. En revanche, dans le contexte de changement climatique, c\u2019est typiquement le genre d\u2019\u00e9pisodes qu\u2019on risque d\u2019avoir de plus en plus. Les pr\u00e9visions des climatologues annoncent davantage de s\u00e9cheresse et de chaleur pour les \u00e9t\u00e9s futurs. Dans 20\u00a0ou 30\u00a0ans, l\u2019\u00e9t\u00e9 qu\u2019on conna\u00eet sera un \u00e9t\u00e9 normal. Ce qui, pour l\u2019instant, reste un \u00e9pisode exceptionnel pourrait, dans plusieurs ann\u00e9es, devenir la norme. Si on cumule plusieurs ann\u00e9es de d\u00e9ficit de pr\u00e9cipitations, avec peu de neige dans les Alpes et des \u00e9t\u00e9s extr\u00eamement chauds, on cumule les risques pour les nappes phr\u00e9atiques o\u00f9 les cons\u00e9quences se mesurent \u00e0 long terme. Si elles sont bien recharg\u00e9es, elles peuvent mettre du temps \u00e0 baisser. Mais, \u00e0 l\u2019inverse, une fois qu\u2019elles ont beaucoup baiss\u00e9, il faut beaucoup de temps et de pr\u00e9cipitations pour les recharger.<\/p>\n<p><b>Quels sont les effets de cette s\u00e9cheresse sur les diff\u00e9rents usages de l\u2019eau ?<\/b><\/p>\n<p>R.V. : Il y a diff\u00e9rents usages\u00a0: l\u2019eau potable, le tourisme avec la surpopulation estivale, et l\u2019agriculture, puisque la r\u00e9gion Paca est tr\u00e8s agricole. Il y a beaucoup de besoins diff\u00e9rents donc il peut y avoir des conflits. L\u2019exemple le plus parlant reste celui de la guerre de l\u2019eau qu\u2019on voit dans les Pyr\u00e9n\u00e9es-Orientales depuis plusieurs ann\u00e9es. Pour l\u2019instant, je n\u2019ai pas connaissance de tels probl\u00e8mes en r\u00e9gion Paca. Mais ce sont des conflits qui peuvent arriver si on conna\u00eet des s\u00e9cheresses prolong\u00e9es, qui se r\u00e9p\u00e8tent ann\u00e9e apr\u00e8s ann\u00e9e, avec des nappes phr\u00e9atiques qui commencent \u00e0 s\u2019affaiblir.<\/p>\n<p><b>Parmi les solutions pour pallier la s\u00e9cheresse, les retenues collinaires ou les m\u00e9gabassines sont-elles, selon vous, une r\u00e9ponse pertinente ?<\/b><\/p>\n<p>R.V. : Les retenues collinaires peuvent avoir un impact positif lorsqu\u2019il pleut et qu\u2019on veut retenir ces pluies en amont du syst\u00e8me. Ces retenues peuvent permettre de recharger les syst\u00e8mes souterrains. Pour les m\u00e9gabassines, c\u2019est diff\u00e9rent. Elles stockent l\u2019eau du printemps jusqu\u2019\u00e0 l\u2019\u00e9t\u00e9 et le probl\u00e8me, c\u2019est qu\u2019elles \u00e9vaporent beaucoup. C\u2019est comme une mer ou un lac\u00a0: le soleil tape directement dessus et il y a beaucoup d\u2019\u00e9vaporation. Je pense donc que les m\u00e9gabassines ne sont pas une solution adapt\u00e9e \u00e0 notre territoire.<\/p>\n<p><b>Quelles peuvent \u00eatre les solutions adapt\u00e9es pour mieux anticiper <br \/>ces \u00e9pisodes de s\u00e9cheresse ?<\/b><\/p>\n<p>R.V. : \u00c0 l\u2019Inrae et \u00e0 l\u2019universit\u00e9 d\u2019Avignon, nous travaillons en amont en cherchant \u00e0 mieux comprendre les \u00e9coulements souterrains et \u00e0 mieux mod\u00e9liser les nappes phr\u00e9atiques pour anticiper les changements et leur impact sur les r\u00e9serves en eau. L\u2019enjeu est de mieux comprendre la ressource pour pouvoir, derri\u00e8re, construire des solutions en concertation notamment avec les agriculteurs. Parmi les r\u00e9ponses adapt\u00e9es, il faut d\u2019abord miser sur le stockage de l\u2019eau dans le souterrain, par exemple en rechargeant artificiellement les nappes phr\u00e9atiques. L\u2019objectif serait de pouvoir utiliser cette r\u00e9serve et son inertie lorsque les cours d\u2019eau sont \u00e0 sec. Il faut aussi repenser les mod\u00e8les et les pratiques agricoles pour les adapter au changement climatique\u00a0: privil\u00e9gier des cultures qui consomment moins d\u2019eau, mettre en place du goutte-\u00e0-goutte. Il y a toutefois un paradoxe\u00a0: lorsqu\u2019on irrigue en surface, une partie de l\u2019eau peut contribuer \u00e0 recharger les nappes. Avec le goutte-\u00e0-goutte, on consomme beaucoup moins d\u2019eau, mais on recharge moins les nappes. Il faut donc trouver le bon \u00e9quilibre.<\/p>\n<\/p><\/div>\n","protected":false},"excerpt":{"rendered":"La Marseillaise : Quel est aujourd&rsquo;hui l&rsquo;&eacute;tat de s&eacute;cheresse en r&eacute;gion Provence-Alpes-C&ocirc;te d&rsquo;Azur&nbsp;?","protected":false},"author":1,"featured_media":39029,"comment_status":"open","ping_status":"open","sticky":false,"template":"","format":"standard","meta":{"footnotes":""},"categories":[3926,3925,333],"tags":[3275,450,174,2522,373,207,1680,309,343,336,4754,80,2277,1912,4220,419,86,222,2920,1399,4963,1397,1325,171],"news-destination":[3944],"news-source":[475],"is_homepage":[],"ta_other":[],"class_list":["post-39028","post","type-post","status-publish","format-standard","has-post-thumbnail","hentry","category-accueil-merge","category-accueil-third","category-environnement","tag-adaptation-climatique","tag-agriculteurs","tag-avignon","tag-canaux","tag-chaleur","tag-changement-climatique","tag-cultures","tag-eau","tag-entretien","tag-ete","tag-nappes-phreatiques","tag-paca","tag-plantes","tag-pluies","tag-previsions","tag-rechauffement-climatique","tag-region","tag-region-sud-paca","tag-ressource-en-eau","tag-ressources","tag-retenues-collinaires","tag-secheresse","tag-solutions","tag-vaucluse","news-destination-homepage","news-source-website"],"_links":{"self":[{"href":"https:\/\/euapp01.newsmemory.com\/lamarseillaise\/news\/wp-json\/wp\/v2\/posts\/39028","targetHints":{"allow":["GET"]}}],"collection":[{"href":"https:\/\/euapp01.newsmemory.com\/lamarseillaise\/news\/wp-json\/wp\/v2\/posts"}],"about":[{"href":"https:\/\/euapp01.newsmemory.com\/lamarseillaise\/news\/wp-json\/wp\/v2\/types\/post"}],"author":[{"embeddable":true,"href":"https:\/\/euapp01.newsmemory.com\/lamarseillaise\/news\/wp-json\/wp\/v2\/users\/1"}],"replies":[{"embeddable":true,"href":"https:\/\/euapp01.newsmemory.com\/lamarseillaise\/news\/wp-json\/wp\/v2\/comments?post=39028"}],"version-history":[{"count":1,"href":"https:\/\/euapp01.newsmemory.com\/lamarseillaise\/news\/wp-json\/wp\/v2\/posts\/39028\/revisions"}],"predecessor-version":[{"id":39030,"href":"https:\/\/euapp01.newsmemory.com\/lamarseillaise\/news\/wp-json\/wp\/v2\/posts\/39028\/revisions\/39030"}],"wp:featuredmedia":[{"embeddable":true,"href":"https:\/\/euapp01.newsmemory.com\/lamarseillaise\/news\/wp-json\/wp\/v2\/media\/39029"}],"wp:attachment":[{"href":"https:\/\/euapp01.newsmemory.com\/lamarseillaise\/news\/wp-json\/wp\/v2\/media?parent=39028"}],"wp:term":[{"taxonomy":"category","embeddable":true,"href":"https:\/\/euapp01.newsmemory.com\/lamarseillaise\/news\/wp-json\/wp\/v2\/categories?post=39028"},{"taxonomy":"post_tag","embeddable":true,"href":"https:\/\/euapp01.newsmemory.com\/lamarseillaise\/news\/wp-json\/wp\/v2\/tags?post=39028"},{"taxonomy":"news-destination","embeddable":true,"href":"https:\/\/euapp01.newsmemory.com\/lamarseillaise\/news\/wp-json\/wp\/v2\/news-destination?post=39028"},{"taxonomy":"news-source","embeddable":true,"href":"https:\/\/euapp01.newsmemory.com\/lamarseillaise\/news\/wp-json\/wp\/v2\/news-source?post=39028"},{"taxonomy":"is_homepage","embeddable":true,"href":"https:\/\/euapp01.newsmemory.com\/lamarseillaise\/news\/wp-json\/wp\/v2\/is_homepage?post=39028"},{"taxonomy":"ta_other","embeddable":true,"href":"https:\/\/euapp01.newsmemory.com\/lamarseillaise\/news\/wp-json\/wp\/v2\/ta_other?post=39028"}],"curies":[{"name":"wp","href":"https:\/\/api.w.org\/{rel}","templated":true}]}}