{"id":39022,"date":"2026-08-11T08:24:00","date_gmt":"2026-08-11T06:24:00","guid":{"rendered":"https:\/\/euapp01.newsmemory.com\/lamarseillaise\/news\/?p=39022"},"modified":"2026-08-11T10:01:46","modified_gmt":"2026-08-11T08:01:46","slug":"cest-lete-nom-de-code-plan-neige-aux-orres","status":"publish","type":"post","link":"https:\/\/euapp01.newsmemory.com\/lamarseillaise\/news\/2026\/08\/11\/cest-lete-nom-de-code-plan-neige-aux-orres\/","title":{"rendered":"[C\u2019est l\u2019\u00e9t\u00e9] Nom de code&nbsp;: \u00ab&nbsp;Plan Neige&nbsp;\u00bb aux Orres"},"content":{"rendered":"<div class=\"paragraph\">\n<p>\u00ab\u00a0Grenouill\u00e8re\u00a0\u00bb, \u00ab\u00a0station ex nihilo\u00a0\u00bb, \u00ab\u00a0t\u00e9l\u00e9port\u00e9\u00a0\u00bb, des indices aussi maigres qu\u2019\u00e9tranges&#8230; Quel est donc ce grand projet men\u00e9 par l\u2019\u00c9tat fran\u00e7ais dans les ann\u00e9es 1970\u00a0? En famille, les sens en \u00e9veil, menez l\u2019enqu\u00eate \u00e0 la recherche des secrets des villages, accessible d\u00e8s 7 ans.<\/p>\n<\/p><\/div>\n<div class=\"paragraph\">\n<p><i>De 10h \u00e0 12h. 6 euros.<br \/>Infos et r\u00e9sa<\/i><i>\u00a0<\/i><i>: 04.92.43.77.43<\/i><\/p>\n<\/p><\/div>\n","protected":false},"excerpt":{"rendered":"&laquo;&nbsp;Grenouill&egrave;re&nbsp;&raquo;, &laquo;&nbsp;station ex nihilo&nbsp;&raquo;, &laquo;&nbsp;t&eacute;l&eacute;port&eacute;&nbsp;&raquo;, des indices aussi maigres qu&rsquo;&eacute;tranges&#8230; Quel est donc ce grand projet men&eacute; par &#8230;","protected":false},"author":1,"featured_media":39023,"comment_status":"open","ping_status":"open","sticky":false,"template":"","format":"standard","meta":{"footnotes":""},"categories":[20],"tags":[2873,4768,6085,57,58,754,55,4389,1940],"news-destination":[],"news-source":[475],"is_homepage":[],"ta_other":[],"class_list":["post-39022","post","type-post","status-publish","format-standard","has-post-thumbnail","hentry","category-societe","tag-activites-de-loisirs","tag-alpes","tag-cest-lete","tag-enfants","tag-famille","tag-familles","tag-loisirs","tag-neige","tag-villages","news-source-website"],"_links":{"self":[{"href":"https:\/\/euapp01.newsmemory.com\/lamarseillaise\/news\/wp-json\/wp\/v2\/posts\/39022","targetHints":{"allow":["GET"]}}],"collection":[{"href":"https:\/\/euapp01.newsmemory.com\/lamarseillaise\/news\/wp-json\/wp\/v2\/posts"}],"about":[{"href":"https:\/\/euapp01.newsmemory.com\/lamarseillaise\/news\/wp-json\/wp\/v2\/types\/post"}],"author":[{"embeddable":true,"href":"https:\/\/euapp01.newsmemory.com\/lamarseillaise\/news\/wp-json\/wp\/v2\/users\/1"}],"replies":[{"embeddable":true,"href":"https:\/\/euapp01.newsmemory.com\/lamarseillaise\/news\/wp-json\/wp\/v2\/comments?post=39022"}],"version-history":[{"count":1,"href":"https:\/\/euapp01.newsmemory.com\/lamarseillaise\/news\/wp-json\/wp\/v2\/posts\/39022\/revisions"}],"predecessor-version":[{"id":39024,"href":"https:\/\/euapp01.newsmemory.com\/lamarseillaise\/news\/wp-json\/wp\/v2\/posts\/39022\/revisions\/39024"}],"wp:featuredmedia":[{"embeddable":true,"href":"https:\/\/euapp01.newsmemory.com\/lamarseillaise\/news\/wp-json\/wp\/v2\/media\/39023"}],"wp:attachment":[{"href":"https:\/\/euapp01.newsmemory.com\/lamarseillaise\/news\/wp-json\/wp\/v2\/media?parent=39022"}],"wp:term":[{"taxonomy":"category","embeddable":true,"href":"https:\/\/euapp01.newsmemory.com\/lamarseillaise\/news\/wp-json\/wp\/v2\/categories?post=39022"},{"taxonomy":"post_tag","embeddable":true,"href":"https:\/\/euapp01.newsmemory.com\/lamarseillaise\/news\/wp-json\/wp\/v2\/tags?post=39022"},{"taxonomy":"news-destination","embeddable":true,"href":"https:\/\/euapp01.newsmemory.com\/lamarseillaise\/news\/wp-json\/wp\/v2\/news-destination?post=39022"},{"taxonomy":"news-source","embeddable":true,"href":"https:\/\/euapp01.newsmemory.com\/lamarseillaise\/news\/wp-json\/wp\/v2\/news-source?post=39022"},{"taxonomy":"is_homepage","embeddable":true,"href":"https:\/\/euapp01.newsmemory.com\/lamarseillaise\/news\/wp-json\/wp\/v2\/is_homepage?post=39022"},{"taxonomy":"ta_other","embeddable":true,"href":"https:\/\/euapp01.newsmemory.com\/lamarseillaise\/news\/wp-json\/wp\/v2\/ta_other?post=39022"}],"curies":[{"name":"wp","href":"https:\/\/api.w.org\/{rel}","templated":true}]}}