{"id":39013,"date":"2026-08-11T08:11:00","date_gmt":"2026-08-11T06:11:00","guid":{"rendered":"https:\/\/euapp01.newsmemory.com\/lamarseillaise\/news\/?p=39013"},"modified":"2026-08-18T07:24:13","modified_gmt":"2026-08-18T05:24:13","slug":"le-lr-gilles-vincent-deboute-de-sa-plainte","status":"publish","type":"post","link":"https:\/\/euapp01.newsmemory.com\/lamarseillaise\/news\/2026\/08\/11\/le-lr-gilles-vincent-deboute-de-sa-plainte\/","title":{"rendered":"Le LR Gilles Vincent d\u00e9bout\u00e9 de sa plainte"},"content":{"rendered":"<div class=\"paragraph\">\n<p>On sait comment l\u2019exercice prolong\u00e9 du pouvoir rend frileux les \u00e9lus \u00e0 toute critique, ramenant souvent cette derni\u00e8re \u00e0 une attaque personnelle contre leur int\u00e9grit\u00e9 et bien entendu instrumentalis\u00e9e par les d\u00e9tracteurs des politiques men\u00e9es. Une lecture de l\u2019actualit\u00e9 qui peut amener \u00e0 attribuer \u00e0 son opposition municipale des coups bas r\u00e9els ou suppos\u00e9s, et ce d\u2019autant plus volontiers en pleine campagne \u00e9lectorale o\u00f9 le d\u00e9bat se corse. C\u2019est semble-t-il ce qui am\u00e8ne le maire LR de Saint-Mandrier Gilles Vincent \u00e9lu depuis\u00a01995 \u00e0 la t\u00eate de la ville \u00e0 d\u00e9poser une tonitruante plainte contre la progressiste Vague mandr\u00e9enne et celui qui la pr\u00e9sidait Jean-Ronan Le\u00a0Pen, pour diffamation et injure \u00e0 caract\u00e8re racial. Rien que \u00e7a\u00a0!<\/p>\n<p>En cause, la publication sur les r\u00e9seaux sociaux, et pr\u00e9tendument parue sur le blog de la Vague mandr\u00e9enne, dans laquelle le premier magistrat est qualifi\u00e9 de \u00ab\u00a0vieux m\u00e2le blanc dominant\u00a0\u00bb. Publication dont personne n\u2019a retrouv\u00e9 trace sur le site, l\u2019int\u00e9ress\u00e9 lui-m\u00eame ayant \u00e9t\u00e9 incapable de fournir une copie d\u2019\u00e9cran d\u00e9montrant son origine.<\/p>\n<\/p><\/div>\n<div class=\"intext\"> L\u2019arroseur arros\u00e9\n              <\/div>\n<div class=\"paragraph\">\n<p>Des accusations dont l\u2019association vient d\u2019\u00eatre totalement blanchie, la justice condamnant en plus Gilles Vincent \u00e0 rembourser ses frais de justice. Ce sont les contribuables qui s\u2019en acquitteront puisque le maire avait fait voter par son conseil municipal la protection fonctionnelle sur ce dossier.<\/p>\n<p>\u00ab\u00a0<i>Depuis qu\u2019on a cr\u00e9\u00e9 la vague et d\u00e8s la premi\u00e8re campagne<\/i> <i>en 2020, on s\u2019est fix\u00e9 comme ligne de ne pas verser dans l\u2019attaque personnelle afin de ne pas polluer le d\u00e9bat par des invectives permanentes<\/i>\u00a0\u00bb, rappelle son ancien pr\u00e9sident Jean-Ronan Le\u00a0Pen. Et de poursuivre\u00a0: \u00ab<i>\u00a0<\/i><i>C\u2019est typiquement le genre d\u2019article qu\u2019on ne publie pas sur notre site. Par contre, ce qu\u2019on dit, c\u2019est que c\u2019est bien en de\u00e7\u00e0 de la violence que le maire utilise contre ses opposants et les attaques personnelles dont ils usent, les traitant de menteurs, d\u2019imb\u00e9ciles ou d\u2019incapables<\/i><i>\u00a0<\/i>\u00bb.<\/p>\n<p>Les militants d\u00e9noncent \u00ab<i>\u00a0<\/i><i>une instrumentalisation de la justice afin de<\/i> <i>chercher \u00e0 \u00e9touffer dans l\u2019\u0153uf toute opposition \u00e0 son action comme maire<\/i><i>\u00a0<\/i>\u00bb. Car si, comme ici, les proc\u00e9dures judiciaires n\u2019aboutissent pas toutes, elles<i> <\/i>parviennent tout de m\u00eame \u00e0 pourrir le d\u00e9bat d\u00e9mocratique local en jetant la suspicion.<\/p>\n<p>\u00ab\u00a0<i>Cela lui a permis pendant la campagne de se porter en victime en disant<\/i><i>\u00a0<\/i><i>: regardez comment on me traite<\/i><i>\u00a0<\/i><i>!<\/i>\u00a0\u00bb, d\u00e9plore Jean-Ronan Le\u00a0Pen. C\u2019est pour \u00e7a que tous tiennent \u00e0 faire la publicit\u00e9 de cette d\u00e9cision rendue par le tribunal judiciaire de Toulon.<\/p>\n<\/p><\/div>\n","protected":false},"excerpt":{"rendered":"On sait comment l&rsquo;exercice prolong&eacute; du pouvoir rend frileux les &eacute;lus &agrave; toute critique, ramenant souvent cette derni&egrave;re &agrave; une attaque personnelle contre leur int&eacute;grit&eacute; et bien entendu &#8230;","protected":false},"author":1,"featured_media":39014,"comment_status":"open","ping_status":"open","sticky":false,"template":"","format":"standard","meta":{"footnotes":""},"categories":[3926,3925,330,20],"tags":[203,200,665,752,2361,597,1743,31],"news-destination":[3944],"news-source":[475],"is_homepage":[],"ta_other":[],"class_list":["post-39013","post","type-post","status-publish","format-standard","has-post-thumbnail","hentry","category-accueil-merge","category-accueil-third","category-politique","category-societe","tag-diffamation","tag-justice","tag-lr","tag-maire","tag-plainte","tag-toulon","tag-tribunal-judiciaire","tag-var","news-destination-homepage","news-source-website"],"_links":{"self":[{"href":"https:\/\/euapp01.newsmemory.com\/lamarseillaise\/news\/wp-json\/wp\/v2\/posts\/39013","targetHints":{"allow":["GET"]}}],"collection":[{"href":"https:\/\/euapp01.newsmemory.com\/lamarseillaise\/news\/wp-json\/wp\/v2\/posts"}],"about":[{"href":"https:\/\/euapp01.newsmemory.com\/lamarseillaise\/news\/wp-json\/wp\/v2\/types\/post"}],"author":[{"embeddable":true,"href":"https:\/\/euapp01.newsmemory.com\/lamarseillaise\/news\/wp-json\/wp\/v2\/users\/1"}],"replies":[{"embeddable":true,"href":"https:\/\/euapp01.newsmemory.com\/lamarseillaise\/news\/wp-json\/wp\/v2\/comments?post=39013"}],"version-history":[{"count":1,"href":"https:\/\/euapp01.newsmemory.com\/lamarseillaise\/news\/wp-json\/wp\/v2\/posts\/39013\/revisions"}],"predecessor-version":[{"id":39015,"href":"https:\/\/euapp01.newsmemory.com\/lamarseillaise\/news\/wp-json\/wp\/v2\/posts\/39013\/revisions\/39015"}],"wp:featuredmedia":[{"embeddable":true,"href":"https:\/\/euapp01.newsmemory.com\/lamarseillaise\/news\/wp-json\/wp\/v2\/media\/39014"}],"wp:attachment":[{"href":"https:\/\/euapp01.newsmemory.com\/lamarseillaise\/news\/wp-json\/wp\/v2\/media?parent=39013"}],"wp:term":[{"taxonomy":"category","embeddable":true,"href":"https:\/\/euapp01.newsmemory.com\/lamarseillaise\/news\/wp-json\/wp\/v2\/categories?post=39013"},{"taxonomy":"post_tag","embeddable":true,"href":"https:\/\/euapp01.newsmemory.com\/lamarseillaise\/news\/wp-json\/wp\/v2\/tags?post=39013"},{"taxonomy":"news-destination","embeddable":true,"href":"https:\/\/euapp01.newsmemory.com\/lamarseillaise\/news\/wp-json\/wp\/v2\/news-destination?post=39013"},{"taxonomy":"news-source","embeddable":true,"href":"https:\/\/euapp01.newsmemory.com\/lamarseillaise\/news\/wp-json\/wp\/v2\/news-source?post=39013"},{"taxonomy":"is_homepage","embeddable":true,"href":"https:\/\/euapp01.newsmemory.com\/lamarseillaise\/news\/wp-json\/wp\/v2\/is_homepage?post=39013"},{"taxonomy":"ta_other","embeddable":true,"href":"https:\/\/euapp01.newsmemory.com\/lamarseillaise\/news\/wp-json\/wp\/v2\/ta_other?post=39013"}],"curies":[{"name":"wp","href":"https:\/\/api.w.org\/{rel}","templated":true}]}}