{"id":39010,"date":"2026-08-11T07:56:00","date_gmt":"2026-08-11T05:56:00","guid":{"rendered":"https:\/\/euapp01.newsmemory.com\/lamarseillaise\/news\/?p=39010"},"modified":"2026-08-18T07:18:07","modified_gmt":"2026-08-18T05:18:07","slug":"anais-hausmann-veut-tailler-dans-les-normes-au-senat","status":"publish","type":"post","link":"https:\/\/euapp01.newsmemory.com\/lamarseillaise\/news\/2026\/08\/11\/anais-hausmann-veut-tailler-dans-les-normes-au-senat\/","title":{"rendered":"Ana\u00efs Hausmann veut tailler dans les normes au S\u00e9nat"},"content":{"rendered":"<div class=\"paragraph\">\n<p>Le mot \u00ab\u00a0<i>simplifier<\/i><i>\u00a0<\/i>\u00bb revient souvent dans les discours politiques quand approchent les \u00e9ch\u00e9ances \u00e9lectorales. Une id\u00e9e lib\u00e9rale qui trouve des \u00e9chos jusque dans la Cit\u00e9 des Papes. Ana\u00efs Hausmann (DVD), candidate aux s\u00e9natoriales en Vaucluse et adjointe au maire d\u00e9l\u00e9gu\u00e9e \u00e0 l\u2019innovation et \u00e0 la cr\u00e9ation de valeur territoriale, pr\u00f4ne en effet \u00ab\u00a0<i>une R\u00e9publique qui donne aux \u00e9lus les moyens de d\u00e9cider, d\u2019investir et d\u2019agir, plut\u00f4t que de multiplier les normes, les proc\u00e9dures et les contr\u00f4les<\/i>\u00a0\u00bb.<\/p>\n<p>Celle qui est \u00e9galement la compagne du maire Olivier Galzi a d\u00e9voil\u00e9 en ce d\u00e9but du mois d\u2019ao\u00fbt les grandes lignes de son programme. Dans une introduction sur son site internet nouvellement cr\u00e9\u00e9 pour l\u2019occasion, elle d\u00e9nonce un \u00ab\u00a0<i>syst\u00e8me devenu trop complexe, fragment\u00e9 et parfois illisible<\/i><i>\u00a0<\/i>\u00bb dans lequel \u00ab\u00a0<i>les \u00e9lus passent trop de temps \u00e0 contourner les obstacles plut\u00f4t qu\u2019\u00e0 r\u00e9aliser leurs projets<\/i><i>\u00a0<\/i>\u00bb.<\/p>\n<p>Celle qui \u00e9tait jusqu\u2019\u00e0 r\u00e9cemment encore inconnue aupr\u00e8s du grand public, mais surtout aupr\u00e8s des \u00e9lus vauclusiens, met \u00e9galement en avant ses exp\u00e9riences pour convaincre les grands \u00e9lecteurs. La novice en politique \u00e9voque par exemple son pass\u00e9 comme entrepreneure ou encore \u00ab\u00a0<i>consultante aupr\u00e8s des collectivit\u00e9s<\/i><i>\u00a0<\/i>\u00bb. Et assure que cela l\u2019aurait convaincue que \u00ab\u00a0<i>les solutions durables naissent lorsque l\u2019on part du terrain<\/i>.\u00a0\u00bb Si elle est, sur le papier, d\u00e9j\u00e0 assur\u00e9e d\u2019avoir les 95\u00a0voix des grands \u00e9lecteurs de la majorit\u00e9 avignonnaise, il en faudra bien plus pour esp\u00e9rer avoir un si\u00e8ge au palais du Luxembourg. Une partie des \u00e9lus avait \u00e9t\u00e9 rencontr\u00e9e lors de l\u2019assembl\u00e9e g\u00e9n\u00e9rale de l\u2019Association des Maires de Vaucluse. Il en faudra sans doute plus pour convaincre ceux qui doutent.<\/p>\n<\/p><\/div>\n<div class=\"intext\"> Simplifier\n              <\/div>\n<div class=\"paragraph\">\n<p>Ana\u00efs Hausmann a ainsi r\u00e9parti ses priorit\u00e9s en 7\u00a0piliers de \u00ab\u00a0<i>r\u00e9forme de la colonne vert\u00e9brale de l\u2019action publique<\/i><i>\u00a0<\/i>\u00bb. En commen\u00e7ant avec un sobre \u00ab\u00a0<i>simplifier<\/i><i>\u00a0<\/i>\u00bb en g\u00e9n\u00e9ral. Sans non plus sortir la tron\u00e7onneuse, elle plaide pour le \u00ab\u00a0<i>supprimer ou fusionner plut\u00f4t qu\u2019ajouter<\/i><i>\u00a0<\/i>\u00bb.<\/p>\n<p>Mais aussi d\u2019adapter la loi SRU, r\u00e9former la loi ZAN \u00ab\u00a0<i>pour prot\u00e9ger les terres agricoles sans p\u00e9naliser les communes rurales<\/i><i>\u00a0<\/i>\u00bb ou encore \u00ab\u00a0<i>garantir un acc\u00e8s simple et \u00e9quitable aux financements publics<\/i>.\u00a0\u00bb Au sein m\u00eame de ces piliers, plusieurs propositions plus ou moins techniques. En conclusion, elle assure que ces propositions seront d\u00e9battues, en cas d\u2019\u00e9lection bien s\u00fbr, autour d\u2019ateliers th\u00e9matiques.<\/p>\n<p>Et, quelques jours apr\u00e8s le lancement du mouvement d\u2019Olivier Galzi \u00ab\u00a0Le bon sens des territoires\u00a0\u00bb, les partis politiques \u00ab\u00a0<i>traditionnels<\/i><i>\u00a0<\/i>\u00bb sont encore une fois vis\u00e9s. \u00ab\u00a0<i>Au S\u00e9nat, le territoire doit toujours passer avant le parti<\/i><i>\u00a0<\/i>\u00bb peut-on ainsi lire. \u00c0 voir qui en ressortira vainqueur le 27\u00a0septembre au soir.<\/p>\n<\/p><\/div>\n","protected":false},"excerpt":{"rendered":"Le mot &laquo;&nbsp;simplifier&nbsp;&raquo; revient souvent dans les discours politiques quand approchent les &eacute;ch&eacute;ances &eacute;lectorales. Une id&eacute;e lib&eacute;rale qui trouve des &eacute;chos jusque dans la Cit&eacute; des &#8230;","protected":false},"author":1,"featured_media":39011,"comment_status":"open","ping_status":"open","sticky":false,"template":"","format":"standard","meta":{"footnotes":""},"categories":[3926,3925,330],"tags":[208,433,4914,553,191,5195,171,5819],"news-destination":[3944],"news-source":[475],"is_homepage":[],"ta_other":[],"class_list":["post-39010","post","type-post","status-publish","format-standard","has-post-thumbnail","hentry","category-accueil-merge","category-accueil-third","category-politique","tag-collectivites","tag-elections","tag-olivier-galzi","tag-partis-politiques","tag-politique","tag-senatoriales","tag-vaucluse","tag-yael-braun-pivet","news-destination-homepage","news-source-website"],"_links":{"self":[{"href":"https:\/\/euapp01.newsmemory.com\/lamarseillaise\/news\/wp-json\/wp\/v2\/posts\/39010","targetHints":{"allow":["GET"]}}],"collection":[{"href":"https:\/\/euapp01.newsmemory.com\/lamarseillaise\/news\/wp-json\/wp\/v2\/posts"}],"about":[{"href":"https:\/\/euapp01.newsmemory.com\/lamarseillaise\/news\/wp-json\/wp\/v2\/types\/post"}],"author":[{"embeddable":true,"href":"https:\/\/euapp01.newsmemory.com\/lamarseillaise\/news\/wp-json\/wp\/v2\/users\/1"}],"replies":[{"embeddable":true,"href":"https:\/\/euapp01.newsmemory.com\/lamarseillaise\/news\/wp-json\/wp\/v2\/comments?post=39010"}],"version-history":[{"count":1,"href":"https:\/\/euapp01.newsmemory.com\/lamarseillaise\/news\/wp-json\/wp\/v2\/posts\/39010\/revisions"}],"predecessor-version":[{"id":39012,"href":"https:\/\/euapp01.newsmemory.com\/lamarseillaise\/news\/wp-json\/wp\/v2\/posts\/39010\/revisions\/39012"}],"wp:featuredmedia":[{"embeddable":true,"href":"https:\/\/euapp01.newsmemory.com\/lamarseillaise\/news\/wp-json\/wp\/v2\/media\/39011"}],"wp:attachment":[{"href":"https:\/\/euapp01.newsmemory.com\/lamarseillaise\/news\/wp-json\/wp\/v2\/media?parent=39010"}],"wp:term":[{"taxonomy":"category","embeddable":true,"href":"https:\/\/euapp01.newsmemory.com\/lamarseillaise\/news\/wp-json\/wp\/v2\/categories?post=39010"},{"taxonomy":"post_tag","embeddable":true,"href":"https:\/\/euapp01.newsmemory.com\/lamarseillaise\/news\/wp-json\/wp\/v2\/tags?post=39010"},{"taxonomy":"news-destination","embeddable":true,"href":"https:\/\/euapp01.newsmemory.com\/lamarseillaise\/news\/wp-json\/wp\/v2\/news-destination?post=39010"},{"taxonomy":"news-source","embeddable":true,"href":"https:\/\/euapp01.newsmemory.com\/lamarseillaise\/news\/wp-json\/wp\/v2\/news-source?post=39010"},{"taxonomy":"is_homepage","embeddable":true,"href":"https:\/\/euapp01.newsmemory.com\/lamarseillaise\/news\/wp-json\/wp\/v2\/is_homepage?post=39010"},{"taxonomy":"ta_other","embeddable":true,"href":"https:\/\/euapp01.newsmemory.com\/lamarseillaise\/news\/wp-json\/wp\/v2\/ta_other?post=39010"}],"curies":[{"name":"wp","href":"https:\/\/api.w.org\/{rel}","templated":true}]}}