{"id":39007,"date":"2026-08-11T07:59:00","date_gmt":"2026-08-11T05:59:00","guid":{"rendered":"https:\/\/euapp01.newsmemory.com\/lamarseillaise\/news\/?p=39007"},"modified":"2026-08-18T07:24:13","modified_gmt":"2026-08-18T05:24:13","slug":"le-bao-de-bonneveine-prive-de-tournee-du-facteur","status":"publish","type":"post","link":"https:\/\/euapp01.newsmemory.com\/lamarseillaise\/news\/2026\/08\/11\/le-bao-de-bonneveine-prive-de-tournee-du-facteur\/","title":{"rendered":"Le BAO de Bonneveine priv\u00e9 de tourn\u00e9e du facteur"},"content":{"rendered":"<div class=\"paragraph\">\n<p>Livr\u00e9 en d\u00e9cembre dernier apr\u00e8s des ann\u00e9es de retard suite \u00e0 la d\u00e9confiture du promoteur Michel Ohayon (FIB), l\u2019ensemble immobilier au 134, avenue de Hambourg,\u00a08<sup>e<\/sup>, est confront\u00e9 \u00e0 une difficult\u00e9 inattendue. La Poste refuse de livrer le courrier. Un comble pour l\u2019ancienne tour de France T\u00e9l\u00e9com de 1977 recycl\u00e9e en logements de standing.<\/p>\n<p>\u00ab\u00a0<i>Je n\u2019ai jamais re\u00e7u mon courrier depuis que j\u2019ai emm\u00e9nag\u00e9 en f\u00e9vrier. Il faut courir tant\u00f4t \u00e0 Floralia, tant\u00f4t au Carr\u00e9 Pro ou \u00e0 la poste Bonneveine. Ils ne veulent pas nous livrer. On n\u2019a jamais pu rencontrer de responsable de la Poste<\/i><i>\u00a0<\/i>\u00bb d\u00e9plore Golnaz Montagn\u00e9 de l\u2019association du BAO. \u00ab\u00a0<i>On a rat\u00e9 des courriers importants, comme des amendes par exemple. Je passe une fois toutes les deux semaines voir si j\u2019ai du courrier. Entre voisins, on se fait des procurations pour \u00e9viter des d\u00e9placements inutiles, mais ce n\u2019est pas normal, c\u2019est compl\u00e8tement ubuesque, c\u2019est un service public que nous payons pourtant.<\/i><i>\u00a0<\/i>\u00bb La maire de secteur, Olivia Fortin, n\u2019a pas manqu\u00e9 d\u2019interpeller la Poste.<\/p>\n<p>La Poste nous r\u00e9pond que \u00ab\u00a0<i>l<\/i><i>a distribution du courrier dans une r\u00e9sidence neuve ne peut d\u00e9buter qu\u2019apr\u00e8s validation du raccordement postal, une d\u00e9marche qui rel\u00e8ve de la responsabilit\u00e9 du promoteur conform\u00e9ment \u00e0 la r\u00e9glementation. Concernant la r\u00e9sidence Le Bao, la demande de raccordement a \u00e9t\u00e9 refus\u00e9e en f\u00e9vrier<\/i><i>\u00a0<\/i><i>2026 car l\u2019installation des bo\u00eetes aux lettres ne respectait pas les r\u00e8gles d\u2019accessibilit\u00e9 en vigueur<\/i>\u00a0\u00bb. La soci\u00e9t\u00e9 anonyme dit \u00eatre en qu\u00eate d\u2019une \u00ab\u00a0<i>solution dans les meilleurs d\u00e9lais<\/i><i>\u00a0<\/i>\u00bb. D\u2019ici l\u00e0, elle invite les habitants \u00e0 courir au Carr\u00e9 Pro, 85\u00a0avenue d\u2019Ha\u00effa.<\/p>\n<p>Ses conditions g\u00e9n\u00e9rales pr\u00e9cisent que la distribution du courrier s\u2019effectue \u00ab\u00a0<i>en bo\u00eete aux lettres situ\u00e9e \u00e0 l\u2019entr\u00e9e de la propri\u00e9t\u00e9, en bordure de la voie ouverte \u00e0 la circulation publique<\/i>\u00a0\u00bb.<i> <\/i>Le facteur n\u2019aurait donc pas de parcours terrestre \u00e0 effectuer en terrain priv\u00e9. Le trajet de 30\u00a0m\u00e8tres pour atteindre la batterie de bo\u00eetes aux lettres serait une contrainte inacceptable pour les syndicats.<\/p>\n<p>\u00c0 l\u2019origine, Michel Ohayon avait imagin\u00e9 la pr\u00e9sence d\u2019un concierge. Une piste de reconversion pour l\u2019empereur d\u00e9chu\u00a0?<\/p>\n<\/p><\/div>\n","protected":false},"excerpt":{"rendered":"Livr&eacute; en d&eacute;cembre dernier apr&egrave;s des ann&eacute;es de retard suite &agrave; la d&eacute;confiture du promoteur Michel Ohayon (FIB), l&rsquo;ensemble immobilier au 134, avenue de Hambourg,&nbsp;8e, est confront&eacute; &agrave; &#8230;","protected":false},"author":1,"featured_media":39008,"comment_status":"open","ping_status":"open","sticky":false,"template":"","format":"standard","meta":{"footnotes":""},"categories":[3926,3925,20],"tags":[10,1420,670,212,106,1345,489,16,6234,3778,5072,3295,3399,524,751,364,3253],"news-destination":[3944],"news-source":[475],"is_homepage":[],"ta_other":[],"class_list":["post-39007","post","type-post","status-publish","format-standard","has-post-thumbnail","hentry","category-accueil-merge","category-accueil-third","category-societe","tag-bouches-du-rhone","tag-circulation","tag-deplacements","tag-distribution","tag-habitants","tag-immobilier","tag-logements","tag-marseille","tag-michel-ohayon","tag-olivia-fortin","tag-procurations","tag-reconversion","tag-reglementation","tag-residence","tag-service-public","tag-syndicats","tag-tour-de-france","news-destination-homepage","news-source-website"],"_links":{"self":[{"href":"https:\/\/euapp01.newsmemory.com\/lamarseillaise\/news\/wp-json\/wp\/v2\/posts\/39007","targetHints":{"allow":["GET"]}}],"collection":[{"href":"https:\/\/euapp01.newsmemory.com\/lamarseillaise\/news\/wp-json\/wp\/v2\/posts"}],"about":[{"href":"https:\/\/euapp01.newsmemory.com\/lamarseillaise\/news\/wp-json\/wp\/v2\/types\/post"}],"author":[{"embeddable":true,"href":"https:\/\/euapp01.newsmemory.com\/lamarseillaise\/news\/wp-json\/wp\/v2\/users\/1"}],"replies":[{"embeddable":true,"href":"https:\/\/euapp01.newsmemory.com\/lamarseillaise\/news\/wp-json\/wp\/v2\/comments?post=39007"}],"version-history":[{"count":1,"href":"https:\/\/euapp01.newsmemory.com\/lamarseillaise\/news\/wp-json\/wp\/v2\/posts\/39007\/revisions"}],"predecessor-version":[{"id":39009,"href":"https:\/\/euapp01.newsmemory.com\/lamarseillaise\/news\/wp-json\/wp\/v2\/posts\/39007\/revisions\/39009"}],"wp:featuredmedia":[{"embeddable":true,"href":"https:\/\/euapp01.newsmemory.com\/lamarseillaise\/news\/wp-json\/wp\/v2\/media\/39008"}],"wp:attachment":[{"href":"https:\/\/euapp01.newsmemory.com\/lamarseillaise\/news\/wp-json\/wp\/v2\/media?parent=39007"}],"wp:term":[{"taxonomy":"category","embeddable":true,"href":"https:\/\/euapp01.newsmemory.com\/lamarseillaise\/news\/wp-json\/wp\/v2\/categories?post=39007"},{"taxonomy":"post_tag","embeddable":true,"href":"https:\/\/euapp01.newsmemory.com\/lamarseillaise\/news\/wp-json\/wp\/v2\/tags?post=39007"},{"taxonomy":"news-destination","embeddable":true,"href":"https:\/\/euapp01.newsmemory.com\/lamarseillaise\/news\/wp-json\/wp\/v2\/news-destination?post=39007"},{"taxonomy":"news-source","embeddable":true,"href":"https:\/\/euapp01.newsmemory.com\/lamarseillaise\/news\/wp-json\/wp\/v2\/news-source?post=39007"},{"taxonomy":"is_homepage","embeddable":true,"href":"https:\/\/euapp01.newsmemory.com\/lamarseillaise\/news\/wp-json\/wp\/v2\/is_homepage?post=39007"},{"taxonomy":"ta_other","embeddable":true,"href":"https:\/\/euapp01.newsmemory.com\/lamarseillaise\/news\/wp-json\/wp\/v2\/ta_other?post=39007"}],"curies":[{"name":"wp","href":"https:\/\/api.w.org\/{rel}","templated":true}]}}