{"id":39000,"date":"2026-08-11T07:56:00","date_gmt":"2026-08-11T05:56:00","guid":{"rendered":"https:\/\/euapp01.newsmemory.com\/lamarseillaise\/news\/?p=39000"},"modified":"2026-08-18T07:31:19","modified_gmt":"2026-08-18T05:31:19","slug":"tadjidine-mmadi-continue-de-gratter-du-temps-de-jeu","status":"publish","type":"post","link":"https:\/\/euapp01.newsmemory.com\/lamarseillaise\/news\/2026\/08\/11\/tadjidine-mmadi-continue-de-gratter-du-temps-de-jeu\/","title":{"rendered":"Tadjidine Mmadi continue de gratter du temps de jeu"},"content":{"rendered":"<div class=\"paragraph\">\n<p>Visage souriant, d\u00e9tendu dans son surv\u00eatement de l\u2019OM, Tadjidine Mmadi est le joueur apparu en zone mixte \u00e0 l\u2019issue de la rencontre remport\u00e9e, ce dimanche, face \u00e0 l\u2019Athletic Bilbao (3-1). Le jeune homme de 19\u00a0ans a r\u00e9alis\u00e9 une sortie de banc de belle facture face aux Basques, allant m\u00eame assurer le succ\u00e8s des siens suite \u00e0 un mouvement en solo. Un but bon pour la confiance &#8211; \u00ab\u00a0<i>franchement, c\u2019est le m\u00eame qu\u2019en Coupe de France<\/i>\u00a0\u00bb [contre Bourg-en-Bresse, en d\u00e9cembre\u00a02025, ndlr] -, surtout dans cette p\u00e9riode incertaine pour n\u2019importe quel joueur au club. Le mot-cl\u00e9 sorti \u00e0 moult reprises par le gamin de Malpass\u00e9\u00a0: \u00ab\u00a0<i>bosser<\/i>\u00a0\u00bb. Le travail et l\u2019\u00e9tat d\u2019esprit pourraient lui permettre d\u2019engranger les minutes. \u00ab\u00a0<i>Les jeunes, on travaille beaucoup, on est l\u00e0 \u00e0 l\u2019entra\u00eenement. Apr\u00e8s, le coach fera ses choix. Si on m\u00e9rite, on va jouer, je pense. C\u2019est \u00e0 nous de tout donner.<\/i>\u00a0\u00bb<i><\/i><\/p>\n<p>Justement, l\u2019ailier gauche brillant en Youth League la saison derni\u00e8re, est entr\u00e9 en lieu et place d\u2019Igor Paixao, face \u00e0 Bilbao. Remuant et lui aussi buteur, le Br\u00e9silien aux dents blanches a montr\u00e9 l\u2019exemple \u00e0 son jeune co\u00e9quipier. \u00ab\u00a0<i>Oui, c\u2019est un ailier comme moi. C\u2019est quelqu\u2019un qui a un gros potentiel. C\u2019est quelqu\u2019un qui est mature, qui a beaucoup de minutes en professionnel. <\/i><i><span class=\"mln_uppercase_mln\">\u00c0<\/span><\/i><i> l\u2019entra\u00eenement, il me donne des conseils. Maintenant, c\u2019est \u00e0 moi de les mettre en place<\/i>\u00a0\u00bb, commente simplement le principal int\u00e9ress\u00e9.<\/p>\n<p>Bruno Genesio a lui aussi fait un passage devant les journalistes, dimanche. Apr\u00e8s une demi-douzaine de minutes \u00e0 \u00e9voquer son \u00e9quipe, le nouveau coach a \u00e9galement l\u00e2ch\u00e9 un mot sur ces jeunes, qu\u2019il voit au quotidien depuis son arriv\u00e9e \u00e0 la\u00a0Commanderie. \u00ab\u00a0<i>Ils sont depuis le d\u00e9but de la pr\u00e9paration avec nous, ils travaillent bien. Forc\u00e9ment, ils ont des choses \u00e0 am\u00e9liorer, mais ils ont un bon esprit. \u00c7a s\u2019est vu ce soir parce que Tadj\u2019 a marqu\u00e9, il a \u00e9t\u00e9 d\u00e9cisif. Keyliane aurait pu aussi scorer. Ce sont des gar\u00e7ons en apprentissage qui ont des qualit\u00e9s et qui doivent encore beaucoup travailler. Mais \u00e7a montre qu\u2019on peut certainement compter sur certains d\u2019entre eux au cours de cette saison<\/i>\u00a0\u00bb, a d\u00e9crit l\u2019entra\u00eeneur.<\/p>\n<\/p><\/div>\n<div class=\"intext\"> \u00catre dans l\u2019intensit\u00e9<br \/>\n               <br \/>du plus haut niveau\n              <\/div>\n<div class=\"paragraph\">\n<p>Tadjidine Mmadi d\u00e9couvre encore le plus haut niveau et il s\u2019est fix\u00e9 un axe de progression pour les semaines et mois \u00e0 venir\u00a0: \u00ab\u00a0<i>La bascule entre la r\u00e9serve et le monde professionnel, c\u2019est surtout sur l\u2019intensit\u00e9. Il y a beaucoup plus d\u2019intensit\u00e9, \u00e7a va plus vite, c\u2019est plus technique. Il faut \u00eatre concentr\u00e9 constamment pendant les 90<\/i><i>\u00a0<\/i><i>minutes. Je pense que je dois bosser sur \u00e7a<\/i>\u00a0\u00bb. Retour au travail en ce d\u00e9but de semaine car une autre \u00e9ch\u00e9ance arrive rapidement\u00a0: l\u2019Atletico Madrid (voir ci-contre). Quand on lui demande s\u2019il va jouer contre cette grande \u00e9quipe, l\u2019attaquant r\u00e9pond\u00a0:\u00a0\u00ab\u00a0<i>Qui sait<\/i><i>\u00a0<\/i><i>?<\/i>\u00a0\u00bb En attendant vendredi, Tadj\u2019 a marqu\u00e9 des points dans l\u2019esprit de son coach. De quoi conserver sa d\u00e9contraction et se pencher sur l\u2019avenir avec s\u00e9r\u00e9nit\u00e9.<\/p>\n<\/p><\/div>\n<div class=\"paragraph\">\n<p><b>L\u2019Atletico Madrid au menu de la fin de semaine<\/b><\/p>\n<p>Apr\u00e8s l\u2019Athletic, l\u2019Atletico. Vendredi \u00e0 17h30, ce sont les joueurs de Diego Simeone qui d\u00e9barquent au stade V\u00e9lodrome pour un match de gala. Une derni\u00e8re \u00e9ch\u00e9ance amicale \u00e0 7 jours de la reprise du championnat contre Strasbourg. \u00ab <i>Je pense qu\u2019on va encore affronter l\u2019une des meilleures \u00e9quipes europ\u00e9ennes, avec un entra\u00eeneur qui est l\u00e0-bas depuis tr\u00e8s, tr\u00e8s longtemps. Pour moi, il y a une dizaine de top coachs dans le monde et il en fait partie. Avec son \u00e9quipe, ce sera encore une fois un bon test et une bonne mani\u00e8re de nous \u00e9valuer<\/i> \u00bb<i>, <\/i>d\u00e9crivait Bruno G\u00e9n\u00e9sio, dimanche, apr\u00e8s Bilbao.<\/p>\n<p>Un test grandeur nature avant un d\u00e9but de Ligue 1 XXL avec Strasbourg, Monaco, le Paris FC, Rennes et le PSG.<\/p>\n<\/p><\/div>\n","protected":false},"excerpt":{"rendered":"Visage souriant, d&eacute;tendu dans son surv&ecirc;tement de l&rsquo;OM, Tadjidine Mmadi est le joueur apparu en zone mixte &agrave; l&rsquo;issue de la rencontre remport&eacute;e, ce dimanche, face &agrave; l&rsquo;Athletic Bilbao (3-1). Le jeune &#8230;","protected":false},"author":1,"featured_media":39001,"comment_status":"open","ping_status":"open","sticky":false,"template":"","format":"standard","meta":{"footnotes":""},"categories":[3926,3925,7],"tags":[10,13,16,5298,14],"news-destination":[3944],"news-source":[475],"is_homepage":[],"ta_other":[],"class_list":["post-39000","post","type-post","status-publish","format-standard","has-post-thumbnail","hentry","category-accueil-merge","category-accueil-third","category-sports","tag-bouches-du-rhone","tag-football","tag-marseille","tag-match-amical","tag-om","news-destination-homepage","news-source-website"],"_links":{"self":[{"href":"https:\/\/euapp01.newsmemory.com\/lamarseillaise\/news\/wp-json\/wp\/v2\/posts\/39000","targetHints":{"allow":["GET"]}}],"collection":[{"href":"https:\/\/euapp01.newsmemory.com\/lamarseillaise\/news\/wp-json\/wp\/v2\/posts"}],"about":[{"href":"https:\/\/euapp01.newsmemory.com\/lamarseillaise\/news\/wp-json\/wp\/v2\/types\/post"}],"author":[{"embeddable":true,"href":"https:\/\/euapp01.newsmemory.com\/lamarseillaise\/news\/wp-json\/wp\/v2\/users\/1"}],"replies":[{"embeddable":true,"href":"https:\/\/euapp01.newsmemory.com\/lamarseillaise\/news\/wp-json\/wp\/v2\/comments?post=39000"}],"version-history":[{"count":1,"href":"https:\/\/euapp01.newsmemory.com\/lamarseillaise\/news\/wp-json\/wp\/v2\/posts\/39000\/revisions"}],"predecessor-version":[{"id":39002,"href":"https:\/\/euapp01.newsmemory.com\/lamarseillaise\/news\/wp-json\/wp\/v2\/posts\/39000\/revisions\/39002"}],"wp:featuredmedia":[{"embeddable":true,"href":"https:\/\/euapp01.newsmemory.com\/lamarseillaise\/news\/wp-json\/wp\/v2\/media\/39001"}],"wp:attachment":[{"href":"https:\/\/euapp01.newsmemory.com\/lamarseillaise\/news\/wp-json\/wp\/v2\/media?parent=39000"}],"wp:term":[{"taxonomy":"category","embeddable":true,"href":"https:\/\/euapp01.newsmemory.com\/lamarseillaise\/news\/wp-json\/wp\/v2\/categories?post=39000"},{"taxonomy":"post_tag","embeddable":true,"href":"https:\/\/euapp01.newsmemory.com\/lamarseillaise\/news\/wp-json\/wp\/v2\/tags?post=39000"},{"taxonomy":"news-destination","embeddable":true,"href":"https:\/\/euapp01.newsmemory.com\/lamarseillaise\/news\/wp-json\/wp\/v2\/news-destination?post=39000"},{"taxonomy":"news-source","embeddable":true,"href":"https:\/\/euapp01.newsmemory.com\/lamarseillaise\/news\/wp-json\/wp\/v2\/news-source?post=39000"},{"taxonomy":"is_homepage","embeddable":true,"href":"https:\/\/euapp01.newsmemory.com\/lamarseillaise\/news\/wp-json\/wp\/v2\/is_homepage?post=39000"},{"taxonomy":"ta_other","embeddable":true,"href":"https:\/\/euapp01.newsmemory.com\/lamarseillaise\/news\/wp-json\/wp\/v2\/ta_other?post=39000"}],"curies":[{"name":"wp","href":"https:\/\/api.w.org\/{rel}","templated":true}]}}