{"id":38997,"date":"2026-08-11T07:14:00","date_gmt":"2026-08-11T05:14:00","guid":{"rendered":"https:\/\/euapp01.newsmemory.com\/lamarseillaise\/news\/?p=38997"},"modified":"2026-08-11T10:01:46","modified_gmt":"2026-08-11T08:01:46","slug":"des-signaux-dalarme-en-cascade","status":"publish","type":"post","link":"https:\/\/euapp01.newsmemory.com\/lamarseillaise\/news\/2026\/08\/11\/des-signaux-dalarme-en-cascade\/","title":{"rendered":"Des signaux d\u2019alarme en cascade"},"content":{"rendered":"<div class=\"paragraph\">\n<p>\u00ab\u00a0<i>Nous n\u2019avons pas connu un tel climat de notre vivant et peut-\u00eatre m\u00eame pas depuis l\u2019av\u00e8nement de notre civilisation.<\/i>\u00a0\u00bb<i> <\/i>Le constat alarmant de Carlo Buontempo, directeur de l\u2019Observatoire europ\u00e9en de la s\u00e9cheresse, Copernicus, se traduit dans notre r\u00e9gion par<br \/>un \u00e9tat calamiteux des cultures, notamment des fruits et l\u00e9gumes, mettant en grande difficult\u00e9 les paysans. Combien de temps faudra-t-il pour une prise de conscience se traduisant par un changement radical de mod\u00e8le agricole et de syst\u00e8me \u00e9conomique autre que capitaliste\u00a0?<\/p>\n<p>Car ces vagues de chaleur extr\u00eame vont devenir la norme. La s\u00e9cheresse et la canicule sont symptomatiques d\u2019un climat qui se r\u00e9chauffe durablement et rapidement. Selon Copernicus \u00ab\u00a0<i>l\u2019Europe occidentale a connu son d\u00e9but d\u2019\u00e9t\u00e9 le plus chaud jamais enregistr\u00e9, avec une p\u00e9riode juin-juillet \u00e0 un niveau record<\/i>\u00a0\u00bb.<i> <\/i>Idem pour les oc\u00e9ans qui ont aussi atteint en juillet\u00a02026 \u00ab\u00a0<i>des niveaux de chaleur in\u00e9dits pour ce mois<\/i>\u00a0\u00bb.<\/p>\n<p><b>Nappes au plus bas<\/b><\/p>\n<p>La ressource en eau se rar\u00e9fie. Ainsi, en France, deux tiers des nappes phr\u00e9atiques sont sous la normale. Au 1<sup>er<\/sup>\u00a0ao\u00fbt, \u00ab\u00a0<i>la quasi-totalit\u00e9 (94%) des r\u00e9serves souterraines m\u00e9tropolitaines en eau pr\u00e9sente des niveaux en baisse<\/i>\u00a0\u00bb a d\u00e9clar\u00e9 lundi le Bureau de recherches g\u00e9ologiques et mini\u00e8res (BRGM).<i> Autre constat<\/i><i>\u00a0<\/i><i>: <\/i>Selon une analyse de l\u2019Agence France presse, \u00ab\u00a0<i>Environ 95% du territoire m\u00e9tropolitain fran\u00e7ais ont \u00e9t\u00e9 touch\u00e9s par la s\u00e9cheresse en juillet<\/i>\u00a0\u00bb<i>.<\/i> Combien faudra-t-il de signaux d\u2019alarme pour r\u00e9agir\u00a0? Outre les agriculteurs, en premi\u00e8re ligne, l\u2019\u00e9crasante majorit\u00e9 des citoyens, classes populaires en t\u00eate, subissent une situation qui n\u2019a rien de fatal.<\/p>\n<\/p><\/div>\n","protected":false},"excerpt":{"rendered":"&laquo;&nbsp;Nous n&rsquo;avons pas connu un tel climat de notre vivant et peut-&ecirc;tre m&ecirc;me pas depuis l&rsquo;av&egrave;nement de notre civilisation.&nbsp;&raquo; Le constat alarmant de Carlo Buontempo, directeur de l&rsquo;Observatoire &#8230;","protected":false},"author":1,"featured_media":38998,"comment_status":"open","ping_status":"open","sticky":false,"template":"","format":"standard","meta":{"footnotes":""},"categories":[332],"tags":[450,3301,447,1965,1967,372,1550,1372,572,6233,419,6157],"news-destination":[],"news-source":[475],"is_homepage":[],"ta_other":[],"class_list":["post-38997","post","type-post","status-publish","format-standard","has-post-thumbnail","hentry","category-edito","tag-agriculteurs","tag-agricultrices","tag-agriculture","tag-agriculture-biologique","tag-agroclimatologie","tag-canicule","tag-dereglement-climatique","tag-editoriaux","tag-france","tag-inaction-climatique","tag-rechauffement-climatique","tag-urgence-climatique","news-source-website"],"_links":{"self":[{"href":"https:\/\/euapp01.newsmemory.com\/lamarseillaise\/news\/wp-json\/wp\/v2\/posts\/38997","targetHints":{"allow":["GET"]}}],"collection":[{"href":"https:\/\/euapp01.newsmemory.com\/lamarseillaise\/news\/wp-json\/wp\/v2\/posts"}],"about":[{"href":"https:\/\/euapp01.newsmemory.com\/lamarseillaise\/news\/wp-json\/wp\/v2\/types\/post"}],"author":[{"embeddable":true,"href":"https:\/\/euapp01.newsmemory.com\/lamarseillaise\/news\/wp-json\/wp\/v2\/users\/1"}],"replies":[{"embeddable":true,"href":"https:\/\/euapp01.newsmemory.com\/lamarseillaise\/news\/wp-json\/wp\/v2\/comments?post=38997"}],"version-history":[{"count":1,"href":"https:\/\/euapp01.newsmemory.com\/lamarseillaise\/news\/wp-json\/wp\/v2\/posts\/38997\/revisions"}],"predecessor-version":[{"id":38999,"href":"https:\/\/euapp01.newsmemory.com\/lamarseillaise\/news\/wp-json\/wp\/v2\/posts\/38997\/revisions\/38999"}],"wp:featuredmedia":[{"embeddable":true,"href":"https:\/\/euapp01.newsmemory.com\/lamarseillaise\/news\/wp-json\/wp\/v2\/media\/38998"}],"wp:attachment":[{"href":"https:\/\/euapp01.newsmemory.com\/lamarseillaise\/news\/wp-json\/wp\/v2\/media?parent=38997"}],"wp:term":[{"taxonomy":"category","embeddable":true,"href":"https:\/\/euapp01.newsmemory.com\/lamarseillaise\/news\/wp-json\/wp\/v2\/categories?post=38997"},{"taxonomy":"post_tag","embeddable":true,"href":"https:\/\/euapp01.newsmemory.com\/lamarseillaise\/news\/wp-json\/wp\/v2\/tags?post=38997"},{"taxonomy":"news-destination","embeddable":true,"href":"https:\/\/euapp01.newsmemory.com\/lamarseillaise\/news\/wp-json\/wp\/v2\/news-destination?post=38997"},{"taxonomy":"news-source","embeddable":true,"href":"https:\/\/euapp01.newsmemory.com\/lamarseillaise\/news\/wp-json\/wp\/v2\/news-source?post=38997"},{"taxonomy":"is_homepage","embeddable":true,"href":"https:\/\/euapp01.newsmemory.com\/lamarseillaise\/news\/wp-json\/wp\/v2\/is_homepage?post=38997"},{"taxonomy":"ta_other","embeddable":true,"href":"https:\/\/euapp01.newsmemory.com\/lamarseillaise\/news\/wp-json\/wp\/v2\/ta_other?post=38997"}],"curies":[{"name":"wp","href":"https:\/\/api.w.org\/{rel}","templated":true}]}}