{"id":38991,"date":"2026-08-11T10:30:00","date_gmt":"2026-08-11T08:30:00","guid":{"rendered":"https:\/\/euapp01.newsmemory.com\/lamarseillaise\/news\/?p=38991"},"modified":"2026-08-18T15:34:03","modified_gmt":"2026-08-18T13:34:03","slug":"entretien-naima-senanedj-pcf-une-grande-solidarite-se-manifeste-pour-cuba","status":"publish","type":"post","link":"https:\/\/euapp01.newsmemory.com\/lamarseillaise\/news\/2026\/08\/11\/entretien-naima-senanedj-pcf-une-grande-solidarite-se-manifeste-pour-cuba\/","title":{"rendered":"[Entretien] Na\u00efma Senanedj, PCF : \u00ab&nbsp;Une grande solidarit\u00e9 se manifeste pour Cuba&nbsp;\u00bb"},"content":{"rendered":"<div class=\"paragraph\">\n<p><b>La<\/b><b>\u00a0<\/b><b>Marseillaise<\/b><b>\u00a0<\/b><b>:<\/b> <b>Quel est l\u2019objet de votre visite \u00e0 Cuba<\/b><b>\u00a0<\/b><b>?<\/b><\/p>\n<p>Na\u00efma\u00a0Senanedj\u00a0: Notre d\u00e9l\u00e9gation [compos\u00e9e de Na\u00efma Senanedj et de Leila Moussavian membre du secteur International du PCF, ndlr] a particip\u00e9 \u00e0 la 24<sup>e<\/sup>\u00a0Rencontre des partis communistes et ouvriers o\u00f9 le but \u00e9tait de renouer les liens entre la quarantaine d\u2019organisations politiques pr\u00e9sentes. Nous avons r\u00e9affirm\u00e9 notre solidarit\u00e9 avec Cuba mais aussi avec des pays tels que la Palestine, et \u00e9chang\u00e9 sur les fa\u00e7ons dont, ensemble, on pouvait \u0153uvrer \u00e0 porter haut et fort des revendications comme la lev\u00e9e du blocus, qui, aujourd\u2019hui, \u00e9trangle Cuba et son peuple. Nos discussions ont \u00e9galement tenu sur l\u2019exigence d\u2019un cessez-le-feu imm\u00e9diat en Palestine et \u00e0 la reconnaissance de l\u2019\u00c9tat palestinien, \u00e0 c\u00f4t\u00e9 de l\u2019\u00c9tat d\u2019Isra\u00ebl. Nous voulons faire respecter la charte des Nations Unies et le droit international dans ces pays-l\u00e0, qui ne sont pas du tout respect\u00e9s par les \u00c9tats-Unis en premier lieu, qui imposent leur loi surtout en Am\u00e9rique latine. Nous travaillons tous ensemble \u00e0 ces points-l\u00e0, mais aussi sur un rapport qui vise \u00e0 la construction de la paix dans le monde.<\/p>\n<p><b>Avez-vous ressenti sur place les effets du durcissement des sanctions am\u00e9ricaines sur l\u2019\u00eele<\/b><b>\u00a0<\/b><b>?<\/b><\/p>\n<p>N.S.\u00a0: Il y a une r\u00e9alit\u00e9, on ne peut pas la nier, c\u2019est que la situation est de plus en plus compliqu\u00e9e. J\u2019ai eu l\u2019occasion de participer au 1<sup>er<\/sup>\u00a0mai \u00e0 Cuba en 2024. En deux ans, j\u2019ai vu que la situation devenait de plus en plus difficile. Le prix de l\u2019essence a augment\u00e9, il y a des p\u00e9nuries, les stations sont ferm\u00e9es, on sent ces difficult\u00e9s-l\u00e0. Quand on va dans un restaurant, de nombreux produits sont barr\u00e9s de la carte, parce qu\u2019ils proviennent de l\u2019importation. La notion alimentaire est centrale, quand les containers sont bloqu\u00e9s, quand il n\u2019y a plus d\u2019essence qui rentre dans le pays, la situation devient difficile et pour produire localement et pour toutes les importations qui pourraient se faire. En me promenant, j\u2019ai constat\u00e9 que dans des quartiers que j\u2019avais travers\u00e9s il y a deux ans, des commerces ont ferm\u00e9, de m\u00eame que l\u2019int\u00e9gralit\u00e9 de rues, autrefois, commer\u00e7antes. Mais pour autant, je ne vois pas le d\u00e9sarroi dans le regard des Cubains. Ils savent d\u2019o\u00f9 vient le probl\u00e8me.<\/p>\n<p><b>Comment les Cubains vivent les menaces prof\u00e9r\u00e9es par l\u2019administration Trump<\/b><b>\u00a0<\/b><b>?<\/b><\/p>\n<p>N.S.\u00a0: \u00c7a reste quand m\u00eame une menace r\u00e9elle, on l\u2019a senti dans les discours. Il y a toujours la crainte de voir ce qui s\u2019est pass\u00e9 au Venezuela avec la capture de Maduro, se d\u00e9rouler ici. Mais tout le monde continue \u00e0 vivre.<\/p>\n<p><b>Face \u00e0 cette situation, comment s\u2019organise la solidarit\u00e9 internationale<\/b><b>\u00a0<\/b><b>?<\/b><\/p>\n<p>N.S.\u00a0: Dans les Bouches-du-Rh\u00f4ne, on a lanc\u00e9 une campagne de solidarit\u00e9 avec Cuba, dans le cadre de la campagne nationale pour faire partir des containers de m\u00e9dicaments et de produits m\u00e9dicaux. Pour ma part, j\u2019ai d\u00e9j\u00e0 vid\u00e9 un carton \u00e0 la F\u00e9d\u00e9ration pour le mettre dans ma valise pour l\u2019amener \u00e0 Cuba. Les Belges aussi sont arriv\u00e9s avec des valises de m\u00e9dicaments. La d\u00e9l\u00e9gation chinoise a apport\u00e9 des panneaux photovolta\u00efques. Personne n\u2019est venu les mains vides. Tout le monde s\u2019est rendu \u00e0 Cuba en amenant du mat\u00e9riel n\u00e9cessaire aux Cubains. Il y a une grande solidarit\u00e9 qui se manifeste.<\/p>\n<p><b>Comment ces \u00e9changes vous inspirent en tant que militante communiste<\/b><b>\u00a0<\/b><b>?<\/b><\/p>\n<p>N.S.\u00a0: Ces rencontres se tiennent \u00e0 l\u2019occasion des 100\u00a0ans de la naissance de Fidel Castro. Nous avons plusieurs journ\u00e9es d\u2019atelier et de travail pour \u00e9changer \u00e0 la fois sur l\u2019h\u00e9ritage et sur l\u2019avenir. Nous sommes inspir\u00e9s par l\u2019\u00e9volution de Cuba avec ses r\u00e9flexions montantes sur la souverainet\u00e9 des peuples, la paix, l\u2019internationalisme, la solidarit\u00e9 entre les nations, la justice sociale, la construction d\u2019un monde plus juste. Mais aussi sur la sant\u00e9, l\u2019\u00e9ducation, la jeunesse et le f\u00e9minisme. \u00catre \u00e0 Cuba aujourd\u2019hui, \u00eatre \u00e0 La\u00a0Havane, ce n\u2019est pas seulement regarder l\u2019histoire, c\u2019est aussi participer au d\u00e9veloppement du monde que nous voulons construire. C\u2019est fort de sens. Nous apportons des t\u00e9moignages de solidarit\u00e9 avec le peuple cubain. Et, eux, nous montrent leur r\u00e9sistance et leur r\u00e9silience aux attaques qu\u2019ils peuvent subir depuis plus de 60 ans. Durant ces six d\u00e9cennies, ils ont quand m\u00eame r\u00e9ussi \u00e0 faire \u00e9voluer un syst\u00e8me de sant\u00e9 que beaucoup de monde envie, que ce soit dans la recherche ou dans l\u2019application des soins. Pour tous les peuples rassembl\u00e9s, \u00e7a va \u00eatre une force de participer ensemble \u00e0 des d\u00e9bats pour construire un monde meilleur dans chacun de nos pays respectifs.<\/p>\n<\/p><\/div>\n<div class=\"paragraph\">\n<p><b>La situation \u00e0 Cuba est proche de la crise humanitaire. Mercredi, <\/b><b>dans un communiqu\u00e9, <\/b><b>des experts des droits humains des Nations Unies ont alert\u00e9 sur \u00ab<\/b><b>\u00a0<\/b><i><b>les cons\u00e9quences humanitaires <\/b><\/i><b>[qui]<\/b><i><b> sont d\u00e9j\u00e0 en train de prendre les proportions d\u2019une crise majeure<\/b><\/i><i><b>\u00a0<\/b><\/i><i><b>\u00bb<\/b><\/i><b>, estimant que \u00ab<\/b><b>\u00a0<\/b><i><b>le gouvernement des \u00c9tats-Unis doit mettre un terme \u00e0 toutes ses menaces et actions hostiles envers la souverainet\u00e9 de Cuba<\/b><\/i><i><b>\u00a0<\/b><\/i><b>\u00bb. Face \u00e0 cela, les peuples solidaires s\u2019organisent pour aider l\u2019\u00eele. C\u2019est ce qu\u2019ils ont d\u00e9montr\u00e9 lors de la 24<\/b><b><sup>e<\/sup><\/b><b> Rencontre internationale des partis communistes et ouvriers (RIPCO) \u00e0 La<\/b><b>\u00a0<\/b><b>Havane, cette semaine.<\/b><\/p>\n<\/p><\/div>\n","protected":false},"excerpt":{"rendered":"La&nbsp;Marseillaise&nbsp;: Quel est l&rsquo;objet de votre visite &agrave; Cuba&nbsp;?","protected":false},"author":1,"featured_media":38992,"comment_status":"open","ping_status":"open","sticky":false,"template":"","format":"standard","meta":{"footnotes":""},"categories":[3926,3925,337],"tags":[3609,3190,1467,1656,343,250,4674],"news-destination":[3944],"news-source":[475],"is_homepage":[],"ta_other":[],"class_list":["post-38991","post","type-post","status-publish","format-standard","has-post-thumbnail","hentry","category-accueil-merge","category-accueil-third","category-international","tag-crise-humanitaire","tag-cuba","tag-droit-international","tag-droits-humains","tag-entretien","tag-pcf","tag-solidarite-internationale","news-destination-homepage","news-source-website"],"_links":{"self":[{"href":"https:\/\/euapp01.newsmemory.com\/lamarseillaise\/news\/wp-json\/wp\/v2\/posts\/38991","targetHints":{"allow":["GET"]}}],"collection":[{"href":"https:\/\/euapp01.newsmemory.com\/lamarseillaise\/news\/wp-json\/wp\/v2\/posts"}],"about":[{"href":"https:\/\/euapp01.newsmemory.com\/lamarseillaise\/news\/wp-json\/wp\/v2\/types\/post"}],"author":[{"embeddable":true,"href":"https:\/\/euapp01.newsmemory.com\/lamarseillaise\/news\/wp-json\/wp\/v2\/users\/1"}],"replies":[{"embeddable":true,"href":"https:\/\/euapp01.newsmemory.com\/lamarseillaise\/news\/wp-json\/wp\/v2\/comments?post=38991"}],"version-history":[{"count":2,"href":"https:\/\/euapp01.newsmemory.com\/lamarseillaise\/news\/wp-json\/wp\/v2\/posts\/38991\/revisions"}],"predecessor-version":[{"id":39071,"href":"https:\/\/euapp01.newsmemory.com\/lamarseillaise\/news\/wp-json\/wp\/v2\/posts\/38991\/revisions\/39071"}],"wp:featuredmedia":[{"embeddable":true,"href":"https:\/\/euapp01.newsmemory.com\/lamarseillaise\/news\/wp-json\/wp\/v2\/media\/38992"}],"wp:attachment":[{"href":"https:\/\/euapp01.newsmemory.com\/lamarseillaise\/news\/wp-json\/wp\/v2\/media?parent=38991"}],"wp:term":[{"taxonomy":"category","embeddable":true,"href":"https:\/\/euapp01.newsmemory.com\/lamarseillaise\/news\/wp-json\/wp\/v2\/categories?post=38991"},{"taxonomy":"post_tag","embeddable":true,"href":"https:\/\/euapp01.newsmemory.com\/lamarseillaise\/news\/wp-json\/wp\/v2\/tags?post=38991"},{"taxonomy":"news-destination","embeddable":true,"href":"https:\/\/euapp01.newsmemory.com\/lamarseillaise\/news\/wp-json\/wp\/v2\/news-destination?post=38991"},{"taxonomy":"news-source","embeddable":true,"href":"https:\/\/euapp01.newsmemory.com\/lamarseillaise\/news\/wp-json\/wp\/v2\/news-source?post=38991"},{"taxonomy":"is_homepage","embeddable":true,"href":"https:\/\/euapp01.newsmemory.com\/lamarseillaise\/news\/wp-json\/wp\/v2\/is_homepage?post=38991"},{"taxonomy":"ta_other","embeddable":true,"href":"https:\/\/euapp01.newsmemory.com\/lamarseillaise\/news\/wp-json\/wp\/v2\/ta_other?post=38991"}],"curies":[{"name":"wp","href":"https:\/\/api.w.org\/{rel}","templated":true}]}}