{"id":38981,"date":"2026-08-10T10:14:00","date_gmt":"2026-08-10T08:14:00","guid":{"rendered":"https:\/\/euapp01.newsmemory.com\/lamarseillaise\/news\/?p=38981"},"modified":"2026-08-17T08:36:19","modified_gmt":"2026-08-17T06:36:19","slug":"a-limperator-la-greve-qui-fait-tomber-le-vernis-du-luxe-nimois","status":"publish","type":"post","link":"https:\/\/euapp01.newsmemory.com\/lamarseillaise\/news\/2026\/08\/10\/a-limperator-la-greve-qui-fait-tomber-le-vernis-du-luxe-nimois\/","title":{"rendered":"\u00c0 l\u2019Imperator, la gr\u00e8ve qui fait tomber le vernis du luxe n\u00eemois"},"content":{"rendered":"<div class=\"paragraph\">\n<p>Dimanche 26 juillet, l\u2019h\u00f4tel cinq \u00e9toiles Maison Albar L\u2019Imperator, sur les quais de la Fontaine \u00e0 N\u00eemes, n\u2019a pas ouvert comme d\u2019habitude, tandis que le luxe laissait voir ses coulisses. Une quinzaine de femmes de chambre, gouvernantes et \u00e9quipiers ont pos\u00e9 leurs chariots pour rejoindre le trottoir, soutenus par la CGT. Le mouvement tombe en pleine haute saison, alors que l\u2019\u00e9tablissement affiche complet \u00e0 98% et h\u00e9berge le groupe The Cure, venu pour quatre concerts aux ar\u00e8nes dans le cadre du Festival de N\u00eemes. Pour le d\u00e9l\u00e9gu\u00e9 syndical David Goslin, ce coup d\u2019\u00e9clat n\u2019a rien d\u2019un hasard\u00a0: \u00ab\u00a0<i>C\u2019est l\u2019un des m\u00e9tiers les plus ingrats de l\u2019h\u00f4tellerie<\/i>. <i>Dans un cinq-\u00e9toiles, on voit toujours le c\u00f4t\u00e9 brillant, mais l\u2019arri\u00e8re-boutique, c\u2019est la mine<\/i><i>\u00a0<\/i>\u00bb, r\u00e9sume-t-il.<\/p>\n<\/p><\/div>\n<div class=\"intext\"> Le prestige sur des corps \u00e9puis\u00e9s\n              <\/div>\n<div class=\"paragraph\">\n<p>Derri\u00e8re la fa\u00e7ade cossue, les gr\u00e9vistes d\u00e9crivent un quotidien \u00e9puisant. La direction exigerait qu\u2019une chambre soit nettoy\u00e9e en trente minutes, quand la t\u00e2che en prend r\u00e9ellement entre quarante-cinq et cinquante. Ikram Ouadeh, femme de chambre depuis cinq ans, s\u2019occupe seule d\u2019une douzaine de chambres par jour pour environ 1\u00a0400\u00a0euros net mensuels, v\u00eatue d\u2019un tee-shirt tach\u00e9 de javel faute de tenue fournie. \u00ab\u00a0<i>C\u2019est une honte, dans un cinq-\u00e9toiles<\/i><i>\u00a0<\/i>\u00bb, l\u00e2che-t-elle. Dipl\u00f4m\u00e9e infirmi\u00e8re au Maroc, elle dit n\u2019avoir jamais eu de r\u00e9ponse \u00e0 sa demande de formation en interne. Plusieurs coll\u00e8gues racontent des repas saut\u00e9s faute de temps, une perte de poids et une fatigue qui d\u00e9borde sur leur vie de famille.<\/p>\n<p>Derri\u00e8re les draps impeccables et les couloirs silencieux, la p\u00e9nibilit\u00e9 s\u2019accumule. Le syndicat CGT d\u00e9nonce des semaines allant parfois au-del\u00e0 des 39\u00a0heures des chariots de cent kilos \u00e0 manier seules dans un escalier en colima\u00e7on, des vestiaires mixtes contraires au Code du travail, et des livraisons de linge interrompues faute de factures r\u00e9gl\u00e9es par la direction. Plusieurs salari\u00e9es disent devoir acheter elles-m\u00eames produits d\u2019entretien et papier toilette pour d\u00e9panner les \u00e9tages. Fait rare, leur propre manager a rejoint le mouvement\u00a0: Nicolas Viala, gouvernant g\u00e9n\u00e9ral, affirme avoir vainement alert\u00e9 sa hi\u00e9rarchie \u00e0 plusieurs reprises sur le manque de personnel.<\/p>\n<p>Sur place, la conseill\u00e8re municipale n\u00eemoise Janie Arn\u00e9guy est venue soutenir les gr\u00e9vistes, jugeant leurs conditions de travail scandaleuses. Des clients, eux, se sont montr\u00e9s attentifs aux revendications affich\u00e9es sur les tracts distribu\u00e9s devant l\u2019\u00e9tablissement. Contact\u00e9e \u00e0 plusieurs reprises, la direction de l\u2019h\u00f4tel n\u2019a pas souhait\u00e9 r\u00e9pondre \u00e0 nos sollicitations.<\/p>\n<p>Une proc\u00e9dure est engag\u00e9e aupr\u00e8s de l\u2019Inspection du travail sur les salaires, les heures suppl\u00e9mentaires et la s\u00e9curit\u00e9 au travail. Des discussions doivent s\u2019ouvrir dans les prochaines semaines pour tenter de sortir du conflit.<\/p>\n<\/p><\/div>\n","protected":false},"excerpt":{"rendered":"Dimanche 26 juillet, l&rsquo;h&ocirc;tel cinq &eacute;toiles Maison Albar L&rsquo;Imperator, sur les quais de la Fontaine &agrave; N&icirc;mes, n&rsquo;a pas ouvert comme d&rsquo;habitude, tandis que le luxe laissait voir ses coulisses. Une &#8230;","protected":false},"author":1,"featured_media":38982,"comment_status":"open","ping_status":"open","sticky":false,"template":"","format":"standard","meta":{"footnotes":""},"categories":[3926,3925,331],"tags":[113,195,1600,5352,238,876,1894,134,241,284,2712,1025],"news-destination":[3944],"news-source":[475],"is_homepage":[],"ta_other":[],"class_list":["post-38981","post","type-post","status-publish","format-standard","has-post-thumbnail","hentry","category-accueil-merge","category-accueil-third","category-social","tag-cgt","tag-conditions-de-travail","tag-droits-sociaux","tag-femmes-de-chambre","tag-gard","tag-greve","tag-hotellerie","tag-mobilisation","tag-nimes","tag-occitanie","tag-penibilite","tag-salaires","news-destination-homepage","news-source-website"],"_links":{"self":[{"href":"https:\/\/euapp01.newsmemory.com\/lamarseillaise\/news\/wp-json\/wp\/v2\/posts\/38981","targetHints":{"allow":["GET"]}}],"collection":[{"href":"https:\/\/euapp01.newsmemory.com\/lamarseillaise\/news\/wp-json\/wp\/v2\/posts"}],"about":[{"href":"https:\/\/euapp01.newsmemory.com\/lamarseillaise\/news\/wp-json\/wp\/v2\/types\/post"}],"author":[{"embeddable":true,"href":"https:\/\/euapp01.newsmemory.com\/lamarseillaise\/news\/wp-json\/wp\/v2\/users\/1"}],"replies":[{"embeddable":true,"href":"https:\/\/euapp01.newsmemory.com\/lamarseillaise\/news\/wp-json\/wp\/v2\/comments?post=38981"}],"version-history":[{"count":1,"href":"https:\/\/euapp01.newsmemory.com\/lamarseillaise\/news\/wp-json\/wp\/v2\/posts\/38981\/revisions"}],"predecessor-version":[{"id":38983,"href":"https:\/\/euapp01.newsmemory.com\/lamarseillaise\/news\/wp-json\/wp\/v2\/posts\/38981\/revisions\/38983"}],"wp:featuredmedia":[{"embeddable":true,"href":"https:\/\/euapp01.newsmemory.com\/lamarseillaise\/news\/wp-json\/wp\/v2\/media\/38982"}],"wp:attachment":[{"href":"https:\/\/euapp01.newsmemory.com\/lamarseillaise\/news\/wp-json\/wp\/v2\/media?parent=38981"}],"wp:term":[{"taxonomy":"category","embeddable":true,"href":"https:\/\/euapp01.newsmemory.com\/lamarseillaise\/news\/wp-json\/wp\/v2\/categories?post=38981"},{"taxonomy":"post_tag","embeddable":true,"href":"https:\/\/euapp01.newsmemory.com\/lamarseillaise\/news\/wp-json\/wp\/v2\/tags?post=38981"},{"taxonomy":"news-destination","embeddable":true,"href":"https:\/\/euapp01.newsmemory.com\/lamarseillaise\/news\/wp-json\/wp\/v2\/news-destination?post=38981"},{"taxonomy":"news-source","embeddable":true,"href":"https:\/\/euapp01.newsmemory.com\/lamarseillaise\/news\/wp-json\/wp\/v2\/news-source?post=38981"},{"taxonomy":"is_homepage","embeddable":true,"href":"https:\/\/euapp01.newsmemory.com\/lamarseillaise\/news\/wp-json\/wp\/v2\/is_homepage?post=38981"},{"taxonomy":"ta_other","embeddable":true,"href":"https:\/\/euapp01.newsmemory.com\/lamarseillaise\/news\/wp-json\/wp\/v2\/ta_other?post=38981"}],"curies":[{"name":"wp","href":"https:\/\/api.w.org\/{rel}","templated":true}]}}