{"id":38978,"date":"2026-08-10T11:09:00","date_gmt":"2026-08-10T09:09:00","guid":{"rendered":"https:\/\/euapp01.newsmemory.com\/lamarseillaise\/news\/?p=38978"},"modified":"2026-08-17T10:04:27","modified_gmt":"2026-08-17T08:04:27","slug":"la-difficile-union-de-la-gauche-dans-le-gard","status":"publish","type":"post","link":"https:\/\/euapp01.newsmemory.com\/lamarseillaise\/news\/2026\/08\/10\/la-difficile-union-de-la-gauche-dans-le-gard\/","title":{"rendered":"La difficile union de la gauche dans le Gard"},"content":{"rendered":"<div class=\"paragraph\">\n<p>Il y aura donc bien trois listes \u00e0 gauche pour les prochaines \u00e9lections s\u00e9natoriales dans le Gard. Si cette d\u00e9sunion avait d\u00e9j\u00e0 permis \u00e0 la droite de remporter le troisi\u00e8me si\u00e8ge il y a six ans, le sc\u00e9nario pourrait se r\u00e9p\u00e9ter en septembre. Car le s\u00e9nateur sortant Denis Bouad n\u2019a pu unir que les socialistes, les communistes et les radicaux. Son ancienne alli\u00e9e Carole Bergeri a re\u00e7u le soutien de Place publique et les insoumis ont choisi Jean-Baptiste Thibaut, adjoint au maire du Vigan pour mener une liste.<\/p>\n<p>Si la constitution de cette liste c\u00f4t\u00e9 insoumis a \u00e9t\u00e9 longue \u00e0 \u00eatre officialis\u00e9e, le mouvement a annonc\u00e9 sa candidature le 31\u00a0juillet dernier. Derri\u00e8re Baptiste Thibaut, la liste est constitu\u00e9e de Marie-Pierre Vaselli (conseill\u00e8re municipale de Sauveterre), Xavier S\u00e9gura (conseiller municipal de Montaren), Audrey Bonnet (militante al\u00e9sienne) et Christophe Cl\u00e9ment (conseiller municipal de Sommi\u00e8re). Si cette liste n\u2019a que peu de chances d\u2019engranger les voix tant LFI est peu repr\u00e9sent\u00e9e parmi les \u00e9lus du territoire, elle souhaite \u00ab\u00a0<i>porter le programme de rupture du Nouveau front populaire<\/i><i>\u00a0<\/i>\u00bb et d\u00e9taillera \u00ab\u00a0<i>le programme \u00e0 la rentr\u00e9e<\/i>\u00a0\u00bb.<\/p>\n<\/p><\/div>\n<div class=\"intext\"> \u00c9colos et Unitaires restent en retrait\n              <\/div>\n<div class=\"paragraph\">\n<p>La France insoumise dans le Gard avait pourtant l\u2019occasion d\u2019ouvrir sa liste \u00e0 d\u2019autres formations. Des discussions ont eu lieu avec les Unitaires Gard (L\u2019Apr\u00e8s, Debout, G\u00e9n\u00e9ration.s) mais LFI a finalement refus\u00e9 sous pr\u00e9texte que tous les accords devaient se passer au niveau national. \u00ab\u00a0<i>Par manque d\u2019ouverture, notre bord politique se retrouve coinc\u00e9 entre une d\u00e9marche solitaire de la France insoumise, un regroupement du traditionnel duo gardois PS\/PCF et potentiellement, une troisi\u00e8me liste isol\u00e9e<\/i>\u00a0\u00bb, \u00e9crivent-ils.<\/p>\n<p>Des \u00e9changes ont \u00e9galement anim\u00e9 les derni\u00e8res semaines avec Carole Bergeri et Denis Bouad mais aucun accord n\u2019a pu \u00eatre trouv\u00e9. \u00ab\u00a0<i>Les unitaires ne peuvent soutenir une liste bas\u00e9e uniquement sur des calculs arithm\u00e9tiques, qui ne refl\u00e8te pas l\u2019union de la gauche, qui ne porte pas les convictions environnementales fortes n\u00e9cessaires pour faire face aux enjeux majeurs de notre temps<\/i>\u00a0\u00bb, ajoutent-ils.<\/p>\n<p>Une position partag\u00e9e par les \u00c9cologistes qui \u00e9taient en n\u00e9gociation pour obtenir une place sur la liste de Denis Bouad. Mais le socialiste a finalement refus\u00e9 car les profils des candidats propos\u00e9s (qui n\u2019\u00e9taient pas des grands \u00e9lecteurs et qui avaient perdu les \u00e9lections municipales d\u2019apr\u00e8s lui) ne lui convenaient pas. Dans un communiqu\u00e9, les \u00c9cologistes du Gard affirment de leur c\u00f4t\u00e9 qu\u2019ils n\u2019ont pas souhait\u00e9 figurer sur cette liste \u00ab\u00a0<i>en raison de l\u2019abstention de Denis Bouad lors du vote de la loi <\/i><i>&#8220;<\/i><i>urgence agricole<\/i><i>&#8220;<\/i><i> au S\u00e9nat<\/i><i>\u00a0<\/i>\u00bb.<\/p>\n<p>\u00ab\u00a0<i>Cette liste a \u00e9t\u00e9 pr\u00e9sent\u00e9e en conf\u00e9rence de presse sans que les \u00c9cologistes du Gard ne soient inform\u00e9s ni invit\u00e9s. Nous d\u00e9plorons de telles pratiques, et qui plus est, s\u2019ajoutent \u00e0 une composition de la liste qui nous para\u00eet d\u00e9s\u00e9quilibr\u00e9e et peu repr\u00e9sentative de la diversit\u00e9 de notre territoire et de ses enjeux<\/i><i>\u00a0<\/i>\u00bb, pr\u00e9cisent-ils, tout en ajoutant que si un accord national est sign\u00e9 entre le PS, le PCF et les \u00c9cologistes, ils le respecteront. \u00ab\u00a0<i>Nous nous f\u00e9licitons de la pr\u00e9sence de Cathy Chaulet en position \u00e9ligible sur cette liste<\/i>\u00a0\u00bb, ont-ils tout de m\u00eame reconnu.<\/p>\n<p>Mais dans la situation actuelle, ni les \u00c9cologistes, ni les Unitaires Gard ne donneront de consigne de vote. Une division qui pourrait donc co\u00fbter tr\u00e8s cher en septembre.<\/p>\n<\/p><\/div>\n","protected":false},"excerpt":{"rendered":"Il y aura donc bien trois listes &agrave; gauche pour les prochaines &eacute;lections s&eacute;natoriales dans le Gard. Si cette d&eacute;sunion avait d&eacute;j&agrave; permis &agrave; la droite de remporter le troisi&egrave;me si&egrave;ge il y a &#8230;","protected":false},"author":1,"featured_media":38979,"comment_status":"open","ping_status":"open","sticky":false,"template":"","format":"standard","meta":{"footnotes":""},"categories":[3926,3925,330],"tags":[5306,433,441,238,540,541,284,250,543,1920,5195,581],"news-destination":[3944],"news-source":[475],"is_homepage":[],"ta_other":[],"class_list":["post-38978","post","type-post","status-publish","format-standard","has-post-thumbnail","hentry","category-accueil-merge","category-accueil-third","category-politique","tag-denis-bouad","tag-elections","tag-extreme-droite","tag-gard","tag-gauche","tag-lfi","tag-occitanie","tag-pcf","tag-ps","tag-senat","tag-senatoriales","tag-union-de-la-gauche","news-destination-homepage","news-source-website"],"_links":{"self":[{"href":"https:\/\/euapp01.newsmemory.com\/lamarseillaise\/news\/wp-json\/wp\/v2\/posts\/38978","targetHints":{"allow":["GET"]}}],"collection":[{"href":"https:\/\/euapp01.newsmemory.com\/lamarseillaise\/news\/wp-json\/wp\/v2\/posts"}],"about":[{"href":"https:\/\/euapp01.newsmemory.com\/lamarseillaise\/news\/wp-json\/wp\/v2\/types\/post"}],"author":[{"embeddable":true,"href":"https:\/\/euapp01.newsmemory.com\/lamarseillaise\/news\/wp-json\/wp\/v2\/users\/1"}],"replies":[{"embeddable":true,"href":"https:\/\/euapp01.newsmemory.com\/lamarseillaise\/news\/wp-json\/wp\/v2\/comments?post=38978"}],"version-history":[{"count":1,"href":"https:\/\/euapp01.newsmemory.com\/lamarseillaise\/news\/wp-json\/wp\/v2\/posts\/38978\/revisions"}],"predecessor-version":[{"id":38980,"href":"https:\/\/euapp01.newsmemory.com\/lamarseillaise\/news\/wp-json\/wp\/v2\/posts\/38978\/revisions\/38980"}],"wp:featuredmedia":[{"embeddable":true,"href":"https:\/\/euapp01.newsmemory.com\/lamarseillaise\/news\/wp-json\/wp\/v2\/media\/38979"}],"wp:attachment":[{"href":"https:\/\/euapp01.newsmemory.com\/lamarseillaise\/news\/wp-json\/wp\/v2\/media?parent=38978"}],"wp:term":[{"taxonomy":"category","embeddable":true,"href":"https:\/\/euapp01.newsmemory.com\/lamarseillaise\/news\/wp-json\/wp\/v2\/categories?post=38978"},{"taxonomy":"post_tag","embeddable":true,"href":"https:\/\/euapp01.newsmemory.com\/lamarseillaise\/news\/wp-json\/wp\/v2\/tags?post=38978"},{"taxonomy":"news-destination","embeddable":true,"href":"https:\/\/euapp01.newsmemory.com\/lamarseillaise\/news\/wp-json\/wp\/v2\/news-destination?post=38978"},{"taxonomy":"news-source","embeddable":true,"href":"https:\/\/euapp01.newsmemory.com\/lamarseillaise\/news\/wp-json\/wp\/v2\/news-source?post=38978"},{"taxonomy":"is_homepage","embeddable":true,"href":"https:\/\/euapp01.newsmemory.com\/lamarseillaise\/news\/wp-json\/wp\/v2\/is_homepage?post=38978"},{"taxonomy":"ta_other","embeddable":true,"href":"https:\/\/euapp01.newsmemory.com\/lamarseillaise\/news\/wp-json\/wp\/v2\/ta_other?post=38978"}],"curies":[{"name":"wp","href":"https:\/\/api.w.org\/{rel}","templated":true}]}}