{"id":38975,"date":"2026-08-10T11:09:01","date_gmt":"2026-08-10T09:09:01","guid":{"rendered":"https:\/\/euapp01.newsmemory.com\/lamarseillaise\/news\/?p=38975"},"modified":"2026-08-17T09:48:18","modified_gmt":"2026-08-17T07:48:18","slug":"le-depute-charles-alloncle-ne-sera-pas-poursuivi","status":"publish","type":"post","link":"https:\/\/euapp01.newsmemory.com\/lamarseillaise\/news\/2026\/08\/10\/le-depute-charles-alloncle-ne-sera-pas-poursuivi\/","title":{"rendered":"Le d\u00e9put\u00e9 Charles Alloncle ne sera pas poursuivi"},"content":{"rendered":"<div class=\"paragraph\">\n<p>Charles Alloncle s\u2019en tire sans dommage. Soup\u00e7onn\u00e9 de prise ill\u00e9gale d\u2019int\u00e9r\u00eats et trafic d\u2019influence, le d\u00e9put\u00e9 d\u2019extr\u00eame droite (UDR) du Gard ne sera pas inqui\u00e9t\u00e9 par la Justice. La plainte qui avait \u00e9t\u00e9 d\u00e9pos\u00e9e en mai par l\u2019association AC!! Anti-corruption a \u00e9t\u00e9 class\u00e9e sans suite, le 3\u00a0ao\u00fbt, par le parquet national financier.<\/p>\n<p>L\u2019avocat de l\u2019association soutenait que le rapporteur de la commission sur l\u2019audiovisuel public avait, au cours de ses auditions (d\u2019octobre\u00a02025 \u00e0 avril\u00a02026), influenc\u00e9 les d\u00e9bats en posant des questions sugg\u00e9r\u00e9es par la direction de Lagard\u00e8re News, dans leur int\u00e9r\u00eat commun.<\/p>\n<\/p><\/div>\n<div class=\"intext\"> Deux autres plaintes en cours\n              <\/div>\n<div class=\"paragraph\">\n<p>Le parquet national financier a estim\u00e9 que la qualification p\u00e9nale de \u00ab\u00a0prise ill\u00e9gale d\u2019int\u00e9r\u00eats\u00a0\u00bb ne pouvait \u00eatre appliqu\u00e9e \u00e0 une commission d\u2019enqu\u00eate parlementaire. Charles Alloncle est aussi lav\u00e9 des accusations de trafic d\u2019influence. \u00ab<i>\u00a0<\/i><i>La perception d\u2019un avantage indu par Charles Alloncle n\u2019est pas apparue suffisamment \u00e9tay\u00e9e pour justifier l\u2019ouverture d\u2019une enqu\u00eate p\u00e9nale<\/i><i>\u00a0<\/i>\u00bb, s\u2019est justifi\u00e9 le parquet national financier. Selon lui, la position du d\u00e9put\u00e9 Ciottiste n\u2019est pas \u00ab<i>\u00a0<\/i><i>incompatible avec la simple expression de positions politiques<\/i><i>\u00a0<\/i>\u00bb<i>. <\/i><\/p>\n<p>Suite aux r\u00e9v\u00e9lations du quotidien <i>Le<\/i><i>\u00a0<\/i><i>Monde<\/i>, Charles Alloncle avait pourtant avou\u00e9 avoir re\u00e7u de Lagard\u00e8re News (comme d\u2019autres d\u00e9put\u00e9s) une liste de questions \u00e0 poser en commission. L\u2019\u00e9lu gardois soutient ne pas les avoir utilis\u00e9es et avoir respect\u00e9 son \u00ab\u00a0<i>ind\u00e9pendance la plus stricte<\/i><i>\u00a0<\/i>\u00bb. Aux dires de nombreuses personnes auditionn\u00e9es, sa posture lors des auditions \u00e9tait pourtant marqu\u00e9e par<i> <\/i>\u00ab\u00a0<i>une hostilit\u00e9 syst\u00e9matique envers l\u2019audiovisuel public <\/i>(&#8230;)<i> identique \u00e0 celle sugg\u00e9r\u00e9e par le groupe Bollor\u00e9 dans ses listes<\/i><i>\u00a0<\/i>\u00bb<i>, <\/i>soutenait la plainte. Il \u00e9tait m\u00eame reproch\u00e9 Charles Alloncle de vouloir privatiser l\u2019audiovisuel public.<\/p>\n<p>Le d\u00e9put\u00e9 d\u2019extr\u00eame droite reste vis\u00e9 par deux autres plaintes. L\u2019une (contre X) par l\u2019animateur Nagui pour cyberharc\u00e8lement suite \u00e0 un \u00ab<i>\u00a0<\/i><i>raid num\u00e9rique<\/i><i>\u00a0<\/i>\u00bb et des \u00ab<i>\u00a0<\/i><i>menaces de mort<\/i><i>\u00a0<\/i>\u00bb<i>. <\/i>L\u2019autre, d\u00e9pos\u00e9e par La Maison des potes, est relative \u00e0 sa participation \u00e0 un groupe Facebook priv\u00e9 \u00ab\u00a0Jordan Bardella\u00a0\u00bb, pour \u00ab<i>\u00a0<\/i><i>provocation \u00e0 la discrimination, \u00e0 la haine ou \u00e0 la violence \u00e0 raison de l\u2019origine<\/i><i>\u00a0<\/i>\u00bb<i> <\/i>et \u00ab<i>\u00a0<\/i><i>injure publique \u00e0 caract\u00e8re raciste<\/i><i>\u00a0<\/i>\u00bb<i>. <\/i><\/p>\n<\/p><\/div>\n","protected":false},"excerpt":{"rendered":"Charles Alloncle s&rsquo;en tire sans dommage. Soup&ccedil;onn&eacute; de prise ill&eacute;gale d&rsquo;int&eacute;r&ecirc;ts et trafic d&rsquo;influence, le d&eacute;put&eacute; d&rsquo;extr&ecirc;me droite (UDR) du Gard ne sera pas &#8230;","protected":false},"author":1,"featured_media":38976,"comment_status":"open","ping_status":"open","sticky":false,"template":"","format":"standard","meta":{"footnotes":""},"categories":[3926,3925,330],"tags":[4533,2760,3152,441,572,238,200,284,2361,1581,857],"news-destination":[3944],"news-source":[475],"is_homepage":[],"ta_other":[],"class_list":["post-38975","post","type-post","status-publish","format-standard","has-post-thumbnail","hentry","category-accueil-merge","category-accueil-third","category-politique","tag-audiovisuel","tag-charles-alloncle","tag-commission-parlementaire","tag-extreme-droite","tag-france","tag-gard","tag-justice","tag-occitanie","tag-plainte","tag-privatisation","tag-racisme","news-destination-homepage","news-source-website"],"_links":{"self":[{"href":"https:\/\/euapp01.newsmemory.com\/lamarseillaise\/news\/wp-json\/wp\/v2\/posts\/38975","targetHints":{"allow":["GET"]}}],"collection":[{"href":"https:\/\/euapp01.newsmemory.com\/lamarseillaise\/news\/wp-json\/wp\/v2\/posts"}],"about":[{"href":"https:\/\/euapp01.newsmemory.com\/lamarseillaise\/news\/wp-json\/wp\/v2\/types\/post"}],"author":[{"embeddable":true,"href":"https:\/\/euapp01.newsmemory.com\/lamarseillaise\/news\/wp-json\/wp\/v2\/users\/1"}],"replies":[{"embeddable":true,"href":"https:\/\/euapp01.newsmemory.com\/lamarseillaise\/news\/wp-json\/wp\/v2\/comments?post=38975"}],"version-history":[{"count":1,"href":"https:\/\/euapp01.newsmemory.com\/lamarseillaise\/news\/wp-json\/wp\/v2\/posts\/38975\/revisions"}],"predecessor-version":[{"id":38977,"href":"https:\/\/euapp01.newsmemory.com\/lamarseillaise\/news\/wp-json\/wp\/v2\/posts\/38975\/revisions\/38977"}],"wp:featuredmedia":[{"embeddable":true,"href":"https:\/\/euapp01.newsmemory.com\/lamarseillaise\/news\/wp-json\/wp\/v2\/media\/38976"}],"wp:attachment":[{"href":"https:\/\/euapp01.newsmemory.com\/lamarseillaise\/news\/wp-json\/wp\/v2\/media?parent=38975"}],"wp:term":[{"taxonomy":"category","embeddable":true,"href":"https:\/\/euapp01.newsmemory.com\/lamarseillaise\/news\/wp-json\/wp\/v2\/categories?post=38975"},{"taxonomy":"post_tag","embeddable":true,"href":"https:\/\/euapp01.newsmemory.com\/lamarseillaise\/news\/wp-json\/wp\/v2\/tags?post=38975"},{"taxonomy":"news-destination","embeddable":true,"href":"https:\/\/euapp01.newsmemory.com\/lamarseillaise\/news\/wp-json\/wp\/v2\/news-destination?post=38975"},{"taxonomy":"news-source","embeddable":true,"href":"https:\/\/euapp01.newsmemory.com\/lamarseillaise\/news\/wp-json\/wp\/v2\/news-source?post=38975"},{"taxonomy":"is_homepage","embeddable":true,"href":"https:\/\/euapp01.newsmemory.com\/lamarseillaise\/news\/wp-json\/wp\/v2\/is_homepage?post=38975"},{"taxonomy":"ta_other","embeddable":true,"href":"https:\/\/euapp01.newsmemory.com\/lamarseillaise\/news\/wp-json\/wp\/v2\/ta_other?post=38975"}],"curies":[{"name":"wp","href":"https:\/\/api.w.org\/{rel}","templated":true}]}}