{"id":38969,"date":"2026-08-10T10:40:00","date_gmt":"2026-08-10T08:40:00","guid":{"rendered":"https:\/\/euapp01.newsmemory.com\/lamarseillaise\/news\/?p=38969"},"modified":"2026-08-10T11:11:16","modified_gmt":"2026-08-10T09:11:16","slug":"cest-lete-spectacle-musical-a-manosque","status":"publish","type":"post","link":"https:\/\/euapp01.newsmemory.com\/lamarseillaise\/news\/2026\/08\/10\/cest-lete-spectacle-musical-a-manosque\/","title":{"rendered":"[C\u2019est l\u2019\u00e9t\u00e9] Spectacle musical \u00e0 Manosque"},"content":{"rendered":"<div class=\"paragraph\">\n<p>Au programme, des chansons, de la magie et une belle soir\u00e9e en perspective aux c\u00f4t\u00e9s notamment de la chorale Ch\u0153ur du Sud, du groupe Bande \u00e0 Part et de l\u2019artiste Julie Zenatti.<\/p>\n<\/p><\/div>\n<div class=\"paragraph\">\n<p><i>Lundi 10 ao\u00fbt de 21h \u00e0 23h. Gratuit. <\/i><\/p>\n<\/p><\/div>\n","protected":false},"excerpt":{"rendered":"Au programme, des chansons, de la magie et une belle soir&eacute;e en perspective aux c&ocirc;t&eacute;s notamment de la chorale Ch&oelig;ur du Sud, du groupe Bande &agrave; Part et de l&rsquo;artiste Julie Zenatti. Lundi 10 ao&ucirc;t de 21h &#8230;","protected":false},"author":1,"featured_media":38970,"comment_status":"open","ping_status":"open","sticky":false,"template":"","format":"standard","meta":{"footnotes":""},"categories":[32],"tags":[4768,4467,6085,400,1083,325,529,1241],"news-destination":[],"news-source":[475],"is_homepage":[],"ta_other":[],"class_list":["post-38969","post","type-post","status-publish","format-standard","has-post-thumbnail","hentry","category-culture","tag-alpes","tag-alpes-de-haute-provence","tag-cest-lete","tag-concerts","tag-gratuit","tag-musique","tag-spectacle","tag-theatre","news-source-website"],"_links":{"self":[{"href":"https:\/\/euapp01.newsmemory.com\/lamarseillaise\/news\/wp-json\/wp\/v2\/posts\/38969","targetHints":{"allow":["GET"]}}],"collection":[{"href":"https:\/\/euapp01.newsmemory.com\/lamarseillaise\/news\/wp-json\/wp\/v2\/posts"}],"about":[{"href":"https:\/\/euapp01.newsmemory.com\/lamarseillaise\/news\/wp-json\/wp\/v2\/types\/post"}],"author":[{"embeddable":true,"href":"https:\/\/euapp01.newsmemory.com\/lamarseillaise\/news\/wp-json\/wp\/v2\/users\/1"}],"replies":[{"embeddable":true,"href":"https:\/\/euapp01.newsmemory.com\/lamarseillaise\/news\/wp-json\/wp\/v2\/comments?post=38969"}],"version-history":[{"count":1,"href":"https:\/\/euapp01.newsmemory.com\/lamarseillaise\/news\/wp-json\/wp\/v2\/posts\/38969\/revisions"}],"predecessor-version":[{"id":38971,"href":"https:\/\/euapp01.newsmemory.com\/lamarseillaise\/news\/wp-json\/wp\/v2\/posts\/38969\/revisions\/38971"}],"wp:featuredmedia":[{"embeddable":true,"href":"https:\/\/euapp01.newsmemory.com\/lamarseillaise\/news\/wp-json\/wp\/v2\/media\/38970"}],"wp:attachment":[{"href":"https:\/\/euapp01.newsmemory.com\/lamarseillaise\/news\/wp-json\/wp\/v2\/media?parent=38969"}],"wp:term":[{"taxonomy":"category","embeddable":true,"href":"https:\/\/euapp01.newsmemory.com\/lamarseillaise\/news\/wp-json\/wp\/v2\/categories?post=38969"},{"taxonomy":"post_tag","embeddable":true,"href":"https:\/\/euapp01.newsmemory.com\/lamarseillaise\/news\/wp-json\/wp\/v2\/tags?post=38969"},{"taxonomy":"news-destination","embeddable":true,"href":"https:\/\/euapp01.newsmemory.com\/lamarseillaise\/news\/wp-json\/wp\/v2\/news-destination?post=38969"},{"taxonomy":"news-source","embeddable":true,"href":"https:\/\/euapp01.newsmemory.com\/lamarseillaise\/news\/wp-json\/wp\/v2\/news-source?post=38969"},{"taxonomy":"is_homepage","embeddable":true,"href":"https:\/\/euapp01.newsmemory.com\/lamarseillaise\/news\/wp-json\/wp\/v2\/is_homepage?post=38969"},{"taxonomy":"ta_other","embeddable":true,"href":"https:\/\/euapp01.newsmemory.com\/lamarseillaise\/news\/wp-json\/wp\/v2\/ta_other?post=38969"}],"curies":[{"name":"wp","href":"https:\/\/api.w.org\/{rel}","templated":true}]}}