{"id":38963,"date":"2026-08-10T10:47:00","date_gmt":"2026-08-10T08:47:00","guid":{"rendered":"https:\/\/euapp01.newsmemory.com\/lamarseillaise\/news\/?p=38963"},"modified":"2026-08-10T11:11:16","modified_gmt":"2026-08-10T09:11:16","slug":"cest-lete-les-marmites-du-diable-a-la-faurie","status":"publish","type":"post","link":"https:\/\/euapp01.newsmemory.com\/lamarseillaise\/news\/2026\/08\/10\/cest-lete-les-marmites-du-diable-a-la-faurie\/","title":{"rendered":"[C\u2019est l\u2019\u00e9t\u00e9] Les marmites du diable \u00e0 La Faurie"},"content":{"rendered":"<div class=\"paragraph\">\n<p>Et parmi ceux-ci, les marmites du Diable sont un spectacle \u00e0 ne pas manquer. Sur la commune de La\u00a0Faurie, \u00e0 vingt minutes de voiture de Veynes, le torrent de Durbonas a creus\u00e9 de curieuses cavit\u00e9s rondes dans la roche. L\u2019eau court ainsi entre ces vasques naturelles dont la couleur oscille entre l\u2019ocre et l\u2019alb\u00e2tre tandis que le torrent, vire du jade au bleu turquoise. Depuis le parking des Marmites, une boucle de 6km permet de rejoindre le monast\u00e8re orthodoxe de Dormition-de-la-M\u00e8re-de-Dieu, et, \u00e0 quelques minutes en voiture on peut aussi aller arpenter le sentier des falaises des Gorges d\u2019Agnelles.<\/p>\n<\/p><\/div>\n","protected":false},"excerpt":{"rendered":"Et parmi ceux-ci, les marmites du Diable sont un spectacle &agrave; ne pas manquer. Sur la commune de La&nbsp;Faurie, &agrave; vingt minutes de voiture de Veynes, le torrent de Durbonas a creus&eacute; de curieuses cavit&eacute;s rondes dans la &#8230;","protected":false},"author":1,"featured_media":38964,"comment_status":"open","ping_status":"open","sticky":false,"template":"","format":"standard","meta":{"footnotes":""},"categories":[333],"tags":[4768,1289,6085,309,2500,3415,938,97,1393,1899],"news-destination":[],"news-source":[475],"is_homepage":[],"ta_other":[],"class_list":["post-38963","post","type-post","status-publish","format-standard","has-post-thumbnail","hentry","category-environnement","tag-alpes","tag-balade","tag-cest-lete","tag-eau","tag-massifs","tag-montagne","tag-nature","tag-patrimoine","tag-randonnee","tag-riviere","news-source-website"],"_links":{"self":[{"href":"https:\/\/euapp01.newsmemory.com\/lamarseillaise\/news\/wp-json\/wp\/v2\/posts\/38963","targetHints":{"allow":["GET"]}}],"collection":[{"href":"https:\/\/euapp01.newsmemory.com\/lamarseillaise\/news\/wp-json\/wp\/v2\/posts"}],"about":[{"href":"https:\/\/euapp01.newsmemory.com\/lamarseillaise\/news\/wp-json\/wp\/v2\/types\/post"}],"author":[{"embeddable":true,"href":"https:\/\/euapp01.newsmemory.com\/lamarseillaise\/news\/wp-json\/wp\/v2\/users\/1"}],"replies":[{"embeddable":true,"href":"https:\/\/euapp01.newsmemory.com\/lamarseillaise\/news\/wp-json\/wp\/v2\/comments?post=38963"}],"version-history":[{"count":1,"href":"https:\/\/euapp01.newsmemory.com\/lamarseillaise\/news\/wp-json\/wp\/v2\/posts\/38963\/revisions"}],"predecessor-version":[{"id":38965,"href":"https:\/\/euapp01.newsmemory.com\/lamarseillaise\/news\/wp-json\/wp\/v2\/posts\/38963\/revisions\/38965"}],"wp:featuredmedia":[{"embeddable":true,"href":"https:\/\/euapp01.newsmemory.com\/lamarseillaise\/news\/wp-json\/wp\/v2\/media\/38964"}],"wp:attachment":[{"href":"https:\/\/euapp01.newsmemory.com\/lamarseillaise\/news\/wp-json\/wp\/v2\/media?parent=38963"}],"wp:term":[{"taxonomy":"category","embeddable":true,"href":"https:\/\/euapp01.newsmemory.com\/lamarseillaise\/news\/wp-json\/wp\/v2\/categories?post=38963"},{"taxonomy":"post_tag","embeddable":true,"href":"https:\/\/euapp01.newsmemory.com\/lamarseillaise\/news\/wp-json\/wp\/v2\/tags?post=38963"},{"taxonomy":"news-destination","embeddable":true,"href":"https:\/\/euapp01.newsmemory.com\/lamarseillaise\/news\/wp-json\/wp\/v2\/news-destination?post=38963"},{"taxonomy":"news-source","embeddable":true,"href":"https:\/\/euapp01.newsmemory.com\/lamarseillaise\/news\/wp-json\/wp\/v2\/news-source?post=38963"},{"taxonomy":"is_homepage","embeddable":true,"href":"https:\/\/euapp01.newsmemory.com\/lamarseillaise\/news\/wp-json\/wp\/v2\/is_homepage?post=38963"},{"taxonomy":"ta_other","embeddable":true,"href":"https:\/\/euapp01.newsmemory.com\/lamarseillaise\/news\/wp-json\/wp\/v2\/ta_other?post=38963"}],"curies":[{"name":"wp","href":"https:\/\/api.w.org\/{rel}","templated":true}]}}