{"id":38957,"date":"2026-08-10T10:21:00","date_gmt":"2026-08-10T08:21:00","guid":{"rendered":"https:\/\/euapp01.newsmemory.com\/lamarseillaise\/news\/?p=38957"},"modified":"2026-08-10T11:11:16","modified_gmt":"2026-08-10T09:11:16","slug":"les-mineurs-des-proies-de-choix-pour-les-narcotrafiquants","status":"publish","type":"post","link":"https:\/\/euapp01.newsmemory.com\/lamarseillaise\/news\/2026\/08\/10\/les-mineurs-des-proies-de-choix-pour-les-narcotrafiquants\/","title":{"rendered":"Les mineurs, des proies de choix pour les narcotrafiquants"},"content":{"rendered":"<div class=\"paragraph\">\n<p>En 2024, 61% des condamn\u00e9s pour infractions li\u00e9es aux drogues sont \u00e2g\u00e9s de 15 \u00e0 25\u00a0ans note la Mildeca (Mission interminist\u00e9rielle de lutte contre les drogues et les conduites addictives) dans son dernier rapport, avec pr\u00e8s de 10\u00a0000\u00a0mineurs impliqu\u00e9s dans des affaires de trafic de stup\u00e9fiants. L\u2019\u00e2ge moyen des \u00ab\u00a0petites mains\u00a0\u00bb employ\u00e9es par les r\u00e9seaux se situant autour de 15-16\u00a0ans avec un recours accru aux tr\u00e8s jeunes, parfois \u00e2g\u00e9s de 10\u00a0ans. \u00c0 Marseille, si les chiffres les plus r\u00e9cents de la pr\u00e9fecture ne sont pas \u00e9tablis en fonction de l\u2019\u00e2ge, on rel\u00e8ve tout de m\u00eame au 31\u00a0juillet avec 799\u00a0infractions li\u00e9es aux stup\u2019, une augmentation de 58% par rapport \u00e0 2025, dont 32 pour vente et trafic, 699 pour usage dont 93% ont donn\u00e9 lieu \u00e0 une amende forfaitaire sp\u00e9cifique. Le r\u00e9sultat aussi d\u2019une mobilisation tous azimuts des services.<\/p>\n<\/p><\/div>\n<div class=\"intext\"> Une pr\u00e9fecture de police qui se veut pr\u00e9curseur sur la pr\u00e9vention\n              <\/div>\n<div class=\"paragraph\">\n<p>Mais au-del\u00e0 de la r\u00e9pression, <a href=\"https:\/\/www.lamarseillaise.fr\/societe\/a-bel-horizon-les-ados-revent-d-ailleurs-NA20578270\">le volet pr\u00e9vention reste essentiel<\/a>. \u00ab\u00a0<i>L\u2019autre jambe de la lutte contre le narcotrafic<\/i>\u00a0\u00bb, insiste la pr\u00e9f\u00e8te de police, Corinne Simon, \u00e0 la moindre occasion. Des assises ont \u00e9t\u00e9 organis\u00e9es cette ann\u00e9e, r\u00e9unissant les coordinateurs des CLSPDR, des repr\u00e9sentants de l\u2019\u00c9ducation nationale, de la PJJ, de la Mildeca&#8230; P<a href=\"https:\/\/www.lamarseillaise.fr\/societe\/la-prefete-de-police-lance-des-assises-de-la-prevention-DO19604733\">lus largement, de nombreuses exp\u00e9riences sont men\u00e9es comme celle du centre de loisirs jeunes de la police nationale 13 aupr\u00e8s des coll\u00e9giens, <\/a>sur la lutte contre l\u2019addiction ou sur la notion de dette emp\u00eachant le jeune de sortir du r\u00e9seau. Au niveau national, la Mildeca a \u00e9tabli en 2020 son programme Limits dot\u00e9 de 6\u00a0millions d\u2019euros, pour travailler en direct avec les communes auquel participe Aix-en-Provence. Une campagne choc \u00ab\u00a0<i>in\u00e9dite<\/i>\u00a0\u00bb se f\u00e9licite le minist\u00e8re de l\u2019Int\u00e9rieur, \u00ab\u00a0On paie tous le prix de la drogue\u00a0\u00bb, a aussi \u00e9t\u00e9 lanc\u00e9e en juin.<\/p>\n<\/p><\/div>\n","protected":false},"excerpt":{"rendered":"En 2024, 61% des condamn&eacute;s pour infractions li&eacute;es aux drogues sont &acirc;g&eacute;s de 15 &agrave; 25&nbsp;ans note la Mildeca (Mission interminist&eacute;rielle de lutte contre les drogues et les conduites addictives) dans son &#8230;","protected":false},"author":1,"featured_media":38958,"comment_status":"open","ping_status":"open","sticky":false,"template":"","format":"standard","meta":{"footnotes":""},"categories":[20],"tags":[1057,10,1336,202,59,16,253,268,763,1131,2060],"news-destination":[],"news-source":[475],"is_homepage":[],"ta_other":[],"class_list":["post-38957","post","type-post","status-publish","format-standard","has-post-thumbnail","hentry","category-societe","tag-aix-marseille","tag-bouches-du-rhone","tag-chiffres","tag-condamnation","tag-jeunes","tag-marseille","tag-mineurs","tag-narcotrafic","tag-police","tag-prefecture","tag-trafic-de-stupefiants","news-source-website"],"_links":{"self":[{"href":"https:\/\/euapp01.newsmemory.com\/lamarseillaise\/news\/wp-json\/wp\/v2\/posts\/38957","targetHints":{"allow":["GET"]}}],"collection":[{"href":"https:\/\/euapp01.newsmemory.com\/lamarseillaise\/news\/wp-json\/wp\/v2\/posts"}],"about":[{"href":"https:\/\/euapp01.newsmemory.com\/lamarseillaise\/news\/wp-json\/wp\/v2\/types\/post"}],"author":[{"embeddable":true,"href":"https:\/\/euapp01.newsmemory.com\/lamarseillaise\/news\/wp-json\/wp\/v2\/users\/1"}],"replies":[{"embeddable":true,"href":"https:\/\/euapp01.newsmemory.com\/lamarseillaise\/news\/wp-json\/wp\/v2\/comments?post=38957"}],"version-history":[{"count":1,"href":"https:\/\/euapp01.newsmemory.com\/lamarseillaise\/news\/wp-json\/wp\/v2\/posts\/38957\/revisions"}],"predecessor-version":[{"id":38959,"href":"https:\/\/euapp01.newsmemory.com\/lamarseillaise\/news\/wp-json\/wp\/v2\/posts\/38957\/revisions\/38959"}],"wp:featuredmedia":[{"embeddable":true,"href":"https:\/\/euapp01.newsmemory.com\/lamarseillaise\/news\/wp-json\/wp\/v2\/media\/38958"}],"wp:attachment":[{"href":"https:\/\/euapp01.newsmemory.com\/lamarseillaise\/news\/wp-json\/wp\/v2\/media?parent=38957"}],"wp:term":[{"taxonomy":"category","embeddable":true,"href":"https:\/\/euapp01.newsmemory.com\/lamarseillaise\/news\/wp-json\/wp\/v2\/categories?post=38957"},{"taxonomy":"post_tag","embeddable":true,"href":"https:\/\/euapp01.newsmemory.com\/lamarseillaise\/news\/wp-json\/wp\/v2\/tags?post=38957"},{"taxonomy":"news-destination","embeddable":true,"href":"https:\/\/euapp01.newsmemory.com\/lamarseillaise\/news\/wp-json\/wp\/v2\/news-destination?post=38957"},{"taxonomy":"news-source","embeddable":true,"href":"https:\/\/euapp01.newsmemory.com\/lamarseillaise\/news\/wp-json\/wp\/v2\/news-source?post=38957"},{"taxonomy":"is_homepage","embeddable":true,"href":"https:\/\/euapp01.newsmemory.com\/lamarseillaise\/news\/wp-json\/wp\/v2\/is_homepage?post=38957"},{"taxonomy":"ta_other","embeddable":true,"href":"https:\/\/euapp01.newsmemory.com\/lamarseillaise\/news\/wp-json\/wp\/v2\/ta_other?post=38957"}],"curies":[{"name":"wp","href":"https:\/\/api.w.org\/{rel}","templated":true}]}}