{"id":38950,"date":"2026-08-10T09:49:00","date_gmt":"2026-08-10T07:49:00","guid":{"rendered":"https:\/\/euapp01.newsmemory.com\/lamarseillaise\/news\/?p=38950"},"modified":"2026-08-10T10:05:36","modified_gmt":"2026-08-10T08:05:36","slug":"cest-lete-demain-leclipse-a-la-londe-les-maures","status":"publish","type":"post","link":"https:\/\/euapp01.newsmemory.com\/lamarseillaise\/news\/2026\/08\/10\/cest-lete-demain-leclipse-a-la-londe-les-maures\/","title":{"rendered":"[C\u2019est l\u2019\u00e9t\u00e9] Demain l\u2019\u00e9clipse \u00e0 La Londe-les-Maures"},"content":{"rendered":"<div class=\"paragraph\">\n<p>Partez \u00e0 la d\u00e9couverte des myst\u00e8res des \u00e9clipses de Soleil et de Lune lors de ce temps fort propos\u00e9 par l\u2019association Atelier Buissonnier.<\/p>\n<\/p><\/div>\n<div class=\"paragraph\">\n<p><i>De 15h \u00e0 22h40. Gratuit. Infos et inscription aupr\u00e8s de l\u2019asso.<\/i><\/p>\n<\/p><\/div>\n","protected":false},"excerpt":{"rendered":"Partez &agrave; la d&eacute;couverte des myst&egrave;res des &eacute;clipses de Soleil et de Lune lors de ce temps fort propos&eacute; par l&rsquo;association Atelier Buissonnier.De 15h &agrave; 22h40. Gratuit. Infos et inscription aupr&egrave;s de &#8230;","protected":false},"author":1,"featured_media":38951,"comment_status":"open","ping_status":"open","sticky":false,"template":"","format":"standard","meta":{"footnotes":""},"categories":[20],"tags":[6085,147,952,279,1083,6042,216,1226,31],"news-destination":[],"news-source":[475],"is_homepage":[],"ta_other":[],"class_list":["post-38950","post","type-post","status-publish","format-standard","has-post-thumbnail","hentry","category-societe","tag-cest-lete","tag-conference","tag-conferences","tag-exposition","tag-gratuit","tag-la-londe-les-maures","tag-lune","tag-soleil","tag-var","news-source-website"],"_links":{"self":[{"href":"https:\/\/euapp01.newsmemory.com\/lamarseillaise\/news\/wp-json\/wp\/v2\/posts\/38950","targetHints":{"allow":["GET"]}}],"collection":[{"href":"https:\/\/euapp01.newsmemory.com\/lamarseillaise\/news\/wp-json\/wp\/v2\/posts"}],"about":[{"href":"https:\/\/euapp01.newsmemory.com\/lamarseillaise\/news\/wp-json\/wp\/v2\/types\/post"}],"author":[{"embeddable":true,"href":"https:\/\/euapp01.newsmemory.com\/lamarseillaise\/news\/wp-json\/wp\/v2\/users\/1"}],"replies":[{"embeddable":true,"href":"https:\/\/euapp01.newsmemory.com\/lamarseillaise\/news\/wp-json\/wp\/v2\/comments?post=38950"}],"version-history":[{"count":1,"href":"https:\/\/euapp01.newsmemory.com\/lamarseillaise\/news\/wp-json\/wp\/v2\/posts\/38950\/revisions"}],"predecessor-version":[{"id":38952,"href":"https:\/\/euapp01.newsmemory.com\/lamarseillaise\/news\/wp-json\/wp\/v2\/posts\/38950\/revisions\/38952"}],"wp:featuredmedia":[{"embeddable":true,"href":"https:\/\/euapp01.newsmemory.com\/lamarseillaise\/news\/wp-json\/wp\/v2\/media\/38951"}],"wp:attachment":[{"href":"https:\/\/euapp01.newsmemory.com\/lamarseillaise\/news\/wp-json\/wp\/v2\/media?parent=38950"}],"wp:term":[{"taxonomy":"category","embeddable":true,"href":"https:\/\/euapp01.newsmemory.com\/lamarseillaise\/news\/wp-json\/wp\/v2\/categories?post=38950"},{"taxonomy":"post_tag","embeddable":true,"href":"https:\/\/euapp01.newsmemory.com\/lamarseillaise\/news\/wp-json\/wp\/v2\/tags?post=38950"},{"taxonomy":"news-destination","embeddable":true,"href":"https:\/\/euapp01.newsmemory.com\/lamarseillaise\/news\/wp-json\/wp\/v2\/news-destination?post=38950"},{"taxonomy":"news-source","embeddable":true,"href":"https:\/\/euapp01.newsmemory.com\/lamarseillaise\/news\/wp-json\/wp\/v2\/news-source?post=38950"},{"taxonomy":"is_homepage","embeddable":true,"href":"https:\/\/euapp01.newsmemory.com\/lamarseillaise\/news\/wp-json\/wp\/v2\/is_homepage?post=38950"},{"taxonomy":"ta_other","embeddable":true,"href":"https:\/\/euapp01.newsmemory.com\/lamarseillaise\/news\/wp-json\/wp\/v2\/ta_other?post=38950"}],"curies":[{"name":"wp","href":"https:\/\/api.w.org\/{rel}","templated":true}]}}