{"id":38940,"date":"2026-08-10T08:16:00","date_gmt":"2026-08-10T06:16:00","guid":{"rendered":"https:\/\/euapp01.newsmemory.com\/lamarseillaise\/news\/?p=38940"},"modified":"2026-08-10T10:05:36","modified_gmt":"2026-08-10T08:05:36","slug":"cest-lete-histoire-et-architecture-au-moyen-age-a-avignon","status":"publish","type":"post","link":"https:\/\/euapp01.newsmemory.com\/lamarseillaise\/news\/2026\/08\/10\/cest-lete-histoire-et-architecture-au-moyen-age-a-avignon\/","title":{"rendered":"[C\u2019est l\u2019\u00e9t\u00e9] Histoire et architecture au Moyen-\u00c2ge \u00e0 Avignon"},"content":{"rendered":"<div class=\"paragraph\">\n<p>Jusqu\u2019\u00e0 un atelier de cr\u00e9ation de vo\u00fbtes en bois, rendez-vous donn\u00e9 au Palais des Papes ce lundi pour une visite-atelier \u00e0 d\u00e9couvrir \u00e0 partir de 8 ans.<\/p>\n<\/p><\/div>\n<div class=\"paragraph\">\n<p><i>Lundi 10 ao\u00fbt de 9h30 \u00e0 11h30. <\/i><\/p>\n<p><i>Entre 10 et 20 euros. <\/i><\/p>\n<\/p><\/div>\n","protected":false},"excerpt":{"rendered":"Jusqu&rsquo;&agrave; un atelier de cr&eacute;ation de vo&ucirc;tes en bois, rendez-vous donn&eacute; au Palais des Papes ce lundi pour une visite-atelier &agrave; d&eacute;couvrir &agrave; partir de 8 ans. Lundi 10 ao&ucirc;t de 9h30 &agrave; 11h30. &#8230;","protected":false},"author":1,"featured_media":38941,"comment_status":"open","ping_status":"open","sticky":false,"template":"","format":"standard","meta":{"footnotes":""},"categories":[20],"tags":[2873,130,174,6085,57,280,55,171],"news-destination":[],"news-source":[475],"is_homepage":[],"ta_other":[],"class_list":["post-38940","post","type-post","status-publish","format-standard","has-post-thumbnail","hentry","category-societe","tag-activites-de-loisirs","tag-ateliers","tag-avignon","tag-cest-lete","tag-enfants","tag-histoire","tag-loisirs","tag-vaucluse","news-source-website"],"_links":{"self":[{"href":"https:\/\/euapp01.newsmemory.com\/lamarseillaise\/news\/wp-json\/wp\/v2\/posts\/38940","targetHints":{"allow":["GET"]}}],"collection":[{"href":"https:\/\/euapp01.newsmemory.com\/lamarseillaise\/news\/wp-json\/wp\/v2\/posts"}],"about":[{"href":"https:\/\/euapp01.newsmemory.com\/lamarseillaise\/news\/wp-json\/wp\/v2\/types\/post"}],"author":[{"embeddable":true,"href":"https:\/\/euapp01.newsmemory.com\/lamarseillaise\/news\/wp-json\/wp\/v2\/users\/1"}],"replies":[{"embeddable":true,"href":"https:\/\/euapp01.newsmemory.com\/lamarseillaise\/news\/wp-json\/wp\/v2\/comments?post=38940"}],"version-history":[{"count":1,"href":"https:\/\/euapp01.newsmemory.com\/lamarseillaise\/news\/wp-json\/wp\/v2\/posts\/38940\/revisions"}],"predecessor-version":[{"id":38942,"href":"https:\/\/euapp01.newsmemory.com\/lamarseillaise\/news\/wp-json\/wp\/v2\/posts\/38940\/revisions\/38942"}],"wp:featuredmedia":[{"embeddable":true,"href":"https:\/\/euapp01.newsmemory.com\/lamarseillaise\/news\/wp-json\/wp\/v2\/media\/38941"}],"wp:attachment":[{"href":"https:\/\/euapp01.newsmemory.com\/lamarseillaise\/news\/wp-json\/wp\/v2\/media?parent=38940"}],"wp:term":[{"taxonomy":"category","embeddable":true,"href":"https:\/\/euapp01.newsmemory.com\/lamarseillaise\/news\/wp-json\/wp\/v2\/categories?post=38940"},{"taxonomy":"post_tag","embeddable":true,"href":"https:\/\/euapp01.newsmemory.com\/lamarseillaise\/news\/wp-json\/wp\/v2\/tags?post=38940"},{"taxonomy":"news-destination","embeddable":true,"href":"https:\/\/euapp01.newsmemory.com\/lamarseillaise\/news\/wp-json\/wp\/v2\/news-destination?post=38940"},{"taxonomy":"news-source","embeddable":true,"href":"https:\/\/euapp01.newsmemory.com\/lamarseillaise\/news\/wp-json\/wp\/v2\/news-source?post=38940"},{"taxonomy":"is_homepage","embeddable":true,"href":"https:\/\/euapp01.newsmemory.com\/lamarseillaise\/news\/wp-json\/wp\/v2\/is_homepage?post=38940"},{"taxonomy":"ta_other","embeddable":true,"href":"https:\/\/euapp01.newsmemory.com\/lamarseillaise\/news\/wp-json\/wp\/v2\/ta_other?post=38940"}],"curies":[{"name":"wp","href":"https:\/\/api.w.org\/{rel}","templated":true}]}}