{"id":38937,"date":"2026-08-10T08:41:00","date_gmt":"2026-08-10T06:41:00","guid":{"rendered":"https:\/\/euapp01.newsmemory.com\/lamarseillaise\/news\/?p=38937"},"modified":"2026-08-10T10:05:36","modified_gmt":"2026-08-10T08:05:36","slug":"au-rove-trois-gardes-forestiers-pour-la-saison","status":"publish","type":"post","link":"https:\/\/euapp01.newsmemory.com\/lamarseillaise\/news\/2026\/08\/10\/au-rove-trois-gardes-forestiers-pour-la-saison\/","title":{"rendered":"Au Rove, trois gardes forestiers pour la saison"},"content":{"rendered":"<div class=\"paragraph\">\n<p>Amandine Guigou, Hugo Mendes et Sonny Le Merrer vont \u00e0 la rencontre des promeneurs, randonneurs et usagers pour les informer sur la r\u00e9glementation en vigueur, rappeler les consignes de s\u00e9curit\u00e9 et sensibiliser chacun aux bons comportements \u00e0 adopter pour pr\u00e9server le massif.<\/p>\n<\/p><\/div>\n","protected":false},"excerpt":{"rendered":"Amandine Guigou, Hugo Mendes et Sonny Le Merrer vont &agrave; la rencontre des promeneurs, randonneurs et usagers pour les informer sur la r&eacute;glementation en vigueur, rappeler les consignes de s&eacute;curit&eacute; et sensibiliser chacun aux &#8230;","protected":false},"author":1,"featured_media":38938,"comment_status":"open","ping_status":"open","sticky":false,"template":"","format":"standard","meta":{"footnotes":""},"categories":[20],"tags":[10,1654,3239,431,1698,111,1085,88],"news-destination":[],"news-source":[475],"is_homepage":[],"ta_other":[],"class_list":["post-38937","post","type-post","status-publish","format-standard","has-post-thumbnail","hentry","category-societe","tag-bouches-du-rhone","tag-le-rove","tag-massif","tag-prevention","tag-saison-estivale","tag-securite","tag-sensibilisation","tag-surveillance","news-source-website"],"_links":{"self":[{"href":"https:\/\/euapp01.newsmemory.com\/lamarseillaise\/news\/wp-json\/wp\/v2\/posts\/38937","targetHints":{"allow":["GET"]}}],"collection":[{"href":"https:\/\/euapp01.newsmemory.com\/lamarseillaise\/news\/wp-json\/wp\/v2\/posts"}],"about":[{"href":"https:\/\/euapp01.newsmemory.com\/lamarseillaise\/news\/wp-json\/wp\/v2\/types\/post"}],"author":[{"embeddable":true,"href":"https:\/\/euapp01.newsmemory.com\/lamarseillaise\/news\/wp-json\/wp\/v2\/users\/1"}],"replies":[{"embeddable":true,"href":"https:\/\/euapp01.newsmemory.com\/lamarseillaise\/news\/wp-json\/wp\/v2\/comments?post=38937"}],"version-history":[{"count":1,"href":"https:\/\/euapp01.newsmemory.com\/lamarseillaise\/news\/wp-json\/wp\/v2\/posts\/38937\/revisions"}],"predecessor-version":[{"id":38939,"href":"https:\/\/euapp01.newsmemory.com\/lamarseillaise\/news\/wp-json\/wp\/v2\/posts\/38937\/revisions\/38939"}],"wp:featuredmedia":[{"embeddable":true,"href":"https:\/\/euapp01.newsmemory.com\/lamarseillaise\/news\/wp-json\/wp\/v2\/media\/38938"}],"wp:attachment":[{"href":"https:\/\/euapp01.newsmemory.com\/lamarseillaise\/news\/wp-json\/wp\/v2\/media?parent=38937"}],"wp:term":[{"taxonomy":"category","embeddable":true,"href":"https:\/\/euapp01.newsmemory.com\/lamarseillaise\/news\/wp-json\/wp\/v2\/categories?post=38937"},{"taxonomy":"post_tag","embeddable":true,"href":"https:\/\/euapp01.newsmemory.com\/lamarseillaise\/news\/wp-json\/wp\/v2\/tags?post=38937"},{"taxonomy":"news-destination","embeddable":true,"href":"https:\/\/euapp01.newsmemory.com\/lamarseillaise\/news\/wp-json\/wp\/v2\/news-destination?post=38937"},{"taxonomy":"news-source","embeddable":true,"href":"https:\/\/euapp01.newsmemory.com\/lamarseillaise\/news\/wp-json\/wp\/v2\/news-source?post=38937"},{"taxonomy":"is_homepage","embeddable":true,"href":"https:\/\/euapp01.newsmemory.com\/lamarseillaise\/news\/wp-json\/wp\/v2\/is_homepage?post=38937"},{"taxonomy":"ta_other","embeddable":true,"href":"https:\/\/euapp01.newsmemory.com\/lamarseillaise\/news\/wp-json\/wp\/v2\/ta_other?post=38937"}],"curies":[{"name":"wp","href":"https:\/\/api.w.org\/{rel}","templated":true}]}}