{"id":38931,"date":"2026-08-10T08:21:00","date_gmt":"2026-08-10T06:21:00","guid":{"rendered":"https:\/\/euapp01.newsmemory.com\/lamarseillaise\/news\/?p=38931"},"modified":"2026-08-17T07:47:07","modified_gmt":"2026-08-17T05:47:07","slug":"quand-les-chauffeurs-vtc-se-ruent-sur-les-stations-balneaires","status":"publish","type":"post","link":"https:\/\/euapp01.newsmemory.com\/lamarseillaise\/news\/2026\/08\/10\/quand-les-chauffeurs-vtc-se-ruent-sur-les-stations-balneaires\/","title":{"rendered":"Quand les chauffeurs VTC se ruent sur les stations baln\u00e9aires"},"content":{"rendered":"<div class=\"paragraph\">\n<p>V<i>iolences verbales et physiques entre conducteurs, d\u00e9lits routiers, escroquerie envers la client\u00e8le&#8230;<\/i><i>\u00a0<\/i>\u00bb C\u2019est le constat \u00e9tabli par la pr\u00e9fecture du Var apr\u00e8s les remont\u00e9es de terrain des communes de Saint-Tropez et de Ramatuelle et des professionnels locaux aux prises avec une tr\u00e8s \u00ab\u00a0importante pr\u00e9sence de VTC ext\u00e9rieurs \u00e0 la r\u00e9gion\u00a0\u00bb, pr\u00e9cise-t-elle.<\/p>\n<p>Aussi, \u00ab\u00a0<i>ces deux communes en lien avec les services de l\u2019\u00c9tat ont mis en place des mesures de police administrative pour r\u00e9guler le transport payant de personnes et limiter l\u2019augmentation du trafic automobile dans le centre-ville et sur la route des plages<\/i><i>\u00a0<\/i>\u00bb, indique le repr\u00e9sentant de l\u2019\u00c9tat. L\u2019afflux de VTC ext\u00e9rieurs, est consid\u00e9r\u00e9 par les locaux comme \u00ab\u00a0<i>une concurrence d\u00e9loyale<\/i>\u00a0\u00bb d\u2019autant qu\u2019un certain nombre ne respectent pas la r\u00e9glementation. De r\u00e9centes op\u00e9rations de contr\u00f4le ont donn\u00e9 lieu \u00e0 des dizaines de constats d\u2019infraction dans le golfe de Saint-Tropez depuis le premier juin\u00a0: maraude irr\u00e9guli\u00e8re, absence de signal\u00e9tique ou de vignette, non-apparition de la carte professionnelle ou du macaron ou, carr\u00e9ment, exercice ill\u00e9gal de la profession, sans omettre les infractions au code de la route&#8230; Face \u00e0 cette situation, la sous-pr\u00e9f\u00e8te de Draguignan recevra ce lundi les repr\u00e9sentants de l\u2019union des VTC 06-83 pour r\u00e9fl\u00e9chir \u00e0 des pistes d\u2019actions.<\/p>\n<\/p><\/div>\n","protected":false},"excerpt":{"rendered":"Violences verbales et physiques entre conducteurs, d&eacute;lits routiers, escroquerie envers la client&egrave;le&#8230;&nbsp;&raquo; C&rsquo;est le constat &eacute;tabli par la pr&eacute;fecture du Var apr&egrave;s les remont&eacute;es de terrain des &#8230;","protected":false},"author":1,"featured_media":38932,"comment_status":"open","ping_status":"open","sticky":false,"template":"","format":"standard","meta":{"footnotes":""},"categories":[3926,3925,338,20],"tags":[181,1903,1420,2294,1900,888,763,1131,3550,3069,666,31,272,1175,3514],"news-destination":[3944],"news-source":[475],"is_homepage":[],"ta_other":[],"class_list":["post-38931","post","type-post","status-publish","format-standard","has-post-thumbnail","hentry","category-accueil-merge","category-accueil-third","category-economie","category-societe","tag-centre-ville","tag-chauffeurs","tag-circulation","tag-concurrence-deloyale","tag-etat","tag-plages","tag-police","tag-prefecture","tag-saint-tropez","tag-sous-prefet","tag-transports","tag-var","tag-violences","tag-voitures","tag-vtc","news-destination-homepage","news-source-website"],"_links":{"self":[{"href":"https:\/\/euapp01.newsmemory.com\/lamarseillaise\/news\/wp-json\/wp\/v2\/posts\/38931","targetHints":{"allow":["GET"]}}],"collection":[{"href":"https:\/\/euapp01.newsmemory.com\/lamarseillaise\/news\/wp-json\/wp\/v2\/posts"}],"about":[{"href":"https:\/\/euapp01.newsmemory.com\/lamarseillaise\/news\/wp-json\/wp\/v2\/types\/post"}],"author":[{"embeddable":true,"href":"https:\/\/euapp01.newsmemory.com\/lamarseillaise\/news\/wp-json\/wp\/v2\/users\/1"}],"replies":[{"embeddable":true,"href":"https:\/\/euapp01.newsmemory.com\/lamarseillaise\/news\/wp-json\/wp\/v2\/comments?post=38931"}],"version-history":[{"count":1,"href":"https:\/\/euapp01.newsmemory.com\/lamarseillaise\/news\/wp-json\/wp\/v2\/posts\/38931\/revisions"}],"predecessor-version":[{"id":38933,"href":"https:\/\/euapp01.newsmemory.com\/lamarseillaise\/news\/wp-json\/wp\/v2\/posts\/38931\/revisions\/38933"}],"wp:featuredmedia":[{"embeddable":true,"href":"https:\/\/euapp01.newsmemory.com\/lamarseillaise\/news\/wp-json\/wp\/v2\/media\/38932"}],"wp:attachment":[{"href":"https:\/\/euapp01.newsmemory.com\/lamarseillaise\/news\/wp-json\/wp\/v2\/media?parent=38931"}],"wp:term":[{"taxonomy":"category","embeddable":true,"href":"https:\/\/euapp01.newsmemory.com\/lamarseillaise\/news\/wp-json\/wp\/v2\/categories?post=38931"},{"taxonomy":"post_tag","embeddable":true,"href":"https:\/\/euapp01.newsmemory.com\/lamarseillaise\/news\/wp-json\/wp\/v2\/tags?post=38931"},{"taxonomy":"news-destination","embeddable":true,"href":"https:\/\/euapp01.newsmemory.com\/lamarseillaise\/news\/wp-json\/wp\/v2\/news-destination?post=38931"},{"taxonomy":"news-source","embeddable":true,"href":"https:\/\/euapp01.newsmemory.com\/lamarseillaise\/news\/wp-json\/wp\/v2\/news-source?post=38931"},{"taxonomy":"is_homepage","embeddable":true,"href":"https:\/\/euapp01.newsmemory.com\/lamarseillaise\/news\/wp-json\/wp\/v2\/is_homepage?post=38931"},{"taxonomy":"ta_other","embeddable":true,"href":"https:\/\/euapp01.newsmemory.com\/lamarseillaise\/news\/wp-json\/wp\/v2\/ta_other?post=38931"}],"curies":[{"name":"wp","href":"https:\/\/api.w.org\/{rel}","templated":true}]}}