{"id":38925,"date":"2026-08-10T08:33:00","date_gmt":"2026-08-10T06:33:00","guid":{"rendered":"https:\/\/euapp01.newsmemory.com\/lamarseillaise\/news\/?p=38925"},"modified":"2026-08-17T07:55:07","modified_gmt":"2026-08-17T05:55:07","slug":"cest-lete-des-centaines-de-minots-en-stage-sports-ete-a-gardanne","status":"publish","type":"post","link":"https:\/\/euapp01.newsmemory.com\/lamarseillaise\/news\/2026\/08\/10\/cest-lete-des-centaines-de-minots-en-stage-sports-ete-a-gardanne\/","title":{"rendered":"[C\u2019est l\u2019\u00e9t\u00e9] Des centaines de minots en stage \u00ab&nbsp;sports \u00e9t\u00e9&nbsp;\u00bb \u00e0 Gardanne"},"content":{"rendered":"<div class=\"paragraph\">\n<p>Les couloirs du complexe sportif grouillent de vie, les minots entre 3 et 14\u00a0ans, gourdes \u00e0 la main, se pressent jusqu\u2019\u00e0 la prochaine salle o\u00f9 animateurs et activit\u00e9s les attendent. Sourire et sport sont au programme pour les plus de 160\u00a0enfants en stage, au gymnase COSEC du Pesquier \u00e0 Gardanne.<\/p>\n<p>Accueillis de 9h \u00e0 18h, les inscrits s\u2019adonnent \u00e0 toutes sortes d\u2019activit\u00e9s. \u00ab\u00a0<i>On essaie de proposer des sports diff\u00e9rents de ceux qu\u2019ils pratiquent toute l\u2019ann\u00e9e. Si on les \u00e9coutait, on ferait du foot tout le temps<\/i>\u00a0\u00bb, r\u00e9v\u00e8le Oc\u00e9ane Portmann, directrice adjointe du CLES. Effectivement, entre le roller, le baseball, l\u2019ultimate ou le double dutch, qui consiste \u00e0 sauter entre deux cordes qui tournent en alternance, les enfants ont de quoi \u00eatre d\u00e9boussol\u00e9s.<\/p>\n<p>\u00ab<i>\u00a0<\/i><i>Au total, pour les semaines les plus charg\u00e9es, on emploie 24<\/i><i>\u00a0<\/i><i>animateurs<\/i>\u00a0\u00bb, rapporte Oc\u00e9ane Portmann. Avec un prix entre 25 et 35\u00a0euros la semaine, selon le revenu du foyer, le \u00ab\u00a0Sport \u00e9t\u00e9\u00a0\u00bb souffre de son succ\u00e8s\u00a0: \u00ab\u00a0<i>On a d\u00fb refuser beaucoup de monde, on n\u2019a pas assez d\u2019animateurs<\/i>\u00a0\u00bb, avoue Sihem Belardi, directrice du Club de loisirs.<\/p>\n<p>C\u2019est la 51<sup>e<\/sup> ann\u00e9e que le stage accessible \u00e0 tous est propos\u00e9 en \u00e9t\u00e9, mais \u00ab\u00a0<i>c\u2019est la premi\u00e8re fois que les enfants sont pris en charge la journ\u00e9e compl\u00e8te<\/i>\u00a0\u00bb, d\u00e9taille la directrice. Un changement qui permet de soulager les parents pour la journ\u00e9e enti\u00e8re. \u00ab\u00a0<i>Tellement appr\u00e9ci\u00e9<\/i>\u00a0\u00bb, confie-t-elle, que \u00ab\u00a0<i>cette ann\u00e9e, on a eu des enfants qui viennent de Marignane ou de Plan-de-Cuques, m\u00eame si la majorit\u00e9 sont des Gardannais ou des villages adjacents<\/i>\u00a0\u00bb.<\/p>\n<\/p><\/div>\n<div class=\"intext\"> \u00ab\u00a0Il fait chaud et l\u2019eau du gymnase est non potable\u00a0\u00bb\n              <\/div>\n<div class=\"paragraph\">\n<p>Dans l\u2019enceinte du gymnase vieillissant, la mauvaise isolation de l\u2019infrastructure de la ville se fait sentir en plein mois d\u2019ao\u00fbt. Pour pallier cela, les sorties piscine sont assez fr\u00e9quentes, comme des sorties dans la fra\u00eecheur des calanques. Mais un probl\u00e8me important persiste\u00a0: \u00ab<i>\u00a0<\/i><i>L\u2019eau du robinet est jaune, elle sort chaude, avec des traces de rouille, donc les enfants se plaignent logiquement de maux de ventre<\/i>\u00a0\u00bb, d\u00e9plore Oc\u00e9ane Portmann. La ville, alert\u00e9e du probl\u00e8me, a cependant d\u00e9clar\u00e9 l\u2019eau potable. \u00ab\u00a0<i>On ne laisse pas boire les enfants, alors on a d\u00fb d\u00e9penser 700<\/i><i>\u00a0<\/i><i>euros, pour une fontaine et 900<\/i><i>\u00a0<\/i><i>litres d\u2019eau<\/i>\u00a0\u00bb, affirme la directrice. Pas de quoi dissuader les centaines d\u2019enfants de passer d\u2019excellentes vacances au centre de loisirs.<\/p>\n<\/p><\/div>\n","protected":false},"excerpt":{"rendered":"Les couloirs du complexe sportif grouillent de vie, les minots entre 3 et 14&nbsp;ans, gourdes &agrave; la main, se pressent jusqu&rsquo;&agrave; la prochaine salle o&ugrave; animateurs et activit&eacute;s les attendent. Sourire et sport sont au &#8230;","protected":false},"author":1,"featured_media":38926,"comment_status":"open","ping_status":"open","sticky":false,"template":"","format":"standard","meta":{"footnotes":""},"categories":[3926,3925,20],"tags":[100,70,10,6085,2443,57,336,831,59,18],"news-destination":[3944],"news-source":[475],"is_homepage":[],"ta_other":[],"class_list":["post-38925","post","type-post","status-publish","format-standard","has-post-thumbnail","hentry","category-accueil-merge","category-accueil-third","category-societe","tag-activites","tag-adolescents","tag-bouches-du-rhone","tag-cest-lete","tag-centre-de-loisirs","tag-enfants","tag-ete","tag-gardanne","tag-jeunes","tag-sports","news-destination-homepage","news-source-website"],"_links":{"self":[{"href":"https:\/\/euapp01.newsmemory.com\/lamarseillaise\/news\/wp-json\/wp\/v2\/posts\/38925","targetHints":{"allow":["GET"]}}],"collection":[{"href":"https:\/\/euapp01.newsmemory.com\/lamarseillaise\/news\/wp-json\/wp\/v2\/posts"}],"about":[{"href":"https:\/\/euapp01.newsmemory.com\/lamarseillaise\/news\/wp-json\/wp\/v2\/types\/post"}],"author":[{"embeddable":true,"href":"https:\/\/euapp01.newsmemory.com\/lamarseillaise\/news\/wp-json\/wp\/v2\/users\/1"}],"replies":[{"embeddable":true,"href":"https:\/\/euapp01.newsmemory.com\/lamarseillaise\/news\/wp-json\/wp\/v2\/comments?post=38925"}],"version-history":[{"count":1,"href":"https:\/\/euapp01.newsmemory.com\/lamarseillaise\/news\/wp-json\/wp\/v2\/posts\/38925\/revisions"}],"predecessor-version":[{"id":38927,"href":"https:\/\/euapp01.newsmemory.com\/lamarseillaise\/news\/wp-json\/wp\/v2\/posts\/38925\/revisions\/38927"}],"wp:featuredmedia":[{"embeddable":true,"href":"https:\/\/euapp01.newsmemory.com\/lamarseillaise\/news\/wp-json\/wp\/v2\/media\/38926"}],"wp:attachment":[{"href":"https:\/\/euapp01.newsmemory.com\/lamarseillaise\/news\/wp-json\/wp\/v2\/media?parent=38925"}],"wp:term":[{"taxonomy":"category","embeddable":true,"href":"https:\/\/euapp01.newsmemory.com\/lamarseillaise\/news\/wp-json\/wp\/v2\/categories?post=38925"},{"taxonomy":"post_tag","embeddable":true,"href":"https:\/\/euapp01.newsmemory.com\/lamarseillaise\/news\/wp-json\/wp\/v2\/tags?post=38925"},{"taxonomy":"news-destination","embeddable":true,"href":"https:\/\/euapp01.newsmemory.com\/lamarseillaise\/news\/wp-json\/wp\/v2\/news-destination?post=38925"},{"taxonomy":"news-source","embeddable":true,"href":"https:\/\/euapp01.newsmemory.com\/lamarseillaise\/news\/wp-json\/wp\/v2\/news-source?post=38925"},{"taxonomy":"is_homepage","embeddable":true,"href":"https:\/\/euapp01.newsmemory.com\/lamarseillaise\/news\/wp-json\/wp\/v2\/is_homepage?post=38925"},{"taxonomy":"ta_other","embeddable":true,"href":"https:\/\/euapp01.newsmemory.com\/lamarseillaise\/news\/wp-json\/wp\/v2\/ta_other?post=38925"}],"curies":[{"name":"wp","href":"https:\/\/api.w.org\/{rel}","templated":true}]}}