{"id":38922,"date":"2026-08-10T08:38:00","date_gmt":"2026-08-10T06:38:00","guid":{"rendered":"https:\/\/euapp01.newsmemory.com\/lamarseillaise\/news\/?p=38922"},"modified":"2026-08-17T08:12:22","modified_gmt":"2026-08-17T06:12:22","slug":"entretien-amine-kessaci-les-jeunes-ont-aussi-besoin-de-vivre-et-de-respirer","status":"publish","type":"post","link":"https:\/\/euapp01.newsmemory.com\/lamarseillaise\/news\/2026\/08\/10\/entretien-amine-kessaci-les-jeunes-ont-aussi-besoin-de-vivre-et-de-respirer\/","title":{"rendered":"[Entretien] Amine Kessaci : \u00ab&nbsp;Les jeunes ont aussi besoin de vivre et de respirer&nbsp;\u00bb"},"content":{"rendered":"<div class=\"paragraph\">\n<p>Figure de la lutte contre le narcotrafic, le jeune \u00e9lu \u00e9cologiste a commenc\u00e9 \u00e0 mettre en pratique un projet pour la jeunesse dont il mart\u00e8le que la Ville a fait une priorit\u00e9.<\/p>\n<p>La Marseillaise\u00a0: <b>Quand les \u00e9ducateurs vous transmettent leur rapport, que devient-il<\/b><b>\u00a0<\/b><b>? <\/b><\/p>\n<p>Amine Kessaci\u00a0: Je le fais suivre \u00e0 la fois au CLSPDR et au service pr\u00e9vention de la d\u00e9linquance, qui ont les associations qu\u2019on a d\u00e9j\u00e0 mandat\u00e9es et avec qui on a d\u00e9march\u00e9 pour accompagner des jeunes, trouver des solutions emploi, etc. Et justement, ce que je suis en train de cr\u00e9er depuis mon arriv\u00e9e, c\u2019est une coordination entre les services, pour que, d\u00e8s qu\u2019on a des remont\u00e9es comme celle-ci, on ait quelqu\u2019un qui puisse justement faire le suivi, relancer, proposer des entretiens, des rendez-vous. Car j\u2019ai constat\u00e9 \u00e0 mon arriv\u00e9e, qu\u2019il n\u2019y avait pas de coordination entre les remont\u00e9es terrain et le suivi de ces demandes. Jeunesse, pr\u00e9vention de la d\u00e9linquance et CLSPDR, les trois services qui sont sous ma d\u00e9l\u00e9gation travailleront ensemble.<\/p>\n<p><b>De quels moyens et budget disposez-vous pour ce faire<\/b><b>\u00a0<\/b><b>? <\/b><\/p>\n<p>A.K.\u00a0: En tant que pr\u00e9sident du CLSPDR, le procureur de la R\u00e9publique est le premier vice-pr\u00e9sident et peut nous donner les moyens niveau justice. On a la pr\u00e9f\u00e8te de police qui est \u00e9galement vice-pr\u00e9sidente et les structures sociales qui font les accompagnements. La Mission locale peut prendre le relais. Quand il s\u2019agit de questions d\u2019addictologie, on a des associations sp\u00e9cialis\u00e9es. Marseille Habitat en tant que bailleur social peut aussi faire le lien, d\u00e9bloquer les situations. Ces dispositifs existaient d\u00e9j\u00e0, je ne cr\u00e9e rien de nouveau, ce que j\u2019apporte c\u2019est la coordination. Niveau financier, nous sommes sous le coup des restrictions, la situation de la m\u00e9tropole nous met dans une situation inconfortable mais le maire l\u2019a assur\u00e9, la jeunesse reste une priorit\u00e9.<\/p>\n<p><b>Avez-vous des objectifs pr\u00e9cis<\/b><b>\u00a0<\/b><b>?<\/b><\/p>\n<p>A.K.\u00a0: Avec le maire, on s\u2019est fix\u00e9 deux lignes sur les politiques jeunesse. Premi\u00e8rement, prot\u00e9ger les jeunes Marseillais face \u00e0 l\u2019entr\u00e9e dans les narcotrafics, au mal-logement, au manque d\u2019information, de formation, d\u2019emploi, de dispositifs d\u2019insertion. Le deuxi\u00e8me objectif, c\u2019est de faire r\u00eaver la jeunesse, de permettre aux jeunes Marseillaises et Marseillais de pouvoir faire la f\u00eate, s\u2019amuser. On se rend compte, qu\u2019on est juste sur de l\u2019action sociale, d\u2019urgence, ce qui est important et n\u00e9cessaire, mais les jeunes ont aussi besoin de respirer, de vivre. C\u2019est quelque chose qu\u2019on a oubli\u00e9, notamment depuis le Covid. C\u2019est pour \u00e7a aussi qu\u2019on a lanc\u00e9 le dispositif \u00ab\u00a0Vacances pour tous\u00a0\u00bb qu\u2019on a pilot\u00e9 avec Farida Benaouda [DVG, conseill\u00e8re municipale d\u00e9l\u00e9gu\u00e9e en charge des vacances pour tous et des cit\u00e9s \u00e9ducatives, Ndlr.] et Hassan Guenfici [DVG, adjoint au maire, en charge des centres sociaux et de l\u2019\u00e9ducation populaire]. La semaine derni\u00e8re je me suis rendu \u00e0 La Paternelle (14<sup>e<\/sup>), pour un d\u00e9part en car des familles. Ces derni\u00e8res sont meurtries, m\u00eame si elles n\u2019ont peut-\u00eatre pas perdu des proches dans leur chair, elles ont en tout cas vu la guerre de la drogue de tr\u00e8s pr\u00e8s en 2023. Aujourd\u2019hui elles peuvent partir, profiter d\u2019une journ\u00e9e \u00e0 l\u2019ext\u00e9rieur gr\u00e2ce au dispositif \u00ab\u00a0s\u2019\u00e9vader\u00a0\u00bb, men\u00e9 avec ma coll\u00e8gue Anne-Sophie Sidani [PS, conseill\u00e8re municipale d\u00e9l\u00e9gu\u00e9e \u00e0 la politique de la ville].<\/p>\n<p><b>Peut-on d\u00e9j\u00e0 tirer un premier bilan de votre action, cinq mois apr\u00e8s avoir \u00e9t\u00e9 \u00e9lu<\/b><b>\u00a0<\/b><b>? <\/b><\/p>\n<p>A.D.\u00a0: Nous sommes en train de mettre en place toutes ces actions de coordination et de lancer une nouvelle dynamique au sein du CLSPDR. Sur le d\u00e9crochage scolaire par exemple, on attendait que le jeune ait plusieurs centaines d\u2019heures de d\u00e9crochage scolaire pour le convoquer et pour mettre en place des dispositifs. Maintenant on agit d\u00e8s le d\u00e9part. D\u00e8s qu\u2019on voit qu\u2019il y a des jeunes qui commencent \u00e0 avoir beaucoup d\u2019heures d\u2019absence r\u00e9p\u00e9t\u00e9es sans justification, l\u2019\u00c9ducation nationale et le procureur de la R\u00e9publique nous saisissent pour justement \u00e9viter aux familles les placements, les actions judiciaires. Et on r\u00e9unit ces jeunes avec leurs parents, les deux parents. On met en place aussi un accompagnement social. Avec des associations qu\u2019on mandate, qu\u2019on finance et \u00e0 qui on demande de faire le suivi avec un bilan un mois apr\u00e8s pour voir si le jeune est retourn\u00e9 \u00e0 l\u2019\u00e9cole.<\/p>\n<p><b>C\u2019est un travail de dentelle<\/b><b>\u00a0<\/b><b>? <\/b><\/p>\n<p>A.K.\u00a0: Oui et franchement c\u2019est n\u00e9cessaire. Les jeunes ont besoin aussi de voir un jeune comme eux en face. Piloter au niveau \u00ab\u00a0macro\u00a0\u00bb, c\u2019est tr\u00e8s bien et cela fait partie \u00e9videmment de mon r\u00f4le, mais la proximit\u00e9 \u00e7a a toujours \u00e9t\u00e9 ma marque et je compte bien continuer.<\/p>\n<\/p><\/div>\n","protected":false},"excerpt":{"rendered":"Figure de la lutte contre le narcotrafic, le jeune &eacute;lu &eacute;cologiste a commenc&eacute; &agrave; mettre en pratique un projet pour la jeunesse dont il mart&egrave;le que la Ville a fait une priorit&eacute;.","protected":false},"author":1,"featured_media":38923,"comment_status":"open","ping_status":"open","sticky":false,"template":"","format":"standard","meta":{"footnotes":""},"categories":[3926,3925,330,20],"tags":[964,2343,138,510,10,430,2220,1753,410,302,753,343,913,505,1120,59,1063,752,3183,16,535,671,1524,1188,268,431,4474,111,2060,1361,99],"news-destination":[3944],"news-source":[475],"is_homepage":[],"ta_other":[],"class_list":["post-38922","post","type-post","status-publish","format-standard","has-post-thumbnail","hentry","category-accueil-merge","category-accueil-third","category-politique","category-societe","tag-accompagnement","tag-amine-kessaci","tag-associations","tag-bailleurs-sociaux","tag-bouches-du-rhone","tag-budget","tag-delinquance","tag-educateurs","tag-education","tag-emploi","tag-emplois","tag-entretien","tag-finances","tag-formation","tag-insertion","tag-jeunes","tag-jeunesse","tag-maire","tag-mal-logement","tag-marseille","tag-metropole","tag-metropole-aix-marseille","tag-mission-locale","tag-moyens","tag-narcotrafic","tag-prevention","tag-radicalisation","tag-securite","tag-trafic-de-stupefiants","tag-vacances","tag-ville-de-marseille","news-destination-homepage","news-source-website"],"_links":{"self":[{"href":"https:\/\/euapp01.newsmemory.com\/lamarseillaise\/news\/wp-json\/wp\/v2\/posts\/38922","targetHints":{"allow":["GET"]}}],"collection":[{"href":"https:\/\/euapp01.newsmemory.com\/lamarseillaise\/news\/wp-json\/wp\/v2\/posts"}],"about":[{"href":"https:\/\/euapp01.newsmemory.com\/lamarseillaise\/news\/wp-json\/wp\/v2\/types\/post"}],"author":[{"embeddable":true,"href":"https:\/\/euapp01.newsmemory.com\/lamarseillaise\/news\/wp-json\/wp\/v2\/users\/1"}],"replies":[{"embeddable":true,"href":"https:\/\/euapp01.newsmemory.com\/lamarseillaise\/news\/wp-json\/wp\/v2\/comments?post=38922"}],"version-history":[{"count":1,"href":"https:\/\/euapp01.newsmemory.com\/lamarseillaise\/news\/wp-json\/wp\/v2\/posts\/38922\/revisions"}],"predecessor-version":[{"id":38924,"href":"https:\/\/euapp01.newsmemory.com\/lamarseillaise\/news\/wp-json\/wp\/v2\/posts\/38922\/revisions\/38924"}],"wp:featuredmedia":[{"embeddable":true,"href":"https:\/\/euapp01.newsmemory.com\/lamarseillaise\/news\/wp-json\/wp\/v2\/media\/38923"}],"wp:attachment":[{"href":"https:\/\/euapp01.newsmemory.com\/lamarseillaise\/news\/wp-json\/wp\/v2\/media?parent=38922"}],"wp:term":[{"taxonomy":"category","embeddable":true,"href":"https:\/\/euapp01.newsmemory.com\/lamarseillaise\/news\/wp-json\/wp\/v2\/categories?post=38922"},{"taxonomy":"post_tag","embeddable":true,"href":"https:\/\/euapp01.newsmemory.com\/lamarseillaise\/news\/wp-json\/wp\/v2\/tags?post=38922"},{"taxonomy":"news-destination","embeddable":true,"href":"https:\/\/euapp01.newsmemory.com\/lamarseillaise\/news\/wp-json\/wp\/v2\/news-destination?post=38922"},{"taxonomy":"news-source","embeddable":true,"href":"https:\/\/euapp01.newsmemory.com\/lamarseillaise\/news\/wp-json\/wp\/v2\/news-source?post=38922"},{"taxonomy":"is_homepage","embeddable":true,"href":"https:\/\/euapp01.newsmemory.com\/lamarseillaise\/news\/wp-json\/wp\/v2\/is_homepage?post=38922"},{"taxonomy":"ta_other","embeddable":true,"href":"https:\/\/euapp01.newsmemory.com\/lamarseillaise\/news\/wp-json\/wp\/v2\/ta_other?post=38922"}],"curies":[{"name":"wp","href":"https:\/\/api.w.org\/{rel}","templated":true}]}}