{"id":38919,"date":"2026-08-10T08:14:00","date_gmt":"2026-08-10T06:14:00","guid":{"rendered":"https:\/\/euapp01.newsmemory.com\/lamarseillaise\/news\/?p=38919"},"modified":"2026-08-17T07:47:07","modified_gmt":"2026-08-17T05:47:07","slug":"sadako-sasaki-et-ses-mille-grues-aux-correspondances-de-manosque","status":"publish","type":"post","link":"https:\/\/euapp01.newsmemory.com\/lamarseillaise\/news\/2026\/08\/10\/sadako-sasaki-et-ses-mille-grues-aux-correspondances-de-manosque\/","title":{"rendered":"Sadako Sasaki et ses mille grues aux Correspondances de Manosque"},"content":{"rendered":"<div class=\"paragraph\">\n<p>\u00c0 quelques semaines des Correspondances de Manosque (23-27 septembre), les militants du Mouvement de la Paix peaufinent leur participation \u00e0 l\u2019un des grands rendez-vous culturels de la rentr\u00e9e. R\u00e9unis d\u00e9but ao\u00fbt, en cette p\u00e9riode de comm\u00e9moration des bombardements de Nagasaki et Hiroshima, les membres du comit\u00e9 de Manosque et ses environs, ont pr\u00e9par\u00e9 leurs futures rencontres avec le public qui se feront autour d\u2019un livre sur les mille grues.<\/p>\n<\/p><\/div>\n<div class=\"intext\"> R\u00e9ponse de paix\n              <\/div>\n<div class=\"paragraph\">\n<p>Lors de cette r\u00e9union de travail, Fran\u00e7ois Bettus a pr\u00e9sent\u00e9 l\u2019ouvrage aux participants. \u00ab\u00a0<i>L\u2019objet est d\u2019aborder une r\u00e9ponse de paix dans un monde belliciste o\u00f9 montent les risques de guerre<\/i><i>\u00a0<\/i>\u00bb, a-t-il expliqu\u00e9. Si de nombreux ouvrages ont popularis\u00e9 la l\u00e9gende des mille grues, <i>L\u2019histoire authentique de Sadako Sasaki et des mille grues<\/i> s\u2019en distingue par son approche documentaire.<\/p>\n<p>\u00c9crit par Sue DiCicco avec Masahiro Sasaki, le fr\u00e8re de Sadako, il retrace \u00e0 partir de t\u00e9moignages familiaux le destin authentique de Sadako, victime indirecte du bombardement atomique d\u2019Hiroshima. \u00c2g\u00e9e de deux ans lors de l\u2019explosion de la bombe en 1945, elle d\u00e9veloppera dix\u00a0ans plus tard une leuc\u00e9mie li\u00e9e aux radiations. Avant sa disparition \u00e0 seulement douze\u00a0ans, elle confectionnera plus d\u2019un millier de grues en papier, inspir\u00e9e d\u2019une l\u00e9gende japonaise selon laquelle la r\u00e9alisation de mille grues permet de voir son v\u0153u exauc\u00e9.<\/p>\n<p>Cette biographie restitue le parcours de cette jeune survivante devenue un symbole mondial de paix et de lutte contre l\u2019arme nucl\u00e9aire. Au Japon, la grue, ou tsuru, est associ\u00e9e \u00e0 la long\u00e9vit\u00e9, \u00e0 la sagesse et \u00e0 la paix. L\u2019histoire de la jeune fille a travers\u00e9 les fronti\u00e8res et fait aujourd\u2019hui partie des r\u00e9cits embl\u00e9matiques du combat contre la guerre nucl\u00e9aire. Le Mouvement de la Paix entend s\u2019appuyer sur cette histoire pour sensibiliser le public et les plus jeunes puisqu\u2019une action compl\u00e9mentaire est envisag\u00e9e dans les \u00e9coles du territoire.<\/p>\n<p>Le comit\u00e9 local install\u00e9 \u00e0 la Maison des associations de Manosque, s\u2019inscrit dans l\u2019histoire du Mouvement de la Paix, n\u00e9 en 1948 et engag\u00e9 en faveur du r\u00e8glement pacifique des conflits et de la promotion d\u2019une culture de paix. Avec un objectif : d\u00e9fendre les valeurs de dialogue, de solidarit\u00e9 et de coop\u00e9ration internationale.<\/p>\n<p>Les militants du comit\u00e9 local seront pr\u00e9sents sur les Correspondances les jeudi\u00a024 et samedi 26\u00a0septembre \u00e0 la salle annexe du Caf\u00e9 du coin. Ils proposeront des lectures d\u2019extraits du livre ainsi qu\u2019un atelier d\u2019origami permettant au public de r\u00e9aliser ces fameuses grues en papier. Une mani\u00e8re originale d\u2019associer litt\u00e9rature, m\u00e9moire et engagement citoyen et de rappeler que les messages de paix port\u00e9s par l\u2019histoire de Sadako Sasaki conservent aujourd\u2019hui toute leur r\u00e9sonance dans un contexte international marqu\u00e9 par de nombreux conflits.<\/p>\n<\/p><\/div>\n","protected":false},"excerpt":{"rendered":"&Agrave; quelques semaines des Correspondances de Manosque (23-27 septembre), les militants du Mouvement de la Paix peaufinent leur participation &agrave; l&rsquo;un des grands rendez-vous culturels de la rentr&eacute;e. R&eacute;unis d&eacute;but &#8230;","protected":false},"author":1,"featured_media":38920,"comment_status":"open","ping_status":"open","sticky":false,"template":"","format":"standard","meta":{"footnotes":""},"categories":[3926,3925,20],"tags":[4768,4467,138,341,1958,920,344],"news-destination":[3944],"news-source":[475],"is_homepage":[],"ta_other":[],"class_list":["post-38919","post","type-post","status-publish","format-standard","has-post-thumbnail","hentry","category-accueil-merge","category-accueil-third","category-societe","tag-alpes","tag-alpes-de-haute-provence","tag-associations","tag-japon","tag-litterature","tag-memoire","tag-mouvement-de-la-paix","news-destination-homepage","news-source-website"],"_links":{"self":[{"href":"https:\/\/euapp01.newsmemory.com\/lamarseillaise\/news\/wp-json\/wp\/v2\/posts\/38919","targetHints":{"allow":["GET"]}}],"collection":[{"href":"https:\/\/euapp01.newsmemory.com\/lamarseillaise\/news\/wp-json\/wp\/v2\/posts"}],"about":[{"href":"https:\/\/euapp01.newsmemory.com\/lamarseillaise\/news\/wp-json\/wp\/v2\/types\/post"}],"author":[{"embeddable":true,"href":"https:\/\/euapp01.newsmemory.com\/lamarseillaise\/news\/wp-json\/wp\/v2\/users\/1"}],"replies":[{"embeddable":true,"href":"https:\/\/euapp01.newsmemory.com\/lamarseillaise\/news\/wp-json\/wp\/v2\/comments?post=38919"}],"version-history":[{"count":1,"href":"https:\/\/euapp01.newsmemory.com\/lamarseillaise\/news\/wp-json\/wp\/v2\/posts\/38919\/revisions"}],"predecessor-version":[{"id":38921,"href":"https:\/\/euapp01.newsmemory.com\/lamarseillaise\/news\/wp-json\/wp\/v2\/posts\/38919\/revisions\/38921"}],"wp:featuredmedia":[{"embeddable":true,"href":"https:\/\/euapp01.newsmemory.com\/lamarseillaise\/news\/wp-json\/wp\/v2\/media\/38920"}],"wp:attachment":[{"href":"https:\/\/euapp01.newsmemory.com\/lamarseillaise\/news\/wp-json\/wp\/v2\/media?parent=38919"}],"wp:term":[{"taxonomy":"category","embeddable":true,"href":"https:\/\/euapp01.newsmemory.com\/lamarseillaise\/news\/wp-json\/wp\/v2\/categories?post=38919"},{"taxonomy":"post_tag","embeddable":true,"href":"https:\/\/euapp01.newsmemory.com\/lamarseillaise\/news\/wp-json\/wp\/v2\/tags?post=38919"},{"taxonomy":"news-destination","embeddable":true,"href":"https:\/\/euapp01.newsmemory.com\/lamarseillaise\/news\/wp-json\/wp\/v2\/news-destination?post=38919"},{"taxonomy":"news-source","embeddable":true,"href":"https:\/\/euapp01.newsmemory.com\/lamarseillaise\/news\/wp-json\/wp\/v2\/news-source?post=38919"},{"taxonomy":"is_homepage","embeddable":true,"href":"https:\/\/euapp01.newsmemory.com\/lamarseillaise\/news\/wp-json\/wp\/v2\/is_homepage?post=38919"},{"taxonomy":"ta_other","embeddable":true,"href":"https:\/\/euapp01.newsmemory.com\/lamarseillaise\/news\/wp-json\/wp\/v2\/ta_other?post=38919"}],"curies":[{"name":"wp","href":"https:\/\/api.w.org\/{rel}","templated":true}]}}